{"id":101,"date":"2023-01-19T11:20:32","date_gmt":"2023-01-19T11:20:32","guid":{"rendered":"https:\/\/taje-shengal.com\/en\/?p=101"},"modified":"2023-01-19T11:20:32","modified_gmt":"2023-01-19T11:20:32","slug":"taje-member-seme-remo-we-will-break-the-chain-of-slavery","status":"publish","type":"post","link":"https:\/\/taje-shengal.com\/en\/2023\/01\/19\/taje-member-seme-remo-we-will-break-the-chain-of-slavery\/","title":{"rendered":"TAJ\u00ca member \u015eem\u00ea Remo: We will break the chain of slavery"},"content":{"rendered":"<p class=\"entry-lead\">Speaking about Iranian regime\u2019s misogynous policies, TAJ\u00ca member \u015eem\u00ea Remo says they will break the chain of slavery by struggling.<\/p>\n<div class=\"row\">\n<div class=\"col-md-6\">\n<div class=\"entry-meta\">\n<p>\u00a0The protests that began following the killing of Mahsa Amini by Iranian morality police continue to spread. The Iranian people have taken to the streets in many Iranian cities to protest the regime by chanting the \u201cJin, jiyan, azad\u00ee (English: Women, Life, Freedom)\u201d slogan. In addition, people all around the world and in four parts of Kurdistan have held protests against the Iranian regime. The Yazidi Free Women&#8217;s Movement (Kurdish: Tevgera Azadiya Jin\u00ean \u00caz\u00eed\u00ee-TAJ\u00ca) member \u015eem\u00ea Remo spoke to NuJINHA about the ongoing protests and said, \u201cThe male-dominant mentality ignoring women is the same as the mentality of ISIS. Both ignore women.\u201d<\/p>\n<p><strong>\u201cWomen suffer from the same cruelty\u201d<\/strong><\/p>\n<p>Commemorating Mahsa Amini and Shiler Rasouli, \u015eem\u00ea Remo said, \u201cWe, as Yazidi women, feel badly for the killing of these two women, like all women around the world. We know that women suffer from the same cruelty. Before the edicts (genocides, massacres), we suffered from slavery and were not liberated. Women have always lived under the control of the patriarchal mentality. After the last edict (the genocide committed against Yazidi by ISIS), we got to know the philosophy of \u00d6calan (Abdullah \u00d6calan) and found the way to freedom.\u201d<\/p>\n<p><strong>\u00a0\u201cWomen are enslaved in the name of religion\u201d<\/strong><\/p>\n<p>Emphasizing that the Iranian regime enslaves women in the name of religion, \u015eem\u00ea Remo said, \u201cIn the name of religion, society is enslaved in the person of women. Why was Mahsa Amini killed in Tehran? The killing of Mahsa Amini by the morality police is a crime against humanity. Men cannot raise their hands to women because women determine their own standards and lifestyle.\u201d<\/p>\n<p><strong>\u201cThe &#8216;Jin, Jiyan, Azadi&#8217; slogan will bring freedom\u201d<\/strong><\/p>\n<p>\u201cThe male-dominant mentality ignores women while the philosophy of Kurdish people&#8217;s leader Abdullah \u00d6calan liberates women,\u201d \u015eem\u00ea Remo said, \u201cThe philosophy of \u00d6calan shows the way for women to be free. He says society cannot be liberated without women&#8217;s liberation. The \u2018Jin,Jiyan, Azadi\u2019 slogan changed in Rojhelat Kurdistan will bring freedom to women.\u201d<\/p>\n<p><strong>\u00a0\u201cWe support the struggle of Iranian women\u201d<\/strong><\/p>\n<p>Underlining that women are subjected to violence all around the world, she said, \u201cEveryone should know that the mentality of those who kill women are the same as the mentality of ISIS. We, as women, will destroy these mentalities. We, as Yazidi women, support the struggle of the women in Iran and Rojhelat. We will break the chain of slavery by struggling.\u201d<\/p>\n<\/div>\n<\/div>\n<\/div>\n","protected":false},"excerpt":{"rendered":"<p>Speaking about Iranian regime\u2019s misogynous policies, TAJ\u00ca member \u015eem\u00ea Remo says they will break the chain of slavery by struggling. \u00a0The protests that began following the killing of Mahsa Amini by Iranian morality police continue to spread. The Iranian people have taken to the streets in many Iranian cities to protest the regime by chanting &hellip;<\/p>\n","protected":false},"author":2,"featured_media":102,"comment_status":"open","ping_status":"open","sticky":false,"template":"","format":"standard","meta":{"footnotes":""},"categories":[9],"tags":[],"class_list":["post-101","post","type-post","status-publish","format-standard","has-post-thumbnail","hentry","category-analysis"],"yoast_head":"<!-- This site is optimized with the Yoast SEO plugin v27.4 - https:\/\/yoast.com\/product\/yoast-seo-wordpress\/ -->\n<title>TAJ\u00ca member \u015eem\u00ea Remo: We will break the chain of slavery -<\/title>\n<meta name=\"robots\" content=\"index, follow, max-snippet:-1, max-image-preview:large, max-video-preview:-1\" \/>\n<link rel=\"canonical\" href=\"https:\/\/taje-shengal.com\/en\/2023\/01\/19\/taje-member-seme-remo-we-will-break-the-chain-of-slavery\/\" \/>\n<meta property=\"og:locale\" content=\"en_US\" \/>\n<meta property=\"og:type\" content=\"article\" \/>\n<meta property=\"og:title\" content=\"TAJ\u00ca member \u015eem\u00ea Remo: We will break the chain of slavery -\" \/>\n<meta property=\"og:description\" content=\"Speaking about Iranian regime\u2019s misogynous policies, TAJ\u00ca member \u015eem\u00ea Remo says they will break the chain of slavery by struggling. \u00a0The protests that began following the killing of Mahsa Amini by Iranian morality police continue to spread. The Iranian people have taken to the streets in many Iranian cities to protest the regime by chanting &hellip;\" \/>\n<meta property=\"og:url\" content=\"https:\/\/taje-shengal.com\/en\/2023\/01\/19\/taje-member-seme-remo-we-will-break-the-chain-of-slavery\/\" \/>\n<meta property=\"article:published_time\" content=\"2023-01-19T11:20:32+00:00\" \/>\n<meta property=\"og:image\" content=\"http:\/\/taje-shengal.com\/en\/wp-content\/uploads\/2023\/01\/seme.jpg\" \/>\n\t<meta property=\"og:image:width\" content=\"990\" \/>\n\t<meta property=\"og:image:height\" content=\"556\" \/>\n\t<meta property=\"og:image:type\" content=\"image\/jpeg\" \/>\n<meta name=\"author\" content=\"admin1\" \/>\n<meta name=\"twitter:card\" content=\"summary_large_image\" \/>\n<meta name=\"twitter:label1\" content=\"Written by\" \/>\n\t<meta name=\"twitter:data1\" content=\"admin1\" \/>\n\t<meta name=\"twitter:label2\" content=\"Est. reading time\" \/>\n\t<meta name=\"twitter:data2\" content=\"2 minutes\" \/>\n<script type=\"application\/ld+json\" class=\"yoast-schema-graph\">{\"@context\":\"https:\\\/\\\/schema.org\",\"@graph\":[{\"@type\":\"Article\",\"@id\":\"https:\\\/\\\/taje-shengal.com\\\/en\\\/2023\\\/01\\\/19\\\/taje-member-seme-remo-we-will-break-the-chain-of-slavery\\\/#article\",\"isPartOf\":{\"@id\":\"https:\\\/\\\/taje-shengal.com\\\/en\\\/2023\\\/01\\\/19\\\/taje-member-seme-remo-we-will-break-the-chain-of-slavery\\\/\"},\"author\":{\"name\":\"admin1\",\"@id\":\"https:\\\/\\\/taje-shengal.com\\\/en\\\/#\\\/schema\\\/person\\\/2421e921b1eabf259c41baa40312571c\"},\"headline\":\"TAJ\u00ca member \u015eem\u00ea Remo: We will break the chain of slavery\",\"datePublished\":\"2023-01-19T11:20:32+00:00\",\"mainEntityOfPage\":{\"@id\":\"https:\\\/\\\/taje-shengal.com\\\/en\\\/2023\\\/01\\\/19\\\/taje-member-seme-remo-we-will-break-the-chain-of-slavery\\\/\"},\"wordCount\":437,\"commentCount\":0,\"image\":{\"@id\":\"https:\\\/\\\/taje-shengal.com\\\/en\\\/2023\\\/01\\\/19\\\/taje-member-seme-remo-we-will-break-the-chain-of-slavery\\\/#primaryimage\"},\"thumbnailUrl\":\"https:\\\/\\\/taje-shengal.com\\\/en\\\/wp-content\\\/uploads\\\/2023\\\/01\\\/seme.jpg\",\"articleSection\":[\"Analysis\"],\"inLanguage\":\"en-US\",\"potentialAction\":[{\"@type\":\"CommentAction\",\"name\":\"Comment\",\"target\":[\"https:\\\/\\\/taje-shengal.com\\\/en\\\/2023\\\/01\\\/19\\\/taje-member-seme-remo-we-will-break-the-chain-of-slavery\\\/#respond\"]}]},{\"@type\":\"WebPage\",\"@id\":\"https:\\\/\\\/taje-shengal.com\\\/en\\\/2023\\\/01\\\/19\\\/taje-member-seme-remo-we-will-break-the-chain-of-slavery\\\/\",\"url\":\"https:\\\/\\\/taje-shengal.com\\\/en\\\/2023\\\/01\\\/19\\\/taje-member-seme-remo-we-will-break-the-chain-of-slavery\\\/\",\"name\":\"TAJ\u00ca member \u015eem\u00ea Remo: We will break the chain of slavery -\",\"isPartOf\":{\"@id\":\"https:\\\/\\\/taje-shengal.com\\\/en\\\/#website\"},\"primaryImageOfPage\":{\"@id\":\"https:\\\/\\\/taje-shengal.com\\\/en\\\/2023\\\/01\\\/19\\\/taje-member-seme-remo-we-will-break-the-chain-of-slavery\\\/#primaryimage\"},\"image\":{\"@id\":\"https:\\\/\\\/taje-shengal.com\\\/en\\\/2023\\\/01\\\/19\\\/taje-member-seme-remo-we-will-break-the-chain-of-slavery\\\/#primaryimage\"},\"thumbnailUrl\":\"https:\\\/\\\/taje-shengal.com\\\/en\\\/wp-content\\\/uploads\\\/2023\\\/01\\\/seme.jpg\",\"datePublished\":\"2023-01-19T11:20:32+00:00\",\"author\":{\"@id\":\"https:\\\/\\\/taje-shengal.com\\\/en\\\/#\\\/schema\\\/person\\\/2421e921b1eabf259c41baa40312571c\"},\"breadcrumb\":{\"@id\":\"https:\\\/\\\/taje-shengal.com\\\/en\\\/2023\\\/01\\\/19\\\/taje-member-seme-remo-we-will-break-the-chain-of-slavery\\\/#breadcrumb\"},\"inLanguage\":\"en-US\",\"potentialAction\":[{\"@type\":\"ReadAction\",\"target\":[\"https:\\\/\\\/taje-shengal.com\\\/en\\\/2023\\\/01\\\/19\\\/taje-member-seme-remo-we-will-break-the-chain-of-slavery\\\/\"]}]},{\"@type\":\"ImageObject\",\"inLanguage\":\"en-US\",\"@id\":\"https:\\\/\\\/taje-shengal.com\\\/en\\\/2023\\\/01\\\/19\\\/taje-member-seme-remo-we-will-break-the-chain-of-slavery\\\/#primaryimage\",\"url\":\"https:\\\/\\\/taje-shengal.com\\\/en\\\/wp-content\\\/uploads\\\/2023\\\/01\\\/seme.jpg\",\"contentUrl\":\"https:\\\/\\\/taje-shengal.com\\\/en\\\/wp-content\\\/uploads\\\/2023\\\/01\\\/seme.jpg\",\"width\":990,\"height\":556},{\"@type\":\"BreadcrumbList\",\"@id\":\"https:\\\/\\\/taje-shengal.com\\\/en\\\/2023\\\/01\\\/19\\\/taje-member-seme-remo-we-will-break-the-chain-of-slavery\\\/#breadcrumb\",\"itemListElement\":[{\"@type\":\"ListItem\",\"position\":1,\"name\":\"Home\",\"item\":\"https:\\\/\\\/taje-shengal.com\\\/en\\\/\"},{\"@type\":\"ListItem\",\"position\":2,\"name\":\"TAJ\u00ca member \u015eem\u00ea Remo: We will break the chain of slavery\"}]},{\"@type\":\"WebSite\",\"@id\":\"https:\\\/\\\/taje-shengal.com\\\/en\\\/#website\",\"url\":\"https:\\\/\\\/taje-shengal.com\\\/en\\\/\",\"name\":\"\",\"description\":\"\",\"potentialAction\":[{\"@type\":\"SearchAction\",\"target\":{\"@type\":\"EntryPoint\",\"urlTemplate\":\"https:\\\/\\\/taje-shengal.com\\\/en\\\/?s={search_term_string}\"},\"query-input\":{\"@type\":\"PropertyValueSpecification\",\"valueRequired\":true,\"valueName\":\"search_term_string\"}}],\"inLanguage\":\"en-US\"},{\"@type\":\"Person\",\"@id\":\"https:\\\/\\\/taje-shengal.com\\\/en\\\/#\\\/schema\\\/person\\\/2421e921b1eabf259c41baa40312571c\",\"name\":\"admin1\",\"image\":{\"@type\":\"ImageObject\",\"inLanguage\":\"en-US\",\"@id\":\"https:\\\/\\\/secure.gravatar.com\\\/avatar\\\/9ff221bb5ba9a4df61822c0a63c327f8f678c2da389fc8eb391106c49360ddcf?s=96&d=mm&r=g\",\"url\":\"https:\\\/\\\/secure.gravatar.com\\\/avatar\\\/9ff221bb5ba9a4df61822c0a63c327f8f678c2da389fc8eb391106c49360ddcf?s=96&d=mm&r=g\",\"contentUrl\":\"https:\\\/\\\/secure.gravatar.com\\\/avatar\\\/9ff221bb5ba9a4df61822c0a63c327f8f678c2da389fc8eb391106c49360ddcf?s=96&d=mm&r=g\",\"caption\":\"admin1\"},\"url\":\"https:\\\/\\\/taje-shengal.com\\\/en\\\/author\\\/admin1\\\/\"}]}<\/script>\n<!-- \/ Yoast SEO plugin. -->","yoast_head_json":{"title":"TAJ\u00ca member \u015eem\u00ea Remo: We will break the chain of slavery -","robots":{"index":"index","follow":"follow","max-snippet":"max-snippet:-1","max-image-preview":"max-image-preview:large","max-video-preview":"max-video-preview:-1"},"canonical":"https:\/\/taje-shengal.com\/en\/2023\/01\/19\/taje-member-seme-remo-we-will-break-the-chain-of-slavery\/","og_locale":"en_US","og_type":"article","og_title":"TAJ\u00ca member \u015eem\u00ea Remo: We will break the chain of slavery -","og_description":"Speaking about Iranian regime\u2019s misogynous policies, TAJ\u00ca member \u015eem\u00ea Remo says they will break the chain of slavery by struggling. \u00a0The protests that began following the killing of Mahsa Amini by Iranian morality police continue to spread. The Iranian people have taken to the streets in many Iranian cities to protest the regime by chanting &hellip;","og_url":"https:\/\/taje-shengal.com\/en\/2023\/01\/19\/taje-member-seme-remo-we-will-break-the-chain-of-slavery\/","article_published_time":"2023-01-19T11:20:32+00:00","og_image":[{"width":990,"height":556,"url":"http:\/\/taje-shengal.com\/en\/wp-content\/uploads\/2023\/01\/seme.jpg","type":"image\/jpeg"}],"author":"admin1","twitter_card":"summary_large_image","twitter_misc":{"Written by":"admin1","Est. reading time":"2 minutes"},"schema":{"@context":"https:\/\/schema.org","@graph":[{"@type":"Article","@id":"https:\/\/taje-shengal.com\/en\/2023\/01\/19\/taje-member-seme-remo-we-will-break-the-chain-of-slavery\/#article","isPartOf":{"@id":"https:\/\/taje-shengal.com\/en\/2023\/01\/19\/taje-member-seme-remo-we-will-break-the-chain-of-slavery\/"},"author":{"name":"admin1","@id":"https:\/\/taje-shengal.com\/en\/#\/schema\/person\/2421e921b1eabf259c41baa40312571c"},"headline":"TAJ\u00ca member \u015eem\u00ea Remo: We will break the chain of slavery","datePublished":"2023-01-19T11:20:32+00:00","mainEntityOfPage":{"@id":"https:\/\/taje-shengal.com\/en\/2023\/01\/19\/taje-member-seme-remo-we-will-break-the-chain-of-slavery\/"},"wordCount":437,"commentCount":0,"image":{"@id":"https:\/\/taje-shengal.com\/en\/2023\/01\/19\/taje-member-seme-remo-we-will-break-the-chain-of-slavery\/#primaryimage"},"thumbnailUrl":"https:\/\/taje-shengal.com\/en\/wp-content\/uploads\/2023\/01\/seme.jpg","articleSection":["Analysis"],"inLanguage":"en-US","potentialAction":[{"@type":"CommentAction","name":"Comment","target":["https:\/\/taje-shengal.com\/en\/2023\/01\/19\/taje-member-seme-remo-we-will-break-the-chain-of-slavery\/#respond"]}]},{"@type":"WebPage","@id":"https:\/\/taje-shengal.com\/en\/2023\/01\/19\/taje-member-seme-remo-we-will-break-the-chain-of-slavery\/","url":"https:\/\/taje-shengal.com\/en\/2023\/01\/19\/taje-member-seme-remo-we-will-break-the-chain-of-slavery\/","name":"TAJ\u00ca member \u015eem\u00ea Remo: We will break the chain of slavery -","isPartOf":{"@id":"https:\/\/taje-shengal.com\/en\/#website"},"primaryImageOfPage":{"@id":"https:\/\/taje-shengal.com\/en\/2023\/01\/19\/taje-member-seme-remo-we-will-break-the-chain-of-slavery\/#primaryimage"},"image":{"@id":"https:\/\/taje-shengal.com\/en\/2023\/01\/19\/taje-member-seme-remo-we-will-break-the-chain-of-slavery\/#primaryimage"},"thumbnailUrl":"https:\/\/taje-shengal.com\/en\/wp-content\/uploads\/2023\/01\/seme.jpg","datePublished":"2023-01-19T11:20:32+00:00","author":{"@id":"https:\/\/taje-shengal.com\/en\/#\/schema\/person\/2421e921b1eabf259c41baa40312571c"},"breadcrumb":{"@id":"https:\/\/taje-shengal.com\/en\/2023\/01\/19\/taje-member-seme-remo-we-will-break-the-chain-of-slavery\/#breadcrumb"},"inLanguage":"en-US","potentialAction":[{"@type":"ReadAction","target":["https:\/\/taje-shengal.com\/en\/2023\/01\/19\/taje-member-seme-remo-we-will-break-the-chain-of-slavery\/"]}]},{"@type":"ImageObject","inLanguage":"en-US","@id":"https:\/\/taje-shengal.com\/en\/2023\/01\/19\/taje-member-seme-remo-we-will-break-the-chain-of-slavery\/#primaryimage","url":"https:\/\/taje-shengal.com\/en\/wp-content\/uploads\/2023\/01\/seme.jpg","contentUrl":"https:\/\/taje-shengal.com\/en\/wp-content\/uploads\/2023\/01\/seme.jpg","width":990,"height":556},{"@type":"BreadcrumbList","@id":"https:\/\/taje-shengal.com\/en\/2023\/01\/19\/taje-member-seme-remo-we-will-break-the-chain-of-slavery\/#breadcrumb","itemListElement":[{"@type":"ListItem","position":1,"name":"Home","item":"https:\/\/taje-shengal.com\/en\/"},{"@type":"ListItem","position":2,"name":"TAJ\u00ca member \u015eem\u00ea Remo: We will break the chain of slavery"}]},{"@type":"WebSite","@id":"https:\/\/taje-shengal.com\/en\/#website","url":"https:\/\/taje-shengal.com\/en\/","name":"","description":"","potentialAction":[{"@type":"SearchAction","target":{"@type":"EntryPoint","urlTemplate":"https:\/\/taje-shengal.com\/en\/?s={search_term_string}"},"query-input":{"@type":"PropertyValueSpecification","valueRequired":true,"valueName":"search_term_string"}}],"inLanguage":"en-US"},{"@type":"Person","@id":"https:\/\/taje-shengal.com\/en\/#\/schema\/person\/2421e921b1eabf259c41baa40312571c","name":"admin1","image":{"@type":"ImageObject","inLanguage":"en-US","@id":"https:\/\/secure.gravatar.com\/avatar\/9ff221bb5ba9a4df61822c0a63c327f8f678c2da389fc8eb391106c49360ddcf?s=96&d=mm&r=g","url":"https:\/\/secure.gravatar.com\/avatar\/9ff221bb5ba9a4df61822c0a63c327f8f678c2da389fc8eb391106c49360ddcf?s=96&d=mm&r=g","contentUrl":"https:\/\/secure.gravatar.com\/avatar\/9ff221bb5ba9a4df61822c0a63c327f8f678c2da389fc8eb391106c49360ddcf?s=96&d=mm&r=g","caption":"admin1"},"url":"https:\/\/taje-shengal.com\/en\/author\/admin1\/"}]}},"_links":{"self":[{"href":"https:\/\/taje-shengal.com\/en\/wp-json\/wp\/v2\/posts\/101","targetHints":{"allow":["GET"]}}],"collection":[{"href":"https:\/\/taje-shengal.com\/en\/wp-json\/wp\/v2\/posts"}],"about":[{"href":"https:\/\/taje-shengal.com\/en\/wp-json\/wp\/v2\/types\/post"}],"author":[{"embeddable":true,"href":"https:\/\/taje-shengal.com\/en\/wp-json\/wp\/v2\/users\/2"}],"replies":[{"embeddable":true,"href":"https:\/\/taje-shengal.com\/en\/wp-json\/wp\/v2\/comments?post=101"}],"version-history":[{"count":1,"href":"https:\/\/taje-shengal.com\/en\/wp-json\/wp\/v2\/posts\/101\/revisions"}],"predecessor-version":[{"id":103,"href":"https:\/\/taje-shengal.com\/en\/wp-json\/wp\/v2\/posts\/101\/revisions\/103"}],"wp:featuredmedia":[{"embeddable":true,"href":"https:\/\/taje-shengal.com\/en\/wp-json\/wp\/v2\/media\/102"}],"wp:attachment":[{"href":"https:\/\/taje-shengal.com\/en\/wp-json\/wp\/v2\/media?parent=101"}],"wp:term":[{"taxonomy":"category","embeddable":true,"href":"https:\/\/taje-shengal.com\/en\/wp-json\/wp\/v2\/categories?post=101"},{"taxonomy":"post_tag","embeddable":true,"href":"https:\/\/taje-shengal.com\/en\/wp-json\/wp\/v2\/tags?post=101"}],"curies":[{"name":"wp","href":"https:\/\/api.w.org\/{rel}","templated":true}]}}