{"id":292,"date":"2024-04-05T07:17:03","date_gmt":"2024-04-05T07:17:03","guid":{"rendered":"https:\/\/taje-shengal.com\/en\/?p=292"},"modified":"2024-04-05T07:17:03","modified_gmt":"2024-04-05T07:17:03","slug":"program-of-international-campaign-against-feminicide-be-the-voice-of-self-defense","status":"publish","type":"post","link":"https:\/\/taje-shengal.com\/en\/2024\/04\/05\/program-of-international-campaign-against-feminicide-be-the-voice-of-self-defense\/","title":{"rendered":"Program of international campaign &#8220;Against Feminicide &#8211; be the voice of self-defense&#8221;"},"content":{"rendered":"<p class=\"western\" align=\"left\"><span style=\"font-family: times, serif;\"><span lang=\"en-US\">On March 8, 2024, we as the Freedom&#8217;s Movement of \u00cazid\u00ee Women (TAJ\u00ca \/ Tevgera Azadiya Jin\u00ean \u00cazid\u00ee), started the campaign \u201cAgainst feminicide \u2013 be the voice of self-defense\u201d. From International Women\u2019s Day until August 3, 2024, the tenth anniversary of the genocide and feminicide in \u015eengal, we will raise our voices against feminicide and for self-defense. We call on all women worldwide to become part of this campaign. <\/span><\/span><\/p>\n<p class=\"western\" lang=\"en-US\" align=\"left\"><span style=\"font-family: times, serif;\">We hope, that you will join the campaign in various and colorful ways. It is our wish, that everyone, who wants to, takes the initiative to develop the campaign further. Furthermore, we also want to make some proposals for a common program. Let us animate them together!<\/span><\/p>\n<p class=\"western\" lang=\"en-US\" align=\"left\"><em><span style=\"font-family: times, serif;\">PROGRAM:<\/span><\/em><\/p>\n<ul>\n<li>\n<p class=\"western\" lang=\"en-US\" align=\"left\"><span style=\"font-family: times, serif;\">Until August, 3rd you can join the campaign. We are happy if you send us a text, letter or video to let us know about it. <\/span><\/p>\n<\/li>\n<li>\n<p class=\"western\" lang=\"en-US\" align=\"left\"><span style=\"font-family: times, serif;\">Until July, 1st: <strong>Our voices are colorful!<\/strong><\/span><\/p>\n<ul>\n<li>\n<p class=\"western\" lang=\"en-US\" align=\"left\"><span style=\"font-family: times, serif;\">We invite you to send us songs, poems, drawings or other artistic inputs about self-defense against feminicide in your languages and cultures. We are planning to publish them in a joint brochure at the end of the campaign. <\/span><\/p>\n<\/li>\n<\/ul>\n<\/li>\n<li>\n<p class=\"western\" align=\"left\"><span style=\"font-family: times, serif;\"><span lang=\"en-US\">Until May, 15th: with the slogan <\/span><span style=\"font-size: medium;\"><span lang=\"en-US\"><strong>YJ\u015e is our honor!<\/strong> <\/span><\/span><\/span><\/p>\n<ul>\n<li>\n<p class=\"western\" align=\"left\"><span style=\"font-family: times, serif;\"><span style=\"font-size: medium;\"><span lang=\"en-US\">Until today, the military Women\u2019s Units of \u015eengal YJ\u015e, which were founded in response to the genocide and feminicide 2014, are not officially recognized. Furthermore, the Turkish state is continuously committing attacks, which wounded and\/or killed many of its members. To take a stand for the right of self-defense and to express our solidarity with YJ\u015e, we invite you to send us pictures with YJ\u015e-flags until May, 15th. <\/span><\/span><\/span><\/p>\n<\/li>\n<\/ul>\n<\/li>\n<li>\n<p class=\"western\" align=\"left\"><span style=\"font-family: times, serif;\"><span lang=\"en-US\">From April, 1st until June, 1st: <strong>Our <\/strong><\/span><span style=\"font-size: medium;\"><span lang=\"en-US\"><strong>\u015eeh\u00eeds are our light and hope!<\/strong> <\/span><\/span><\/span><\/p>\n<ul>\n<li>\n<p class=\"western\" align=\"left\"><span style=\"font-family: times, serif;\"><span style=\"font-size: medium;\"><span lang=\"en-US\">In spring, the nature of \u015eengal blooms in all colors. Especially in the mountains of \u015eengal the most beautiful flowers grow. We want to make use of this time to remember women, who resisted against the patriarchal system. Therefore, we invite you to organize commemorations in all the places you are. For this, we will also upload pictures and stories of resisting \u00eaz\u00eedi women on the homepage of TAJ\u00ca, which you can use.<\/span><\/span><\/span><\/p>\n<\/li>\n<\/ul>\n<\/li>\n<li>\n<p class=\"western\" align=\"left\"><span style=\"font-family: times, serif;\"><span lang=\"en-US\">August, 3rd: <strong>10th anniversary of the genocide and feminicide in <\/strong><\/span><strong><span style=\"font-size: medium;\"><span lang=\"en-US\">\u015eengal<\/span><\/span><\/strong><\/span><\/p>\n<ul>\n<li>\n<p class=\"western\" align=\"left\"><span style=\"font-family: times, serif;\"><span style=\"font-size: medium;\"><span lang=\"en-US\">We call on all women, to take to the streets on this day. We want to make clear, that we will never again accept a genocide and feminicide against any woman, society or community of faith \u2013 no matter where. Especially on this day, we will raise our voices against feminicide and for self-defense. <\/span><\/span><\/span><\/p>\n<\/li>\n<\/ul>\n<\/li>\n<\/ul>\n<p class=\"western\" align=\"left\"><span style=\"font-family: times, serif;\"><span lang=\"en-US\">Besides this proposals, TAJ\u00ca also plan seminars, videos and conferences. As far as there are more information on this, we will share them with you. <\/span><\/span><\/p>\n<p class=\"western\" lang=\"en-US\" align=\"left\"><em><span style=\"font-family: times, serif;\">IMPORTANT:<\/span><\/em><\/p>\n<p class=\"western\" align=\"left\"><span style=\"font-family: times, serif;\"><span lang=\"en-US\">To make sure that the campaign attracts interest and attention, it is helpful and important for us to get to know about the various actions and participation. Therefore, we ask you to send us all pictures, videos and\/or reports concerning the camapaign via email (<\/span><\/span><span style=\"color: #000080;\"><span lang=\"zxx\"><u><a href=\"mailto:tajesengal.2016@gmail.com\"><span style=\"font-family: times, serif;\"><span style=\"font-size: medium;\"><span lang=\"en-US\">tajesengal.2016@gmail.com<\/span><\/span><\/span><\/a><\/u><\/span><\/span><span style=\"font-family: times, serif;\"><span style=\"font-size: medium;\"><span lang=\"en-US\">). Furthermore we will use the hashtags #AgainstFemicide and #DengeXweparastin in social media. On the homepage of TAJ\u00ca (<\/span><\/span><\/span><span style=\"color: #000080;\"><span lang=\"zxx\"><u><a href=\"http:\/\/www.taje-shengal.com\/\"><span style=\"font-family: times, serif;\"><span lang=\"en-US\">www.taje-shengal.com<\/span><\/span><\/a><\/u><\/span><\/span><span style=\"font-family: times, serif;\"><span style=\"font-size: medium;\"><span lang=\"en-US\">) we will then collect and share all information concerning the campaign. <\/span><\/span><\/span><\/p>\n<p class=\"western\" lang=\"en-US\" align=\"justify\"><strong><span style=\"font-family: times, serif;\"><span style=\"font-size: medium;\">Find the program in Kurdish, German, Spanish and French <a href=\"https:\/\/taje-shengal.com\/en\/2024\/03\/04\/calls-logos-and-dossier-in-different-languages\/\">here<\/a>.<\/span><\/span><\/strong><\/p>\n<p class=\"western\" align=\"left\"><span style=\"font-family: times, serif;\"><span style=\"font-size: medium;\"><span lang=\"en-US\">Let us unite our voices in the spirit of JIN JIYAN AZAD\u00ce! <\/span><\/span><\/span><\/p>\n<p class=\"western\" align=\"left\"><span style=\"font-family: times, serif;\"><span style=\"font-size: medium;\"><span lang=\"en-US\">With lots of greetings and respect, <\/span><\/span><\/span><\/p>\n<p class=\"western\" align=\"left\"><span style=\"font-family: times, serif;\"><span lang=\"en-US\">\u015eengal, March 2024<\/span><\/span><\/p>\n<p class=\"western\" align=\"justify\"><span style=\"font-family: times, serif;\"><span style=\"font-size: medium;\"><span lang=\"en-US\">Tevgera Azadiya Jin\u00ean \u00cazid\u00ee (TAJ\u00ca)<\/span><\/span><\/span><\/p>\n","protected":false},"excerpt":{"rendered":"<p>On March 8, 2024, we as the Freedom&#8217;s Movement of \u00cazid\u00ee Women (TAJ\u00ca \/ Tevgera Azadiya Jin\u00ean \u00cazid\u00ee), started the campaign \u201cAgainst feminicide \u2013 be the voice of self-defense\u201d. From International Women\u2019s Day until August 3, 2024, the tenth anniversary of the genocide and feminicide in \u015eengal, we will raise our voices against feminicide and &hellip;<\/p>\n","protected":false},"author":2,"featured_media":126,"comment_status":"open","ping_status":"open","sticky":false,"template":"","format":"standard","meta":{"footnotes":""},"categories":[19,3],"tags":[],"class_list":["post-292","post","type-post","status-publish","format-standard","has-post-thumbnail","hentry","category-against-feminicide-be-the-voice-of-self-defense","category-daily"],"yoast_head":"<!-- This site is optimized with the Yoast SEO plugin v27.4 - https:\/\/yoast.com\/product\/yoast-seo-wordpress\/ -->\n<title>Program of international campaign &quot;Against Feminicide - be the voice of self-defense&quot; -<\/title>\n<meta name=\"robots\" content=\"index, follow, max-snippet:-1, max-image-preview:large, max-video-preview:-1\" \/>\n<link rel=\"canonical\" href=\"https:\/\/taje-shengal.com\/en\/2024\/04\/05\/program-of-international-campaign-against-feminicide-be-the-voice-of-self-defense\/\" \/>\n<meta property=\"og:locale\" content=\"en_US\" \/>\n<meta property=\"og:type\" content=\"article\" \/>\n<meta property=\"og:title\" content=\"Program of international campaign &quot;Against Feminicide - be the voice of self-defense&quot; -\" \/>\n<meta property=\"og:description\" content=\"On March 8, 2024, we as the Freedom&#8217;s Movement of \u00cazid\u00ee Women (TAJ\u00ca \/ Tevgera Azadiya Jin\u00ean \u00cazid\u00ee), started the campaign \u201cAgainst feminicide \u2013 be the voice of self-defense\u201d. From International Women\u2019s Day until August 3, 2024, the tenth anniversary of the genocide and feminicide in \u015eengal, we will raise our voices against feminicide and &hellip;\" \/>\n<meta property=\"og:url\" content=\"https:\/\/taje-shengal.com\/en\/2024\/04\/05\/program-of-international-campaign-against-feminicide-be-the-voice-of-self-defense\/\" \/>\n<meta property=\"article:published_time\" content=\"2024-04-05T07:17:03+00:00\" \/>\n<meta property=\"og:image\" content=\"http:\/\/taje-shengal.com\/en\/wp-content\/uploads\/2023\/03\/hjhj.jpg\" \/>\n\t<meta property=\"og:image:width\" content=\"600\" \/>\n\t<meta property=\"og:image:height\" content=\"400\" \/>\n\t<meta property=\"og:image:type\" content=\"image\/jpeg\" \/>\n<meta name=\"author\" content=\"admin1\" \/>\n<meta name=\"twitter:card\" content=\"summary_large_image\" \/>\n<meta name=\"twitter:label1\" content=\"Written by\" \/>\n\t<meta name=\"twitter:data1\" content=\"admin1\" \/>\n\t<meta name=\"twitter:label2\" content=\"Est. reading time\" \/>\n\t<meta name=\"twitter:data2\" content=\"3 minutes\" \/>\n<script type=\"application\/ld+json\" class=\"yoast-schema-graph\">{\"@context\":\"https:\\\/\\\/schema.org\",\"@graph\":[{\"@type\":\"Article\",\"@id\":\"https:\\\/\\\/taje-shengal.com\\\/en\\\/2024\\\/04\\\/05\\\/program-of-international-campaign-against-feminicide-be-the-voice-of-self-defense\\\/#article\",\"isPartOf\":{\"@id\":\"https:\\\/\\\/taje-shengal.com\\\/en\\\/2024\\\/04\\\/05\\\/program-of-international-campaign-against-feminicide-be-the-voice-of-self-defense\\\/\"},\"author\":{\"name\":\"admin1\",\"@id\":\"https:\\\/\\\/taje-shengal.com\\\/en\\\/#\\\/schema\\\/person\\\/2421e921b1eabf259c41baa40312571c\"},\"headline\":\"Program of international campaign &#8220;Against Feminicide &#8211; be the voice of self-defense&#8221;\",\"datePublished\":\"2024-04-05T07:17:03+00:00\",\"mainEntityOfPage\":{\"@id\":\"https:\\\/\\\/taje-shengal.com\\\/en\\\/2024\\\/04\\\/05\\\/program-of-international-campaign-against-feminicide-be-the-voice-of-self-defense\\\/\"},\"wordCount\":570,\"commentCount\":0,\"image\":{\"@id\":\"https:\\\/\\\/taje-shengal.com\\\/en\\\/2024\\\/04\\\/05\\\/program-of-international-campaign-against-feminicide-be-the-voice-of-self-defense\\\/#primaryimage\"},\"thumbnailUrl\":\"https:\\\/\\\/taje-shengal.com\\\/en\\\/wp-content\\\/uploads\\\/2023\\\/03\\\/hjhj.jpg\",\"articleSection\":[\"\\\"Against Feminicide - Be the voice of self-defense!\\\"\",\"NEWS\"],\"inLanguage\":\"en-US\",\"potentialAction\":[{\"@type\":\"CommentAction\",\"name\":\"Comment\",\"target\":[\"https:\\\/\\\/taje-shengal.com\\\/en\\\/2024\\\/04\\\/05\\\/program-of-international-campaign-against-feminicide-be-the-voice-of-self-defense\\\/#respond\"]}]},{\"@type\":\"WebPage\",\"@id\":\"https:\\\/\\\/taje-shengal.com\\\/en\\\/2024\\\/04\\\/05\\\/program-of-international-campaign-against-feminicide-be-the-voice-of-self-defense\\\/\",\"url\":\"https:\\\/\\\/taje-shengal.com\\\/en\\\/2024\\\/04\\\/05\\\/program-of-international-campaign-against-feminicide-be-the-voice-of-self-defense\\\/\",\"name\":\"Program of international campaign \\\"Against Feminicide - be the voice of self-defense\\\" -\",\"isPartOf\":{\"@id\":\"https:\\\/\\\/taje-shengal.com\\\/en\\\/#website\"},\"primaryImageOfPage\":{\"@id\":\"https:\\\/\\\/taje-shengal.com\\\/en\\\/2024\\\/04\\\/05\\\/program-of-international-campaign-against-feminicide-be-the-voice-of-self-defense\\\/#primaryimage\"},\"image\":{\"@id\":\"https:\\\/\\\/taje-shengal.com\\\/en\\\/2024\\\/04\\\/05\\\/program-of-international-campaign-against-feminicide-be-the-voice-of-self-defense\\\/#primaryimage\"},\"thumbnailUrl\":\"https:\\\/\\\/taje-shengal.com\\\/en\\\/wp-content\\\/uploads\\\/2023\\\/03\\\/hjhj.jpg\",\"datePublished\":\"2024-04-05T07:17:03+00:00\",\"author\":{\"@id\":\"https:\\\/\\\/taje-shengal.com\\\/en\\\/#\\\/schema\\\/person\\\/2421e921b1eabf259c41baa40312571c\"},\"breadcrumb\":{\"@id\":\"https:\\\/\\\/taje-shengal.com\\\/en\\\/2024\\\/04\\\/05\\\/program-of-international-campaign-against-feminicide-be-the-voice-of-self-defense\\\/#breadcrumb\"},\"inLanguage\":\"en-US\",\"potentialAction\":[{\"@type\":\"ReadAction\",\"target\":[\"https:\\\/\\\/taje-shengal.com\\\/en\\\/2024\\\/04\\\/05\\\/program-of-international-campaign-against-feminicide-be-the-voice-of-self-defense\\\/\"]}]},{\"@type\":\"ImageObject\",\"inLanguage\":\"en-US\",\"@id\":\"https:\\\/\\\/taje-shengal.com\\\/en\\\/2024\\\/04\\\/05\\\/program-of-international-campaign-against-feminicide-be-the-voice-of-self-defense\\\/#primaryimage\",\"url\":\"https:\\\/\\\/taje-shengal.com\\\/en\\\/wp-content\\\/uploads\\\/2023\\\/03\\\/hjhj.jpg\",\"contentUrl\":\"https:\\\/\\\/taje-shengal.com\\\/en\\\/wp-content\\\/uploads\\\/2023\\\/03\\\/hjhj.jpg\",\"width\":600,\"height\":400},{\"@type\":\"BreadcrumbList\",\"@id\":\"https:\\\/\\\/taje-shengal.com\\\/en\\\/2024\\\/04\\\/05\\\/program-of-international-campaign-against-feminicide-be-the-voice-of-self-defense\\\/#breadcrumb\",\"itemListElement\":[{\"@type\":\"ListItem\",\"position\":1,\"name\":\"Home\",\"item\":\"https:\\\/\\\/taje-shengal.com\\\/en\\\/\"},{\"@type\":\"ListItem\",\"position\":2,\"name\":\"Program of international campaign &#8220;Against Feminicide &#8211; be the voice of self-defense&#8221;\"}]},{\"@type\":\"WebSite\",\"@id\":\"https:\\\/\\\/taje-shengal.com\\\/en\\\/#website\",\"url\":\"https:\\\/\\\/taje-shengal.com\\\/en\\\/\",\"name\":\"\",\"description\":\"\",\"potentialAction\":[{\"@type\":\"SearchAction\",\"target\":{\"@type\":\"EntryPoint\",\"urlTemplate\":\"https:\\\/\\\/taje-shengal.com\\\/en\\\/?s={search_term_string}\"},\"query-input\":{\"@type\":\"PropertyValueSpecification\",\"valueRequired\":true,\"valueName\":\"search_term_string\"}}],\"inLanguage\":\"en-US\"},{\"@type\":\"Person\",\"@id\":\"https:\\\/\\\/taje-shengal.com\\\/en\\\/#\\\/schema\\\/person\\\/2421e921b1eabf259c41baa40312571c\",\"name\":\"admin1\",\"image\":{\"@type\":\"ImageObject\",\"inLanguage\":\"en-US\",\"@id\":\"https:\\\/\\\/secure.gravatar.com\\\/avatar\\\/9ff221bb5ba9a4df61822c0a63c327f8f678c2da389fc8eb391106c49360ddcf?s=96&d=mm&r=g\",\"url\":\"https:\\\/\\\/secure.gravatar.com\\\/avatar\\\/9ff221bb5ba9a4df61822c0a63c327f8f678c2da389fc8eb391106c49360ddcf?s=96&d=mm&r=g\",\"contentUrl\":\"https:\\\/\\\/secure.gravatar.com\\\/avatar\\\/9ff221bb5ba9a4df61822c0a63c327f8f678c2da389fc8eb391106c49360ddcf?s=96&d=mm&r=g\",\"caption\":\"admin1\"},\"url\":\"https:\\\/\\\/taje-shengal.com\\\/en\\\/author\\\/admin1\\\/\"}]}<\/script>\n<!-- \/ Yoast SEO plugin. -->","yoast_head_json":{"title":"Program of international campaign \"Against Feminicide - be the voice of self-defense\" -","robots":{"index":"index","follow":"follow","max-snippet":"max-snippet:-1","max-image-preview":"max-image-preview:large","max-video-preview":"max-video-preview:-1"},"canonical":"https:\/\/taje-shengal.com\/en\/2024\/04\/05\/program-of-international-campaign-against-feminicide-be-the-voice-of-self-defense\/","og_locale":"en_US","og_type":"article","og_title":"Program of international campaign \"Against Feminicide - be the voice of self-defense\" -","og_description":"On March 8, 2024, we as the Freedom&#8217;s Movement of \u00cazid\u00ee Women (TAJ\u00ca \/ Tevgera Azadiya Jin\u00ean \u00cazid\u00ee), started the campaign \u201cAgainst feminicide \u2013 be the voice of self-defense\u201d. From International Women\u2019s Day until August 3, 2024, the tenth anniversary of the genocide and feminicide in \u015eengal, we will raise our voices against feminicide and &hellip;","og_url":"https:\/\/taje-shengal.com\/en\/2024\/04\/05\/program-of-international-campaign-against-feminicide-be-the-voice-of-self-defense\/","article_published_time":"2024-04-05T07:17:03+00:00","og_image":[{"width":600,"height":400,"url":"http:\/\/taje-shengal.com\/en\/wp-content\/uploads\/2023\/03\/hjhj.jpg","type":"image\/jpeg"}],"author":"admin1","twitter_card":"summary_large_image","twitter_misc":{"Written by":"admin1","Est. reading time":"3 minutes"},"schema":{"@context":"https:\/\/schema.org","@graph":[{"@type":"Article","@id":"https:\/\/taje-shengal.com\/en\/2024\/04\/05\/program-of-international-campaign-against-feminicide-be-the-voice-of-self-defense\/#article","isPartOf":{"@id":"https:\/\/taje-shengal.com\/en\/2024\/04\/05\/program-of-international-campaign-against-feminicide-be-the-voice-of-self-defense\/"},"author":{"name":"admin1","@id":"https:\/\/taje-shengal.com\/en\/#\/schema\/person\/2421e921b1eabf259c41baa40312571c"},"headline":"Program of international campaign &#8220;Against Feminicide &#8211; be the voice of self-defense&#8221;","datePublished":"2024-04-05T07:17:03+00:00","mainEntityOfPage":{"@id":"https:\/\/taje-shengal.com\/en\/2024\/04\/05\/program-of-international-campaign-against-feminicide-be-the-voice-of-self-defense\/"},"wordCount":570,"commentCount":0,"image":{"@id":"https:\/\/taje-shengal.com\/en\/2024\/04\/05\/program-of-international-campaign-against-feminicide-be-the-voice-of-self-defense\/#primaryimage"},"thumbnailUrl":"https:\/\/taje-shengal.com\/en\/wp-content\/uploads\/2023\/03\/hjhj.jpg","articleSection":["\"Against Feminicide - Be the voice of self-defense!\"","NEWS"],"inLanguage":"en-US","potentialAction":[{"@type":"CommentAction","name":"Comment","target":["https:\/\/taje-shengal.com\/en\/2024\/04\/05\/program-of-international-campaign-against-feminicide-be-the-voice-of-self-defense\/#respond"]}]},{"@type":"WebPage","@id":"https:\/\/taje-shengal.com\/en\/2024\/04\/05\/program-of-international-campaign-against-feminicide-be-the-voice-of-self-defense\/","url":"https:\/\/taje-shengal.com\/en\/2024\/04\/05\/program-of-international-campaign-against-feminicide-be-the-voice-of-self-defense\/","name":"Program of international campaign \"Against Feminicide - be the voice of self-defense\" -","isPartOf":{"@id":"https:\/\/taje-shengal.com\/en\/#website"},"primaryImageOfPage":{"@id":"https:\/\/taje-shengal.com\/en\/2024\/04\/05\/program-of-international-campaign-against-feminicide-be-the-voice-of-self-defense\/#primaryimage"},"image":{"@id":"https:\/\/taje-shengal.com\/en\/2024\/04\/05\/program-of-international-campaign-against-feminicide-be-the-voice-of-self-defense\/#primaryimage"},"thumbnailUrl":"https:\/\/taje-shengal.com\/en\/wp-content\/uploads\/2023\/03\/hjhj.jpg","datePublished":"2024-04-05T07:17:03+00:00","author":{"@id":"https:\/\/taje-shengal.com\/en\/#\/schema\/person\/2421e921b1eabf259c41baa40312571c"},"breadcrumb":{"@id":"https:\/\/taje-shengal.com\/en\/2024\/04\/05\/program-of-international-campaign-against-feminicide-be-the-voice-of-self-defense\/#breadcrumb"},"inLanguage":"en-US","potentialAction":[{"@type":"ReadAction","target":["https:\/\/taje-shengal.com\/en\/2024\/04\/05\/program-of-international-campaign-against-feminicide-be-the-voice-of-self-defense\/"]}]},{"@type":"ImageObject","inLanguage":"en-US","@id":"https:\/\/taje-shengal.com\/en\/2024\/04\/05\/program-of-international-campaign-against-feminicide-be-the-voice-of-self-defense\/#primaryimage","url":"https:\/\/taje-shengal.com\/en\/wp-content\/uploads\/2023\/03\/hjhj.jpg","contentUrl":"https:\/\/taje-shengal.com\/en\/wp-content\/uploads\/2023\/03\/hjhj.jpg","width":600,"height":400},{"@type":"BreadcrumbList","@id":"https:\/\/taje-shengal.com\/en\/2024\/04\/05\/program-of-international-campaign-against-feminicide-be-the-voice-of-self-defense\/#breadcrumb","itemListElement":[{"@type":"ListItem","position":1,"name":"Home","item":"https:\/\/taje-shengal.com\/en\/"},{"@type":"ListItem","position":2,"name":"Program of international campaign &#8220;Against Feminicide &#8211; be the voice of self-defense&#8221;"}]},{"@type":"WebSite","@id":"https:\/\/taje-shengal.com\/en\/#website","url":"https:\/\/taje-shengal.com\/en\/","name":"","description":"","potentialAction":[{"@type":"SearchAction","target":{"@type":"EntryPoint","urlTemplate":"https:\/\/taje-shengal.com\/en\/?s={search_term_string}"},"query-input":{"@type":"PropertyValueSpecification","valueRequired":true,"valueName":"search_term_string"}}],"inLanguage":"en-US"},{"@type":"Person","@id":"https:\/\/taje-shengal.com\/en\/#\/schema\/person\/2421e921b1eabf259c41baa40312571c","name":"admin1","image":{"@type":"ImageObject","inLanguage":"en-US","@id":"https:\/\/secure.gravatar.com\/avatar\/9ff221bb5ba9a4df61822c0a63c327f8f678c2da389fc8eb391106c49360ddcf?s=96&d=mm&r=g","url":"https:\/\/secure.gravatar.com\/avatar\/9ff221bb5ba9a4df61822c0a63c327f8f678c2da389fc8eb391106c49360ddcf?s=96&d=mm&r=g","contentUrl":"https:\/\/secure.gravatar.com\/avatar\/9ff221bb5ba9a4df61822c0a63c327f8f678c2da389fc8eb391106c49360ddcf?s=96&d=mm&r=g","caption":"admin1"},"url":"https:\/\/taje-shengal.com\/en\/author\/admin1\/"}]}},"_links":{"self":[{"href":"https:\/\/taje-shengal.com\/en\/wp-json\/wp\/v2\/posts\/292","targetHints":{"allow":["GET"]}}],"collection":[{"href":"https:\/\/taje-shengal.com\/en\/wp-json\/wp\/v2\/posts"}],"about":[{"href":"https:\/\/taje-shengal.com\/en\/wp-json\/wp\/v2\/types\/post"}],"author":[{"embeddable":true,"href":"https:\/\/taje-shengal.com\/en\/wp-json\/wp\/v2\/users\/2"}],"replies":[{"embeddable":true,"href":"https:\/\/taje-shengal.com\/en\/wp-json\/wp\/v2\/comments?post=292"}],"version-history":[{"count":1,"href":"https:\/\/taje-shengal.com\/en\/wp-json\/wp\/v2\/posts\/292\/revisions"}],"predecessor-version":[{"id":293,"href":"https:\/\/taje-shengal.com\/en\/wp-json\/wp\/v2\/posts\/292\/revisions\/293"}],"wp:featuredmedia":[{"embeddable":true,"href":"https:\/\/taje-shengal.com\/en\/wp-json\/wp\/v2\/media\/126"}],"wp:attachment":[{"href":"https:\/\/taje-shengal.com\/en\/wp-json\/wp\/v2\/media?parent=292"}],"wp:term":[{"taxonomy":"category","embeddable":true,"href":"https:\/\/taje-shengal.com\/en\/wp-json\/wp\/v2\/categories?post=292"},{"taxonomy":"post_tag","embeddable":true,"href":"https:\/\/taje-shengal.com\/en\/wp-json\/wp\/v2\/tags?post=292"}],"curies":[{"name":"wp","href":"https:\/\/api.w.org\/{rel}","templated":true}]}}