{"id":355,"date":"2024-06-30T09:33:17","date_gmt":"2024-06-30T09:33:17","guid":{"rendered":"https:\/\/taje-shengal.com\/en\/?p=355"},"modified":"2024-06-30T21:09:46","modified_gmt":"2024-06-30T21:09:46","slug":"more-women-from-europe-join-taje-campaign-with-video-and-letter","status":"publish","type":"post","link":"https:\/\/taje-shengal.com\/en\/2024\/06\/30\/more-women-from-europe-join-taje-campaign-with-video-and-letter\/","title":{"rendered":"More women from Europe join TAJ\u00ca-campaign with video and letter"},"content":{"rendered":"<div aria-live=\"assertive\">More women from Europe join the TAJ\u00ca-campaign &#8220;Against Feminicide &#8211; Be the voice of self-defense&#8221;. They published a video with the following letter:<\/div>\n<div aria-live=\"assertive\"><\/div>\n<div aria-live=\"assertive\">https:\/\/youtu.be\/MdbsZGFO9-8?si=fxvWXXV74TOOaplu<\/div>\n<div aria-live=\"assertive\"><\/div>\n<div id=\"magicdomid2\" class=\"ace-line\" aria-live=\"assertive\"><em><span class=\"author-a-z87z4oz86z1z67zndz85z2fz66zz70zz74zz74zz78z\">&#8220;On the occasion of the 10th anniversary of the genocide and feminicides in \u015eengal\/Sinjar, we commemorate the women that have been killed, enslaved, abducted and who have been subjected to forced conversion.\u00a0<\/span><\/em><\/div>\n<div id=\"magicdomid3\" class=\"ace-line\" aria-live=\"assertive\"><em><span class=\"author-a-z87z4oz86z1z67zndz85z2fz66zz70zz74zz74zz78z\">We also commemorate and show our deepest respect to the women who fought in YPJ, YJA Star, and HPJ for their liberation and their rights, many of whom gave their lives protecting the \u00caz\u00eed\u00ee community.\u00a0<\/span><\/em><\/div>\n<div id=\"magicdomid4\" class=\"ace-line\" aria-live=\"assertive\"><em><span class=\"author-a-z87z4oz86z1z67zndz85z2fz66zz70zz74zz74zz78z\">In particular, we salute and respect the Shengal Women&#8217;s Unit YJ\u015e, who are self organized in the fight against the still ongoing attacks and to protect all women in the Shengal region and the entire \u00caz\u00eed\u00ee community.<\/span><\/em><\/div>\n<div id=\"magicdomid5\" class=\"ace-line\" aria-live=\"assertive\"><\/div>\n<div id=\"magicdomid6\" class=\"ace-line\" aria-live=\"assertive\"><em><span class=\"author-a-z87z4oz86z1z67zndz85z2fz66zz70zz74zz74zz78z\">Following the call of TAJ\u00ca to show solidarity we are joining the campaign \u201cAgainst Feminicides \u2013 Be the Voice of Self-Defense,\u201d the Freedom Movement of \u00caz\u00eed\u00ee Women in \u015eengal\/Sinjar (TAJ\u00ca \/ Tevgera Azadiya Jin\u00ean \u00cazid\u00ee) launched an international campaign on March 8, 2024, International Women\u2019s Day.<\/span><\/em><\/div>\n<div id=\"magicdomid7\" class=\"ace-line\" aria-live=\"assertive\"><\/div>\n<div id=\"magicdomid8\" class=\"ace-line\" aria-live=\"assertive\"><em><span class=\"author-a-z87z4oz86z1z67zndz85z2fz66zz70zz74zz74zz78z\">We thank our italian friends from Accademia della modernit\u00e0 democratica and Rete Jin, our german friends from CENI e.V. which is the kurdish women\u2019s office for peace, the internationalist communes of the youth and the members working in public relations.<\/span><\/em><\/div>\n<div id=\"magicdomid9\" class=\"ace-line\" aria-live=\"assertive\"><\/div>\n<div id=\"magicdomid10\" class=\"ace-line\" aria-live=\"assertive\"><em><span class=\"author-a-z87z4oz86z1z67zndz85z2fz66zz70zz74zz74zz78z\">We, as women from Europe and as women of the \u00caz\u00eedi and Kurdish Diaspora, send our deepest solidarity to our friends in Shengal and Kurdistan. As united women against feminicide, patriarchy and fascism we follow the path of the free women. As R\u00eaber Apo said, the 21.Century is the century of the women\u2019s revolution. From Germany to Italy to Kurdistan we say: Jin Jiyan Azad\u00ee.\u00a0<\/span><\/em><\/div>\n<div id=\"magicdomid11\" class=\"ace-line\" aria-live=\"assertive\"><\/div>\n<div id=\"magicdomid12\" class=\"ace-line\" aria-live=\"assertive\"><em><span class=\"author-a-z87z4oz86z1z67zndz85z2fz66zz70zz74zz74zz78z\">Silav\u00ean \u015fore\u015fger\u00a0<\/span><\/em><\/div>\n<div id=\"magicdomid13\" class=\"ace-line\" aria-live=\"assertive\"><em><span class=\"author-a-z87z4oz86z1z67zndz85z2fz66zz70zz74zz74zz78z\">23.06.2024&#8243;<\/span><\/em><\/div>\n","protected":false},"excerpt":{"rendered":"<p>More women from Europe join the TAJ\u00ca-campaign &#8220;Against Feminicide &#8211; Be the voice of self-defense&#8221;. They published a video with the following letter: https:\/\/youtu.be\/MdbsZGFO9-8?si=fxvWXXV74TOOaplu &#8220;On the occasion of the 10th anniversary of the genocide and feminicides in \u015eengal\/Sinjar, we commemorate the women that have been killed, enslaved, abducted and who have been subjected to forced &hellip;<\/p>\n","protected":false},"author":2,"featured_media":358,"comment_status":"open","ping_status":"open","sticky":false,"template":"","format":"standard","meta":{"footnotes":""},"categories":[19,3],"tags":[],"class_list":["post-355","post","type-post","status-publish","format-standard","has-post-thumbnail","hentry","category-against-feminicide-be-the-voice-of-self-defense","category-daily"],"yoast_head":"<!-- This site is optimized with the Yoast SEO plugin v27.5 - https:\/\/yoast.com\/product\/yoast-seo-wordpress\/ -->\n<title>More women from Europe join TAJ\u00ca-campaign with video and letter -<\/title>\n<meta name=\"robots\" content=\"index, follow, max-snippet:-1, max-image-preview:large, max-video-preview:-1\" \/>\n<link rel=\"canonical\" href=\"https:\/\/taje-shengal.com\/en\/2024\/06\/30\/more-women-from-europe-join-taje-campaign-with-video-and-letter\/\" \/>\n<meta property=\"og:locale\" content=\"en_US\" \/>\n<meta property=\"og:type\" content=\"article\" \/>\n<meta property=\"og:title\" content=\"More women from Europe join TAJ\u00ca-campaign with video and letter -\" \/>\n<meta property=\"og:description\" content=\"More women from Europe join the TAJ\u00ca-campaign &#8220;Against Feminicide &#8211; Be the voice of self-defense&#8221;. They published a video with the following letter: https:\/\/youtu.be\/MdbsZGFO9-8?si=fxvWXXV74TOOaplu &#8220;On the occasion of the 10th anniversary of the genocide and feminicides in \u015eengal\/Sinjar, we commemorate the women that have been killed, enslaved, abducted and who have been subjected to forced &hellip;\" \/>\n<meta property=\"og:url\" content=\"https:\/\/taje-shengal.com\/en\/2024\/06\/30\/more-women-from-europe-join-taje-campaign-with-video-and-letter\/\" \/>\n<meta property=\"article:published_time\" content=\"2024-06-30T09:33:17+00:00\" \/>\n<meta property=\"article:modified_time\" content=\"2024-06-30T21:09:46+00:00\" \/>\n<meta property=\"og:image\" content=\"http:\/\/taje-shengal.com\/en\/wp-content\/uploads\/2024\/06\/TAJE.png\" \/>\n\t<meta property=\"og:image:width\" content=\"547\" \/>\n\t<meta property=\"og:image:height\" content=\"328\" \/>\n\t<meta property=\"og:image:type\" content=\"image\/png\" \/>\n<meta name=\"author\" content=\"admin1\" \/>\n<meta name=\"twitter:card\" content=\"summary_large_image\" \/>\n<meta name=\"twitter:label1\" content=\"Written by\" \/>\n\t<meta name=\"twitter:data1\" content=\"admin1\" \/>\n\t<meta name=\"twitter:label2\" content=\"Est. reading time\" \/>\n\t<meta name=\"twitter:data2\" content=\"2 minutes\" \/>\n<script type=\"application\/ld+json\" class=\"yoast-schema-graph\">{\"@context\":\"https:\\\/\\\/schema.org\",\"@graph\":[{\"@type\":\"Article\",\"@id\":\"https:\\\/\\\/taje-shengal.com\\\/en\\\/2024\\\/06\\\/30\\\/more-women-from-europe-join-taje-campaign-with-video-and-letter\\\/#article\",\"isPartOf\":{\"@id\":\"https:\\\/\\\/taje-shengal.com\\\/en\\\/2024\\\/06\\\/30\\\/more-women-from-europe-join-taje-campaign-with-video-and-letter\\\/\"},\"author\":{\"name\":\"admin1\",\"@id\":\"https:\\\/\\\/taje-shengal.com\\\/en\\\/#\\\/schema\\\/person\\\/2421e921b1eabf259c41baa40312571c\"},\"headline\":\"More women from Europe join TAJ\u00ca-campaign with video and letter\",\"datePublished\":\"2024-06-30T09:33:17+00:00\",\"dateModified\":\"2024-06-30T21:09:46+00:00\",\"mainEntityOfPage\":{\"@id\":\"https:\\\/\\\/taje-shengal.com\\\/en\\\/2024\\\/06\\\/30\\\/more-women-from-europe-join-taje-campaign-with-video-and-letter\\\/\"},\"wordCount\":311,\"commentCount\":0,\"image\":{\"@id\":\"https:\\\/\\\/taje-shengal.com\\\/en\\\/2024\\\/06\\\/30\\\/more-women-from-europe-join-taje-campaign-with-video-and-letter\\\/#primaryimage\"},\"thumbnailUrl\":\"https:\\\/\\\/taje-shengal.com\\\/en\\\/wp-content\\\/uploads\\\/2024\\\/06\\\/TAJE.png\",\"articleSection\":[\"\\\"Against Feminicide - Be the voice of self-defense!\\\"\",\"NEWS\"],\"inLanguage\":\"en-US\",\"potentialAction\":[{\"@type\":\"CommentAction\",\"name\":\"Comment\",\"target\":[\"https:\\\/\\\/taje-shengal.com\\\/en\\\/2024\\\/06\\\/30\\\/more-women-from-europe-join-taje-campaign-with-video-and-letter\\\/#respond\"]}]},{\"@type\":\"WebPage\",\"@id\":\"https:\\\/\\\/taje-shengal.com\\\/en\\\/2024\\\/06\\\/30\\\/more-women-from-europe-join-taje-campaign-with-video-and-letter\\\/\",\"url\":\"https:\\\/\\\/taje-shengal.com\\\/en\\\/2024\\\/06\\\/30\\\/more-women-from-europe-join-taje-campaign-with-video-and-letter\\\/\",\"name\":\"More women from Europe join TAJ\u00ca-campaign with video and letter -\",\"isPartOf\":{\"@id\":\"https:\\\/\\\/taje-shengal.com\\\/en\\\/#website\"},\"primaryImageOfPage\":{\"@id\":\"https:\\\/\\\/taje-shengal.com\\\/en\\\/2024\\\/06\\\/30\\\/more-women-from-europe-join-taje-campaign-with-video-and-letter\\\/#primaryimage\"},\"image\":{\"@id\":\"https:\\\/\\\/taje-shengal.com\\\/en\\\/2024\\\/06\\\/30\\\/more-women-from-europe-join-taje-campaign-with-video-and-letter\\\/#primaryimage\"},\"thumbnailUrl\":\"https:\\\/\\\/taje-shengal.com\\\/en\\\/wp-content\\\/uploads\\\/2024\\\/06\\\/TAJE.png\",\"datePublished\":\"2024-06-30T09:33:17+00:00\",\"dateModified\":\"2024-06-30T21:09:46+00:00\",\"author\":{\"@id\":\"https:\\\/\\\/taje-shengal.com\\\/en\\\/#\\\/schema\\\/person\\\/2421e921b1eabf259c41baa40312571c\"},\"breadcrumb\":{\"@id\":\"https:\\\/\\\/taje-shengal.com\\\/en\\\/2024\\\/06\\\/30\\\/more-women-from-europe-join-taje-campaign-with-video-and-letter\\\/#breadcrumb\"},\"inLanguage\":\"en-US\",\"potentialAction\":[{\"@type\":\"ReadAction\",\"target\":[\"https:\\\/\\\/taje-shengal.com\\\/en\\\/2024\\\/06\\\/30\\\/more-women-from-europe-join-taje-campaign-with-video-and-letter\\\/\"]}]},{\"@type\":\"ImageObject\",\"inLanguage\":\"en-US\",\"@id\":\"https:\\\/\\\/taje-shengal.com\\\/en\\\/2024\\\/06\\\/30\\\/more-women-from-europe-join-taje-campaign-with-video-and-letter\\\/#primaryimage\",\"url\":\"https:\\\/\\\/taje-shengal.com\\\/en\\\/wp-content\\\/uploads\\\/2024\\\/06\\\/TAJE.png\",\"contentUrl\":\"https:\\\/\\\/taje-shengal.com\\\/en\\\/wp-content\\\/uploads\\\/2024\\\/06\\\/TAJE.png\",\"width\":547,\"height\":328},{\"@type\":\"BreadcrumbList\",\"@id\":\"https:\\\/\\\/taje-shengal.com\\\/en\\\/2024\\\/06\\\/30\\\/more-women-from-europe-join-taje-campaign-with-video-and-letter\\\/#breadcrumb\",\"itemListElement\":[{\"@type\":\"ListItem\",\"position\":1,\"name\":\"Home\",\"item\":\"https:\\\/\\\/taje-shengal.com\\\/en\\\/\"},{\"@type\":\"ListItem\",\"position\":2,\"name\":\"More women from Europe join TAJ\u00ca-campaign with video and letter\"}]},{\"@type\":\"WebSite\",\"@id\":\"https:\\\/\\\/taje-shengal.com\\\/en\\\/#website\",\"url\":\"https:\\\/\\\/taje-shengal.com\\\/en\\\/\",\"name\":\"\",\"description\":\"\",\"potentialAction\":[{\"@type\":\"SearchAction\",\"target\":{\"@type\":\"EntryPoint\",\"urlTemplate\":\"https:\\\/\\\/taje-shengal.com\\\/en\\\/?s={search_term_string}\"},\"query-input\":{\"@type\":\"PropertyValueSpecification\",\"valueRequired\":true,\"valueName\":\"search_term_string\"}}],\"inLanguage\":\"en-US\"},{\"@type\":\"Person\",\"@id\":\"https:\\\/\\\/taje-shengal.com\\\/en\\\/#\\\/schema\\\/person\\\/2421e921b1eabf259c41baa40312571c\",\"name\":\"admin1\",\"image\":{\"@type\":\"ImageObject\",\"inLanguage\":\"en-US\",\"@id\":\"https:\\\/\\\/secure.gravatar.com\\\/avatar\\\/9ff221bb5ba9a4df61822c0a63c327f8f678c2da389fc8eb391106c49360ddcf?s=96&d=mm&r=g\",\"url\":\"https:\\\/\\\/secure.gravatar.com\\\/avatar\\\/9ff221bb5ba9a4df61822c0a63c327f8f678c2da389fc8eb391106c49360ddcf?s=96&d=mm&r=g\",\"contentUrl\":\"https:\\\/\\\/secure.gravatar.com\\\/avatar\\\/9ff221bb5ba9a4df61822c0a63c327f8f678c2da389fc8eb391106c49360ddcf?s=96&d=mm&r=g\",\"caption\":\"admin1\"},\"url\":\"https:\\\/\\\/taje-shengal.com\\\/en\\\/author\\\/admin1\\\/\"}]}<\/script>\n<!-- \/ Yoast SEO plugin. -->","yoast_head_json":{"title":"More women from Europe join TAJ\u00ca-campaign with video and letter -","robots":{"index":"index","follow":"follow","max-snippet":"max-snippet:-1","max-image-preview":"max-image-preview:large","max-video-preview":"max-video-preview:-1"},"canonical":"https:\/\/taje-shengal.com\/en\/2024\/06\/30\/more-women-from-europe-join-taje-campaign-with-video-and-letter\/","og_locale":"en_US","og_type":"article","og_title":"More women from Europe join TAJ\u00ca-campaign with video and letter -","og_description":"More women from Europe join the TAJ\u00ca-campaign &#8220;Against Feminicide &#8211; Be the voice of self-defense&#8221;. They published a video with the following letter: https:\/\/youtu.be\/MdbsZGFO9-8?si=fxvWXXV74TOOaplu &#8220;On the occasion of the 10th anniversary of the genocide and feminicides in \u015eengal\/Sinjar, we commemorate the women that have been killed, enslaved, abducted and who have been subjected to forced &hellip;","og_url":"https:\/\/taje-shengal.com\/en\/2024\/06\/30\/more-women-from-europe-join-taje-campaign-with-video-and-letter\/","article_published_time":"2024-06-30T09:33:17+00:00","article_modified_time":"2024-06-30T21:09:46+00:00","og_image":[{"width":547,"height":328,"url":"http:\/\/taje-shengal.com\/en\/wp-content\/uploads\/2024\/06\/TAJE.png","type":"image\/png"}],"author":"admin1","twitter_card":"summary_large_image","twitter_misc":{"Written by":"admin1","Est. reading time":"2 minutes"},"schema":{"@context":"https:\/\/schema.org","@graph":[{"@type":"Article","@id":"https:\/\/taje-shengal.com\/en\/2024\/06\/30\/more-women-from-europe-join-taje-campaign-with-video-and-letter\/#article","isPartOf":{"@id":"https:\/\/taje-shengal.com\/en\/2024\/06\/30\/more-women-from-europe-join-taje-campaign-with-video-and-letter\/"},"author":{"name":"admin1","@id":"https:\/\/taje-shengal.com\/en\/#\/schema\/person\/2421e921b1eabf259c41baa40312571c"},"headline":"More women from Europe join TAJ\u00ca-campaign with video and letter","datePublished":"2024-06-30T09:33:17+00:00","dateModified":"2024-06-30T21:09:46+00:00","mainEntityOfPage":{"@id":"https:\/\/taje-shengal.com\/en\/2024\/06\/30\/more-women-from-europe-join-taje-campaign-with-video-and-letter\/"},"wordCount":311,"commentCount":0,"image":{"@id":"https:\/\/taje-shengal.com\/en\/2024\/06\/30\/more-women-from-europe-join-taje-campaign-with-video-and-letter\/#primaryimage"},"thumbnailUrl":"https:\/\/taje-shengal.com\/en\/wp-content\/uploads\/2024\/06\/TAJE.png","articleSection":["\"Against Feminicide - Be the voice of self-defense!\"","NEWS"],"inLanguage":"en-US","potentialAction":[{"@type":"CommentAction","name":"Comment","target":["https:\/\/taje-shengal.com\/en\/2024\/06\/30\/more-women-from-europe-join-taje-campaign-with-video-and-letter\/#respond"]}]},{"@type":"WebPage","@id":"https:\/\/taje-shengal.com\/en\/2024\/06\/30\/more-women-from-europe-join-taje-campaign-with-video-and-letter\/","url":"https:\/\/taje-shengal.com\/en\/2024\/06\/30\/more-women-from-europe-join-taje-campaign-with-video-and-letter\/","name":"More women from Europe join TAJ\u00ca-campaign with video and letter -","isPartOf":{"@id":"https:\/\/taje-shengal.com\/en\/#website"},"primaryImageOfPage":{"@id":"https:\/\/taje-shengal.com\/en\/2024\/06\/30\/more-women-from-europe-join-taje-campaign-with-video-and-letter\/#primaryimage"},"image":{"@id":"https:\/\/taje-shengal.com\/en\/2024\/06\/30\/more-women-from-europe-join-taje-campaign-with-video-and-letter\/#primaryimage"},"thumbnailUrl":"https:\/\/taje-shengal.com\/en\/wp-content\/uploads\/2024\/06\/TAJE.png","datePublished":"2024-06-30T09:33:17+00:00","dateModified":"2024-06-30T21:09:46+00:00","author":{"@id":"https:\/\/taje-shengal.com\/en\/#\/schema\/person\/2421e921b1eabf259c41baa40312571c"},"breadcrumb":{"@id":"https:\/\/taje-shengal.com\/en\/2024\/06\/30\/more-women-from-europe-join-taje-campaign-with-video-and-letter\/#breadcrumb"},"inLanguage":"en-US","potentialAction":[{"@type":"ReadAction","target":["https:\/\/taje-shengal.com\/en\/2024\/06\/30\/more-women-from-europe-join-taje-campaign-with-video-and-letter\/"]}]},{"@type":"ImageObject","inLanguage":"en-US","@id":"https:\/\/taje-shengal.com\/en\/2024\/06\/30\/more-women-from-europe-join-taje-campaign-with-video-and-letter\/#primaryimage","url":"https:\/\/taje-shengal.com\/en\/wp-content\/uploads\/2024\/06\/TAJE.png","contentUrl":"https:\/\/taje-shengal.com\/en\/wp-content\/uploads\/2024\/06\/TAJE.png","width":547,"height":328},{"@type":"BreadcrumbList","@id":"https:\/\/taje-shengal.com\/en\/2024\/06\/30\/more-women-from-europe-join-taje-campaign-with-video-and-letter\/#breadcrumb","itemListElement":[{"@type":"ListItem","position":1,"name":"Home","item":"https:\/\/taje-shengal.com\/en\/"},{"@type":"ListItem","position":2,"name":"More women from Europe join TAJ\u00ca-campaign with video and letter"}]},{"@type":"WebSite","@id":"https:\/\/taje-shengal.com\/en\/#website","url":"https:\/\/taje-shengal.com\/en\/","name":"","description":"","potentialAction":[{"@type":"SearchAction","target":{"@type":"EntryPoint","urlTemplate":"https:\/\/taje-shengal.com\/en\/?s={search_term_string}"},"query-input":{"@type":"PropertyValueSpecification","valueRequired":true,"valueName":"search_term_string"}}],"inLanguage":"en-US"},{"@type":"Person","@id":"https:\/\/taje-shengal.com\/en\/#\/schema\/person\/2421e921b1eabf259c41baa40312571c","name":"admin1","image":{"@type":"ImageObject","inLanguage":"en-US","@id":"https:\/\/secure.gravatar.com\/avatar\/9ff221bb5ba9a4df61822c0a63c327f8f678c2da389fc8eb391106c49360ddcf?s=96&d=mm&r=g","url":"https:\/\/secure.gravatar.com\/avatar\/9ff221bb5ba9a4df61822c0a63c327f8f678c2da389fc8eb391106c49360ddcf?s=96&d=mm&r=g","contentUrl":"https:\/\/secure.gravatar.com\/avatar\/9ff221bb5ba9a4df61822c0a63c327f8f678c2da389fc8eb391106c49360ddcf?s=96&d=mm&r=g","caption":"admin1"},"url":"https:\/\/taje-shengal.com\/en\/author\/admin1\/"}]}},"_links":{"self":[{"href":"https:\/\/taje-shengal.com\/en\/wp-json\/wp\/v2\/posts\/355","targetHints":{"allow":["GET"]}}],"collection":[{"href":"https:\/\/taje-shengal.com\/en\/wp-json\/wp\/v2\/posts"}],"about":[{"href":"https:\/\/taje-shengal.com\/en\/wp-json\/wp\/v2\/types\/post"}],"author":[{"embeddable":true,"href":"https:\/\/taje-shengal.com\/en\/wp-json\/wp\/v2\/users\/2"}],"replies":[{"embeddable":true,"href":"https:\/\/taje-shengal.com\/en\/wp-json\/wp\/v2\/comments?post=355"}],"version-history":[{"count":4,"href":"https:\/\/taje-shengal.com\/en\/wp-json\/wp\/v2\/posts\/355\/revisions"}],"predecessor-version":[{"id":367,"href":"https:\/\/taje-shengal.com\/en\/wp-json\/wp\/v2\/posts\/355\/revisions\/367"}],"wp:featuredmedia":[{"embeddable":true,"href":"https:\/\/taje-shengal.com\/en\/wp-json\/wp\/v2\/media\/358"}],"wp:attachment":[{"href":"https:\/\/taje-shengal.com\/en\/wp-json\/wp\/v2\/media?parent=355"}],"wp:term":[{"taxonomy":"category","embeddable":true,"href":"https:\/\/taje-shengal.com\/en\/wp-json\/wp\/v2\/categories?post=355"},{"taxonomy":"post_tag","embeddable":true,"href":"https:\/\/taje-shengal.com\/en\/wp-json\/wp\/v2\/tags?post=355"}],"curies":[{"name":"wp","href":"https:\/\/api.w.org\/{rel}","templated":true}]}}