{"id":1197,"date":"2022-04-10T19:24:56","date_gmt":"2022-04-10T19:24:56","guid":{"rendered":"https:\/\/taje-shengal.com\/?p=1197"},"modified":"2022-04-10T20:14:16","modified_gmt":"2022-04-10T20:14:16","slug":"civaka-bi-tenduristi-ferde-bi-tenduristi-digihine","status":"publish","type":"post","link":"https:\/\/taje-shengal.com\/index.php\/2022\/04\/10\/civaka-bi-tenduristi-ferde-bi-tenduristi-digihine\/","title":{"rendered":"SEMBOLA JINA \u00caZID\u00ce YA KU TESL\u00ceM NEB\u00dbY\u00ce : DAY\u00ca GUL\u00ca"},"content":{"rendered":"<p><iframe loading=\"lazy\" title=\"SEMBOLA JINA \u00caZID\u00ce YA KU TESL\u00ceM NEB\u00dbY\u00ce  DAY\u00ca GUL\u00ca\" width=\"500\" height=\"281\" src=\"https:\/\/www.youtube.com\/embed\/93FuyDZhSZE?start=147&#038;feature=oembed\" frameborder=\"0\" allow=\"accelerometer; autoplay; clipboard-write; encrypted-media; gyroscope; picture-in-picture; web-share\" referrerpolicy=\"strict-origin-when-cross-origin\" allowfullscreen><\/iframe><\/p>\n<p><em>Ev raportaja li ser berxwedaniya Day\u00ea Gul\u00ea ji aliy\u00ea rojnameger \u015eeh\u00eed N\u00fbjiyan Erhan \u00fb hevala w\u00ea ya xebat\u00ea J\u00eenda Asm\u00een ve hatiye \u00e7\u00eakirin. Ber\u00ea j\u00ee hatiye we\u015fandin. Em j\u00ee li ser b\u00eeran\u00eena \u015eeh\u00eed N\u00fbjiyan Erhan careke din p\u00ea\u015fk\u00ea\u015f\u00ee xwendevan\u00ean xwe y\u00ean h\u00eaja dikin. <\/em><\/p>\n<p>Bi zor \u00fb zehmetiy\u00ean xwe ve tam s\u00ea sal di ser fermana \u015eengal\u00ea re derbas b\u00fb. S\u00ea sal in \u00e7ar demsalan xwe li \u015eengal\u00ea p\u00ea\u00e7a. Day\u00eek di xema mezinkirina zarok\u00ean xwe de \u00fb zarok mezin dibin. Hinek j\u00ea bi b\u00eeran\u00eena ferman\u00ea, hinek bi tema\u015fekirina roj\u00ean ferman\u00ea \u00fb hinek j\u00ea j\u00ee ji bo ney\u00ea jib\u00eerkirin, bi \u015f\u00eereta roja ferman\u00ea ku ji mezin\u00ean xwe guhdar dikin mezin dibin. T\u00ean mezinkirin. Zilam, weke her tim, weke day\u00eekan ji bo malbat t\u00ee \u00fb bir\u00e7\u00ee nem\u00eenin, derd\u00ea starb\u00fbn\u00ea nek\u015f\u00eenin, s\u00ea sal in dib\u00eajin em div\u00ea \u00e7areser bikin \u00fb li \u00e7areseriyan digerin, hewldan n\u00ee\u015fan didin. Dem h\u00ea j\u00ee ji bo gel\u00ea \u00cazd\u00ee bi van \u015fert\u00ean zehmet p\u00ea\u015f dikeve.<\/p>\n<p>Li ser fermana 3 Tebaxa 2014\u2019an a \u00cazd\u00ee ya \u015eengal\u00ea, gelek niv\u00ees, d\u00eemen \u00fb agah\u00ee derketin di ragihandin\u00ea de. Jiyan\u00ean cuda, weke \u00e7\u00eerok\u00ean hatin destgirtin. Roja ferman\u00ea di her bihusta axa \u015eengal\u00ea de, q\u00ear\u00een\u00ean \u00ea\u015f \u00fb azar \u00fb hewar\u00ea bilind b\u00fbn. Q\u00eer\u00een\u00ean veguher\u00een berxwedan\u00ea \u00e7\u00eab\u00fbn. L\u00ea gelo her q\u00ear\u00eena ku derket hat ziman?<\/p>\n<p>Yek ji van q\u00ear\u00eenan j\u00ee; \u00e7\u00eeroka jinek bi nav\u00ea Gul\u00ea Mi\u015fko Nemir e. Di ferman\u00ea de li ber xwe daye \u00fb radest\u00ee DA\u00ce\u015e\u2019\u00ea neb\u00fbye.<\/p>\n<p><img loading=\"lazy\" decoding=\"async\" class=\"alignnone  wp-image-1201\" src=\"https:\/\/taje-shengal.com\/wp-content\/uploads\/2022\/04\/GULE-ve-bulunan-cenazesinden-kalanlar-.jpg\" alt=\"\" width=\"328\" height=\"328\" srcset=\"https:\/\/taje-shengal.com\/wp-content\/uploads\/2022\/04\/GULE-ve-bulunan-cenazesinden-kalanlar-.jpg 239w, https:\/\/taje-shengal.com\/wp-content\/uploads\/2022\/04\/GULE-ve-bulunan-cenazesinden-kalanlar--150x150.jpg 150w\" sizes=\"auto, (max-width: 328px) 100vw, 328px\" \/><\/p>\n<p>Gul\u00ea Mi\u015fko Nemir; beriya bi salan bi kur\u00ea mam\u00ea xwe Re\u015fo re dizewice. Bi Re\u015fo re jiyana xwe berdewam dike. He\u015ft ke\u00e7ik \u00fb du j\u00ee kurik, deh zarok\u00ean Gul\u00ea \u00e7\u00eadibin. Gul\u00ea \u00fb Re\u015fo heman di sal\u00ean xwe y\u00ean p\u00eanc\u00ee de ne. Her du j\u00ee veqet\u00een\u00ea her\u00ee ji k\u00fbr ve dij\u00een.<\/p>\n<p><img loading=\"lazy\" decoding=\"async\" class=\"alignnone  wp-image-1178\" src=\"https:\/\/taje-shengal.com\/wp-content\/uploads\/2022\/04\/RESO-VE-GULE-300x180.jpg\" alt=\"\" width=\"416\" height=\"250\" srcset=\"https:\/\/taje-shengal.com\/wp-content\/uploads\/2022\/04\/RESO-VE-GULE-300x180.jpg 300w, https:\/\/taje-shengal.com\/wp-content\/uploads\/2022\/04\/RESO-VE-GULE-1024x614.jpg 1024w, https:\/\/taje-shengal.com\/wp-content\/uploads\/2022\/04\/RESO-VE-GULE-768x461.jpg 768w, https:\/\/taje-shengal.com\/wp-content\/uploads\/2022\/04\/RESO-VE-GULE-1536x922.jpg 1536w, https:\/\/taje-shengal.com\/wp-content\/uploads\/2022\/04\/RESO-VE-GULE-2048x1229.jpg 2048w, https:\/\/taje-shengal.com\/wp-content\/uploads\/2022\/04\/RESO-VE-GULE-780x470.jpg 780w\" sizes=\"auto, (max-width: 416px) 100vw, 416px\" \/><\/p>\n<p>Bel\u00ea, Gul\u00ea dema ku DA\u00ce\u015e \u00ear\u00ee\u015f kiriye \u00fb xwestine w\u00ea \u00eas\u00eer bigirin, qehremantiyeke \u00e7awa n\u00ee\u015fan daye. Ziraviy\u00ean b\u00fbyer\u00ea \u00e7i ne? Ji bo em bizanin me xwe gihand hevj\u00een \u00fb ke\u00e7\u00ean Gul\u00ea. Dema em ketin mala Re\u015fo, li od\u00ea w\u00eaneyek\u00ee ten\u00ea li d\u00eew\u00ear e, ew j\u00ee w\u00eaney\u00ea Gul\u00ea ye. Di w\u00eane de b\u00fblizek\u00ee bi nex\u015f\u00ea re\u015f \u00fb kefiyeyek sp\u00ee li Gul\u00ea ye. Di hinda l\u00eav\u00ean Gul\u00ea de li d\u00eama rast\u00ea xalek heye. Em ji niv\u00eesa li ser w\u00eane f\u00eam dikin ku zarok\u00ean Gul\u00ea, w\u00eaney\u00ea Gul\u00ea dane \u00e7ar\u00e7ovekirin \u00fb bi d\u00eew\u00ear ve kirine. Li gor werger\u00ea j\u00ee niv\u00eeseke bi Ereb\u00ee \u00a0\u2018dak\u00ea em \u00ea tu car te ji b\u00eer nekin. Heram li \u015f\u00eer\u00ea te y\u00ea helal nexin. B\u00ea te jiyan gelek zehmet e!\u2019 \u00a0dane niv\u00eesandin.<\/p>\n<p><img loading=\"lazy\" decoding=\"async\" class=\"alignnone  wp-image-1183\" src=\"https:\/\/taje-shengal.com\/wp-content\/uploads\/2022\/04\/GULE-3--300x200.jpg\" alt=\"\" width=\"332\" height=\"221\" srcset=\"https:\/\/taje-shengal.com\/wp-content\/uploads\/2022\/04\/GULE-3--300x200.jpg 300w, https:\/\/taje-shengal.com\/wp-content\/uploads\/2022\/04\/GULE-3--1024x683.jpg 1024w, https:\/\/taje-shengal.com\/wp-content\/uploads\/2022\/04\/GULE-3--768x512.jpg 768w, https:\/\/taje-shengal.com\/wp-content\/uploads\/2022\/04\/GULE-3--1536x1024.jpg 1536w, https:\/\/taje-shengal.com\/wp-content\/uploads\/2022\/04\/GULE-3--2048x1365.jpg 2048w\" sizes=\"auto, (max-width: 332px) 100vw, 332px\" \/><\/p>\n<p>Weke heval\u00ean hev \u00ea xebat\u00ea em her du (\u015eeh\u00eed N\u00fbjiyan \u00fb J\u00eenda) em dibin \u015fahid\u00ea k\u00ealiy\u00ean ku Re\u015fo carcarna li w\u00eaney\u00ea Gul\u00ea dinh\u00eare \u00fb henasa xwe dik\u015f\u00eene. Li ser daxwaza me Re\u015fo ji me re behsa Gul\u00ea dike. Destp\u00eak\u00ea em dipirsin Gul\u00ea miroveke \u00e7awan b\u00fb, hevoka destp\u00eak\u00ea ji me re dib\u00eaje; Gul\u00ea jineke \u00e7eleng \u00fb eg\u00eed b\u00fb. Dema Re\u015fo dest p\u00ea dike behsa Gul\u00ea dike, li r\u00fby\u00ea w\u00ee hestiyariyek xuya dibe. Em f\u00eam dikin ku \u00e7iqas b\u00eariya Gul\u00ea bikin j\u00ee ji bo Re\u015fo \u00fb ke\u00e7\u00ean w\u00ea b\u00fbye serbilind\u00ee \u00fb jineke her tim m\u00eenak j\u00ea were girtin.<\/p>\n<p><img loading=\"lazy\" decoding=\"async\" class=\"alignnone size-medium wp-image-1190\" src=\"https:\/\/taje-shengal.com\/wp-content\/uploads\/2022\/04\/RESO-VE-KIZI-DILMAN-300x200.jpg\" alt=\"\" width=\"300\" height=\"200\" srcset=\"https:\/\/taje-shengal.com\/wp-content\/uploads\/2022\/04\/RESO-VE-KIZI-DILMAN-300x200.jpg 300w, https:\/\/taje-shengal.com\/wp-content\/uploads\/2022\/04\/RESO-VE-KIZI-DILMAN-1024x683.jpg 1024w, https:\/\/taje-shengal.com\/wp-content\/uploads\/2022\/04\/RESO-VE-KIZI-DILMAN-768x512.jpg 768w, https:\/\/taje-shengal.com\/wp-content\/uploads\/2022\/04\/RESO-VE-KIZI-DILMAN-1536x1024.jpg 1536w, https:\/\/taje-shengal.com\/wp-content\/uploads\/2022\/04\/RESO-VE-KIZI-DILMAN-2048x1365.jpg 2048w\" sizes=\"auto, (max-width: 300px) 100vw, 300px\" \/><img loading=\"lazy\" decoding=\"async\" class=\"alignnone size-medium wp-image-1179\" src=\"https:\/\/taje-shengal.com\/wp-content\/uploads\/2022\/04\/RESO-1--300x200.jpg\" alt=\"\" width=\"300\" height=\"200\" srcset=\"https:\/\/taje-shengal.com\/wp-content\/uploads\/2022\/04\/RESO-1--300x200.jpg 300w, https:\/\/taje-shengal.com\/wp-content\/uploads\/2022\/04\/RESO-1--1024x683.jpg 1024w, https:\/\/taje-shengal.com\/wp-content\/uploads\/2022\/04\/RESO-1--768x512.jpg 768w, https:\/\/taje-shengal.com\/wp-content\/uploads\/2022\/04\/RESO-1--1536x1024.jpg 1536w, https:\/\/taje-shengal.com\/wp-content\/uploads\/2022\/04\/RESO-1--2048x1365.jpg 2048w\" sizes=\"auto, (max-width: 300px) 100vw, 300px\" \/><\/p>\n<p>&nbsp;<\/p>\n<p><strong>Jin b\u00fb, Eg\u00eed b\u00fb, Ez li H\u00eaviy\u00ea mam; <\/strong>K\u00ealiyek ji bo me hem\u00fbyan ku gir\u00ee di qirik\u00ea de dim\u00eene.\u00a0 Re\u015fo hewl dide veb\u00eaje; \u201cGul\u00ea jineke eg\u00eed b\u00fb. Bi \u00eerade b\u00fb. Ji c\u00eeran\u00ean xwe re, ji gundiyan re, ji qenc\u00ee \u00fb mer\u00eefet\u00ea re, ji x\u00ear \u00fb eg\u00eediy\u00ea re \u00fb li beramber min j\u00ee miroveke bi r\u00eaz \u00fb hurmet b\u00fb. Ev n\u00eazikahiy\u00ean w\u00ea dihi\u015ft ku y\u00ea li beramber j\u00ee bi r\u00eaz \u00fb feraset n\u00eaz\u00ee w\u00ea bibin. Jin b\u00fb, eg\u00eed b\u00fb.\u201d Em j\u00ea dipirsin; gelo h\u00fbn k\u00eeng\u00ea zewic\u00een, d\u00eerok nay\u00ea b\u00eera Re\u015fo l\u00ea vedib\u00eaje; \u201cBi qas\u00ee t\u00ea b\u00eera min emr\u00ea min 20 an 21, y\u00ea Gul\u00ea j\u00ee 18 an j\u00ee 19 b\u00fb. Bi salan me bi hev re jiyan kir.\u201d Dema wiha got em ketin nav axaftina w\u00ee \u00fb me pirs\u00ee, h\u00fbn bi hezkirin bi hev re zewic\u00een yan bi r\u00eaya malbat\u00ea? Re\u015fo dib\u00eaje Gul\u00ea ke\u00e7a mam\u00ea w\u00ee b\u00fb \u00fb got her we pirs kir ez bib\u00eajim \u00fb behsa Gul\u00ea kir; \u201cGul ke\u00e7a mam\u00ea min b\u00fb. Em bi zarokt\u00ee j\u00ee her bi hev re b\u00fbn. \u00db min got ka ew min dixwaze yan na. Ew j\u00ee got ez te bi kulmek ax nadim, li ser ser \u00fb \u00e7av\u00ean min.\u201d Dema Re\u015fo vana dian\u00ee ziman xw\u00een ji bir\u00eena w\u00ee dihat j\u00ee l\u00ea \u00e7av\u00ean w\u00ee dikeniyan. \u201cL\u00ea day\u00eeka Gul\u00ea bi emir b\u00fb \u00fb li w\u00ea dinh\u00eart. Birayek\u00ee w\u00ee heb\u00fb. Diviyab\u00fb ew j\u00ee bizewiciya. Ez j\u00ee salek li h\u00eaviya Gul\u00ea mam. Li gel min qedir \u00fb qiymeta gotin\u00ean Gul\u00ea gelek heb\u00fb. Ez salek li h\u00eaviy\u00ea mam \u00fb em zewic\u00een.\u201d<\/p>\n<p><img loading=\"lazy\" decoding=\"async\" class=\"alignnone  wp-image-1188\" src=\"https:\/\/taje-shengal.com\/wp-content\/uploads\/2022\/04\/RESO-2-300x200.jpg\" alt=\"\" width=\"387\" height=\"257\" srcset=\"https:\/\/taje-shengal.com\/wp-content\/uploads\/2022\/04\/RESO-2-300x200.jpg 300w, https:\/\/taje-shengal.com\/wp-content\/uploads\/2022\/04\/RESO-2-1024x683.jpg 1024w, https:\/\/taje-shengal.com\/wp-content\/uploads\/2022\/04\/RESO-2-768x512.jpg 768w, https:\/\/taje-shengal.com\/wp-content\/uploads\/2022\/04\/RESO-2-1536x1024.jpg 1536w, https:\/\/taje-shengal.com\/wp-content\/uploads\/2022\/04\/RESO-2-2048x1365.jpg 2048w\" sizes=\"auto, (max-width: 387px) 100vw, 387px\" \/><img loading=\"lazy\" decoding=\"async\" class=\"alignnone  wp-image-1189\" src=\"https:\/\/taje-shengal.com\/wp-content\/uploads\/2022\/04\/GULE-SERIHA-SALIM-300x200.jpg\" alt=\"\" width=\"390\" height=\"259\" srcset=\"https:\/\/taje-shengal.com\/wp-content\/uploads\/2022\/04\/GULE-SERIHA-SALIM-300x200.jpg 300w, https:\/\/taje-shengal.com\/wp-content\/uploads\/2022\/04\/GULE-SERIHA-SALIM-1024x682.jpg 1024w, https:\/\/taje-shengal.com\/wp-content\/uploads\/2022\/04\/GULE-SERIHA-SALIM-768x512.jpg 768w, https:\/\/taje-shengal.com\/wp-content\/uploads\/2022\/04\/GULE-SERIHA-SALIM-1536x1024.jpg 1536w, https:\/\/taje-shengal.com\/wp-content\/uploads\/2022\/04\/GULE-SERIHA-SALIM-2048x1365.jpg 2048w\" sizes=\"auto, (max-width: 390px) 100vw, 390px\" \/><\/p>\n<p><strong>\u2018Ez \u00ea werim we bibim; <\/strong>Re\u015fo dib\u00eaje ew ji gund\u00ea Zorava y\u00ea \u015eengal\u00ea ye \u00fb b\u00eeran\u00een\u00ean ji Gul\u00ea may\u00ee berdewam t\u00eene ziman. Li Sin\u00fbn\u00ea dikaneke xwe ya bi\u00e7\u00fbk a \u00e7\u00eakirina mak\u00een\u00ean dir\u00fbn\u00ea vekiriye \u00fb bi salan e v\u00ee kar\u00ee dike; \u201cHe\u015ft j\u00ea ke\u00e7ik \u00fb du kurik, deh zarok\u00ean me \u00e7\u00eab\u00fbn. Roja ferman\u00ea DA\u00ce\u015e Gul\u00ea ku\u015ft \u00fb ke\u00e7a min \u015eer\u00eeha \u00fb kur\u00ea min Salim j\u00ee \u00eas\u00eer girtin.<\/p>\n<p><img loading=\"lazy\" decoding=\"async\" class=\"alignnone  wp-image-1194\" src=\"https:\/\/taje-shengal.com\/wp-content\/uploads\/2022\/04\/dais-in-elindeki-kizi-ve-oglu-SALIM-VE-SERIHA-300x300.jpg\" alt=\"\" width=\"293\" height=\"293\" srcset=\"https:\/\/taje-shengal.com\/wp-content\/uploads\/2022\/04\/dais-in-elindeki-kizi-ve-oglu-SALIM-VE-SERIHA-300x300.jpg 300w, https:\/\/taje-shengal.com\/wp-content\/uploads\/2022\/04\/dais-in-elindeki-kizi-ve-oglu-SALIM-VE-SERIHA-150x150.jpg 150w, https:\/\/taje-shengal.com\/wp-content\/uploads\/2022\/04\/dais-in-elindeki-kizi-ve-oglu-SALIM-VE-SERIHA.jpg 480w\" sizes=\"auto, (max-width: 293px) 100vw, 293px\" \/> <img loading=\"lazy\" decoding=\"async\" class=\"alignnone  wp-image-1189\" src=\"https:\/\/taje-shengal.com\/wp-content\/uploads\/2022\/04\/GULE-SERIHA-SALIM-300x200.jpg\" alt=\"\" width=\"439\" height=\"292\" srcset=\"https:\/\/taje-shengal.com\/wp-content\/uploads\/2022\/04\/GULE-SERIHA-SALIM-300x200.jpg 300w, https:\/\/taje-shengal.com\/wp-content\/uploads\/2022\/04\/GULE-SERIHA-SALIM-1024x682.jpg 1024w, https:\/\/taje-shengal.com\/wp-content\/uploads\/2022\/04\/GULE-SERIHA-SALIM-768x512.jpg 768w, https:\/\/taje-shengal.com\/wp-content\/uploads\/2022\/04\/GULE-SERIHA-SALIM-1536x1024.jpg 1536w, https:\/\/taje-shengal.com\/wp-content\/uploads\/2022\/04\/GULE-SERIHA-SALIM-2048x1365.jpg 2048w\" sizes=\"auto, (max-width: 439px) 100vw, 439px\" \/><\/p>\n<p>Ke\u00e7a min h\u00ea hi\u015fde sal\u00ee b\u00fb.\u201d\u00a0 Em hema dixwazin ji me re veb\u00eaje ka ke\u00e7 \u00fb kur\u00ea te \u00e7awa \u00eas\u00eer girtin, Gul\u00ea \u00e7awa hat ku\u015ftin, roja ferman\u00ea \u00e7i hatin jiyankirin. Dib\u00eaje; \u201cEz w\u00ea dem\u00ea ne li gel Gul\u00ea b\u00fbm. Min hin ferd\u00ean malbat\u00ea bi seyar\u00ea derbaz\u00ee Ba\u015f\u00fbr her\u00eama Barzan dikirin. Me xwest desp\u00eak\u00ea zarok\u00ean bi\u00e7\u00fbk rizgar bikin. Hejmara wan z\u00eade b\u00fb; s\u00eazde zarok. Me hem\u00fbyan li seyar\u00ea siwar kirin \u00fb di seyar\u00ea de c\u00ee nemab\u00fb. Ji bo w\u00ea her du zarok\u00ean me y\u00ean mezin \u00fb Gul mecb\u00fbr man li w\u00ea der\u00ea. W\u00ea \u00e7ax\u00ea min ji Gul\u00ea re got \u2018heta ez vegerim xwe bigh\u00eenin \u00e7iy\u00ea, ez \u00ea werim we bigirim\u2019. Ez \u00ea hema \u00e7\u00fbb\u00fbma zarokan daniya \u00fb vegeriyama wan bigirta. L\u00ea ez negih\u00ee\u015ftim. Min xwest vegerim l\u00ea DA\u00ce\u015e r\u00ea girtib\u00fb \u00fb ketib\u00fb Sin\u00fbn\u00ea.\u201d Em bi meraq dipirsin ka te ji k\u00ea b\u00fbyer\u00ea seh kir. \u201cKe\u00e7a min a ket\u00ee dest\u00ea DA\u00ce\u015e, bi telefon\u00ea ji min re got ku \u00e7i qewimiye. W\u00ea j\u00ee fersetek d\u00eetiye \u00fb bi diz\u00eeka li me geriyaye. Got ber\u00ea ew birine Heleb\u00ea \u00fb ji w\u00ea der\u00ea j\u00ee birine M\u00fbsil\u00ea. Dema li me geriya li ser r\u00eaya M\u00fbsil\u00ea b\u00fb. Em salek ber\u00ea axiv\u00ee b\u00fbn. Pa\u015f\u00ea j\u00ee me careke din agahiyek ji ke\u00e7a xwe negirt. Agah\u00ee hat ku kur\u00ea min j\u00ee li Xanesor\u00ea hatiye ku\u015ftin. L\u00ea em zelal nizanin ka hatiye ku\u015ftin an na. DA\u00ce\u015e ke\u00e7 \u00fb kur\u00ean min ji hev veqetandiye.\u00a0 Heta salek ber\u00ea j\u00ee ke\u00e7a min \u00e7awa fersend bid\u00eeta di telefon\u00ea de digot ew pir zehmet\u00ee dik\u015f\u00eenin, muamela xerab li wan dikin \u00fb rez\u00eeliya ew t\u00eade ne, kesek\u00ee din ned\u00eetiye. Me ji kur\u00ea min j\u00ee tu agahiyek\u00ea negirt. Ke\u00e7a min j\u00ee nizane ka \u00e7i li kek\u00ea w\u00ea hatiye \u00fb birine ku der\u00ea. Got \u2018bavo me ji hev qut kirin\u2019. P\u00eanc zarok \u00fb hevj\u00eena kur\u00ea min j\u00ee bi me re dij\u00een.\u201d<\/p>\n<p><img loading=\"lazy\" decoding=\"async\" class=\"wp-image-1180 alignright\" src=\"https:\/\/taje-shengal.com\/wp-content\/uploads\/2022\/04\/GULE-1-225x300.jpg\" alt=\"\" width=\"355\" height=\"473\" srcset=\"https:\/\/taje-shengal.com\/wp-content\/uploads\/2022\/04\/GULE-1-225x300.jpg 225w, https:\/\/taje-shengal.com\/wp-content\/uploads\/2022\/04\/GULE-1.jpg 541w\" sizes=\"auto, (max-width: 355px) 100vw, 355px\" \/><\/p>\n<p>\u2018<strong>Tam li nava Sin\u00fbn\u00ea li Gul\u00ea dan; <\/strong>Em dib\u00eajin gelo Gul\u00ea roja ferman\u00ea \u00e7awa li ber xwe da \u00fb \u00e7awa hat ku\u015ftin. Re\u015fo dib\u00eaje; \u201cGul\u00ea \u00fb her du zarok\u00ean min, dema ku dixwazin bigih\u00eejin \u00e7iy\u00ea, li ser r\u00ea, hinek d\u00fbr\u00ee mal\u00ea, n\u00eaz\u00ee benz\u00eenxana Sin\u00fbn\u00ea li derek\u00ea wan diqef\u00ealin. Li seyar\u00ea siwar dikin. W\u00ea \u00e7ax\u00ea yek j\u00ea extiyar, hin c\u00eeran\u00ean me diqef\u00ealin. Y\u00ea extiyar berdidin, y\u00ean din hem\u00fbyan dibin eyn\u00ee ciy\u00ea nava Sin\u00fbn\u00ea. Malbateke din j\u00ee dema dixwazin birevin ferq dikin \u00fb hema di\u00e7in wan j\u00ee diqef\u00ealin \u00fb t\u00eenin eyn\u00ee cih\u00ee. Gul\u00ea w\u00ea \u00e7ax\u00ea ji DA\u00ce\u015e re dib\u00eaje malbatan serbest berdin. Dib\u00eaje zilaman bigirin l\u00ea jinan berdin. DA\u00ce\u015e j\u00ee dib\u00eaje jixwe ji me re malbat, bi taybet\u00ee j\u00ee jin lazim in \u00fb dema dixwazin bibin Gul\u00ea bi deman\u00e7eya p\u00eare ye DA\u00ce\u015e\u00ee y\u00ea ku p\u00eare diaxive dikuje. Heval\u00ea din \u00ea DA\u00ce\u015e\u00ee bi lez n\u00eaz\u00ee Gul\u00ea dibe. Gul\u00ea ned\u00eetiye ku ew hatiye. \u00c7awa y\u00ea DA\u00ce\u015e\u00ee t\u00ea bi h\u00earsa ku\u015ftina heval\u00ea xwe, \u015farjora s\u00eeleha di dest\u00ea xwe de hem\u00fb di bedena Gul\u00ea de vala dike. Gul\u00ea dikuje.\u201d\u00a0 Ji pirsa cih\u00ea ku tam Gul\u00ea l\u00ea hatiye ku\u015ftin ku der e re j\u00ee dib\u00eaje; \u201cDewara Sin\u00fbn\u00ea. Tam li nava Sin\u00fbn\u00ea li Gul\u00ea dan.\u201d Dema Gul hatiye ku\u015ftin bi texm\u00een\u00ee \u00e7end kes li derdora w\u00ea heb\u00fbne. Y\u00ean ji wan kesan \u00ean rizgar b\u00fbbin hene? Bi taybet\u00ee kes\u00ean ku b\u00fbne \u015fahid\u00ea b\u00fbyer\u00ea tu ji wan nas dik\u00ee? Em bi meraq van pirsan j\u00ea dikin. Re\u015fo; \u201cKe\u00e7a min got gelek kes li derdora wan heb\u00fbn. Bi qas\u00ee ez dizanim kesek rizgar b\u00fbbe n\u00eene. Hem\u00fbyan girtine \u00fb birine. Em nizanim \u00e7i bi wan hatiye.\u201d \u00c7end DA\u00ce\u015e\u00ee heb\u00fbn? \u201cKe\u00e7a min got du kes b\u00fbn. Ya rast\u00ee al\u00eekariya Gul\u00ea kirib\u00fbna w\u00ea hem\u00fb j\u00ee rizgar bib\u00fbna. L\u00ea tu kes\u00ee ji tirsa xwe nelivandiye.\u201d Dema wisa dib\u00eaje ji h\u00earsa birh\u00ean w\u00ee dibin cot. \u00c7av \u00fb birh\u00ean xwe dide ser hev. Bi xeyalan ve di\u00e7e. Eger li w\u00ea der\u00ea b\u00fbya, belk\u00ee Gul nehatiba ku\u015ftin. Dibe ku difikire \u2018min dikarib\u00fb rizgar bikira\u2019 em nizanin.<\/p>\n<p><strong>\u2018Gul\u00ea her tim bi deman\u00e7ey\u00ea re mij\u00fbl dib\u00fb; <\/strong>Me her duyan bi meraq pirs\u00ee; Gul\u00ea bikaran\u00eena deman\u00e7\u00ea k\u00eeng\u00ea \u00fb \u00e7awa f\u00ear b\u00fb? Re\u015fo got ku demeke dir\u00eaj e ku Gul\u00ea dizane deman\u00e7\u00ea bi kar b\u00eene. \u201cDeman\u00e7eyeke min heb\u00fb \u00fb min her tim li mal\u00ea dihi\u015ft. Gul\u00ea ew bixwe li ba min f\u00ear\u00ee deman\u00e7\u00ea b\u00fb. Gul\u00ea her tim bi deman\u00e7\u00ea re mij\u00fbl dib\u00fb. Vedikir, digirt \u00fb her tim paqij dikir.\u201d Em hema dipirsin; \u201cGelo \u00e7i bi w\u00ea deman\u00e7\u00ea hat?\u201d Re\u015fo; \u201cDA\u00ce\u015e pi\u015ft\u00ee ku Gul\u00ea ku\u015ft, deman\u00e7\u00ea j\u00ee bi xwe re dibe.\u201d \u00fb h\u00eaviya me ya d\u00eetina w\u00ea deman\u00e7\u00ea bi carek\u00ea ve di\u015fk\u00ea.<\/p>\n<p><img loading=\"lazy\" decoding=\"async\" class=\"alignnone  wp-image-1177\" src=\"https:\/\/taje-shengal.com\/wp-content\/uploads\/2022\/04\/GULE-5-300x200.jpg\" alt=\"\" width=\"449\" height=\"300\" srcset=\"https:\/\/taje-shengal.com\/wp-content\/uploads\/2022\/04\/GULE-5-300x200.jpg 300w, https:\/\/taje-shengal.com\/wp-content\/uploads\/2022\/04\/GULE-5-1024x683.jpg 1024w, https:\/\/taje-shengal.com\/wp-content\/uploads\/2022\/04\/GULE-5-768x512.jpg 768w, https:\/\/taje-shengal.com\/wp-content\/uploads\/2022\/04\/GULE-5-1536x1024.jpg 1536w, https:\/\/taje-shengal.com\/wp-content\/uploads\/2022\/04\/GULE-5-2048x1365.jpg 2048w\" sizes=\"auto, (max-width: 449px) 100vw, 449px\" \/><\/p>\n<p>&nbsp;<\/p>\n<p><strong>\u2018Me ew bir Qebristana P\u00eer\u00ea Ewran; <\/strong>Re\u015fo ji pirsa te k\u00eeng\u00ea ku\u015ftina Gul\u00ea bih\u00eest re dib\u00eaje; \u201cRoja ewil, dema ku min zarok dibirin Ba\u015f\u00fbr, min di r\u00ea de bih\u00eest.\u201d \u00db em difikirin pirsa cenaz\u00ea Gul\u00ea li ku der\u00ea ye \u00fb te ew k\u00eeng\u00ea d\u00eet, w\u00ea di c\u00ee de be \u00fb em dipirsin, Re\u015fo dib\u00eaje; \u201cD\u00eeroka w\u00ea nay\u00ea b\u00eera min, l\u00ea dema ku desp\u00eak\u00ea r\u00ea hat vekirin, min cenaz\u00ea w\u00ea li Sin\u00fbn\u00ea d\u00eet.\u201d Em j\u00ee j\u00ea dixwazin ew k\u00ealiya ku cenaze d\u00eet hinek din bi zirav\u00ee ji me re veb\u00eaje; \u201c\u00c7awa r\u00ea veb\u00fb ez ji Ba\u015f\u00fbr hatim \u015eingal\u00ea. Careke din j\u00ee ne\u00e7\u00fbm Ba\u015f\u00fbr. Min mandin \u00fb \u015ferkirin\u00ea rast d\u00eet. Ez w\u00ea dem\u00ea li mil\u00ea \u015eerfed\u00een dimam. \u00c7awa hatim, li cenazey\u00ea Gul\u00ea geriyam. Cih\u00ea ewil min l\u00ea nih\u00eart, cih\u00ea ku li Gul\u00ea dab\u00fbn, n\u00eeva Sin\u00fbn\u00ea b\u00fb. L\u00ea min cenaze li w\u00ea der\u00ea ned\u00eet. Pi\u015ftre min bih\u00eest ku li pi\u015ft dikan\u00ean Sin\u00fbn\u00ea, li eraziyek\u00ee vala cenazey\u00ea jinek\u00ea heye. Hema ez \u00e7\u00fbm min li w\u00ea der\u00ea nih\u00eart. Ez nizanim k\u00ee cenaze biriye daniye w\u00ea der\u00ea. Cenaze y\u00ea Gul\u00ea b\u00fb. Min hema nas kir; Gul\u00ea b\u00fb. Ji ber ku e\u015fyay\u00ean ku li ser b\u00fbn, di nav hestiyan de mab\u00fbn. Bedena w\u00ea bi tevah\u00ee heliyab\u00fb. Ten\u00ea hestiy\u00ean w\u00ea mab\u00fbn. Hestiy\u00ean w\u00ea di nav kiras\u00ea w\u00ea da b\u00fbn.<\/p>\n<p><img loading=\"lazy\" decoding=\"async\" class=\" wp-image-1202 alignnone\" src=\"https:\/\/taje-shengal.com\/wp-content\/uploads\/2022\/04\/GULE-ve-bulunan-cenazesinden-kalanlar-1-300x300.jpg\" alt=\"\" width=\"306\" height=\"306\" srcset=\"https:\/\/taje-shengal.com\/wp-content\/uploads\/2022\/04\/GULE-ve-bulunan-cenazesinden-kalanlar-1-300x300.jpg 300w, https:\/\/taje-shengal.com\/wp-content\/uploads\/2022\/04\/GULE-ve-bulunan-cenazesinden-kalanlar-1-150x150.jpg 150w, https:\/\/taje-shengal.com\/wp-content\/uploads\/2022\/04\/GULE-ve-bulunan-cenazesinden-kalanlar-1.jpg 480w\" sizes=\"auto, (max-width: 306px) 100vw, 306px\" \/><\/p>\n<p>Min ew kiras, heftiyek beriya ferman\u00ea, ji Gul\u00ea re ji Sin\u00fbn\u00ea kir\u00eeb\u00fb. Ew roj ew kiras l\u00ea b\u00fb. Li xwe kirib\u00fb. Va hestiy\u00ean w\u00ea, por\u00ean w\u00ea, gust\u00eelka zewac\u00ea ku min dab\u00fby\u00ea, yek j\u00ee cizdanek heb\u00fb. Di cizdan de w\u00eaney\u00ea bav\u00ea Gul\u00ea \u00fb zarok\u00ean me heb\u00fbn. Hem\u00fb li gel hev b\u00fbn.\u201d Ji pirsa cenazeyek din heb\u00fbn li gel w\u00ea, ya cenaz\u00ea w\u00ea ten\u00ea b\u00fb re j\u00ee, bi dengek\u00ee ku bi \u00ea\u015fa ten\u00eab\u00fbn\u00ea ji k\u00fbr ve dihese, dib\u00eaje \u2018er\u00ea\u2019 Re\u015fo. \u2018Tek b\u00fb, ten\u00ea b\u00fb\u2019 Tu cenazeyek din li gel w\u00ea ned\u00eetine. Ke\u00e7a min ji min re gotib\u00fb \u2018daka min ku\u015ftin \u00fb me girtin birin\u2019.\u201d We Gul\u00ea bir k\u00eejan qebristan\u00ea? \u201cDu roj pi\u015ft\u00ee ez vegeriyam me cenaze d\u00eet \u00fb bir qebristana P\u00eer\u00ea Ewran. Li w\u00ea der\u00ea me ve\u015fart.\u201d<\/p>\n<p><img loading=\"lazy\" decoding=\"async\" class=\"alignnone  wp-image-1182\" src=\"https:\/\/taje-shengal.com\/wp-content\/uploads\/2022\/04\/GULE-nin-mezari-1-300x200.jpg\" alt=\"\" width=\"357\" height=\"238\" srcset=\"https:\/\/taje-shengal.com\/wp-content\/uploads\/2022\/04\/GULE-nin-mezari-1-300x200.jpg 300w, https:\/\/taje-shengal.com\/wp-content\/uploads\/2022\/04\/GULE-nin-mezari-1-1024x683.jpg 1024w, https:\/\/taje-shengal.com\/wp-content\/uploads\/2022\/04\/GULE-nin-mezari-1-768x512.jpg 768w, https:\/\/taje-shengal.com\/wp-content\/uploads\/2022\/04\/GULE-nin-mezari-1-1536x1024.jpg 1536w, https:\/\/taje-shengal.com\/wp-content\/uploads\/2022\/04\/GULE-nin-mezari-1-2048x1365.jpg 2048w\" sizes=\"auto, (max-width: 357px) 100vw, 357px\" \/> <img loading=\"lazy\" decoding=\"async\" class=\"alignnone  wp-image-1181\" src=\"https:\/\/taje-shengal.com\/wp-content\/uploads\/2022\/04\/gule-mezarinin-basindaki-mermi-300x200.jpg\" alt=\"\" width=\"354\" height=\"236\" srcset=\"https:\/\/taje-shengal.com\/wp-content\/uploads\/2022\/04\/gule-mezarinin-basindaki-mermi-300x200.jpg 300w, https:\/\/taje-shengal.com\/wp-content\/uploads\/2022\/04\/gule-mezarinin-basindaki-mermi-1024x683.jpg 1024w, https:\/\/taje-shengal.com\/wp-content\/uploads\/2022\/04\/gule-mezarinin-basindaki-mermi-768x512.jpg 768w, https:\/\/taje-shengal.com\/wp-content\/uploads\/2022\/04\/gule-mezarinin-basindaki-mermi-1536x1024.jpg 1536w, https:\/\/taje-shengal.com\/wp-content\/uploads\/2022\/04\/gule-mezarinin-basindaki-mermi-2048x1365.jpg 2048w\" sizes=\"auto, (max-width: 354px) 100vw, 354px\" \/><\/p>\n<p><strong>\u2018Fi\u015feka li ser mezel\u00ea Gul\u00ea daleqandiye;\u00a0<\/strong>Em bi Re\u015fo \u00fb ke\u00e7a w\u00ee D\u00eelman re di\u00e7in P\u00eer\u00ea Ewran \u00fb gora Gul\u00ea ziyaret dikin. Destp\u00eak\u00ea em quba P\u00eer\u00ea Ewran ku ji bo \u00cazdiyan yek ji mekan\u00ean p\u00eeroz e ziyaret dikin. Li quma\u015f\u00ean j\u00eare dib\u00eajin Per\u00ee, s\u00ea gir\u00eak\u00ean cuda l\u00ea gir\u00ea didin \u00fb diayan dikin. Pa\u015f\u00ea derbas\u00ee goristana ku Gul\u00ea l\u00ea ye dibin. Dema em digih\u00eejin ber gor\u00ea, ke\u00e7a w\u00ea D\u00eelman xwe nagire \u00fb digir\u00ee. Re\u015foy\u00ea bav\u00ea w\u00ea her \u00e7iqas zehmet\u00ee bik\u015f\u00eene j\u00ee dixwaze ke\u00e7a xwe aram bike. L\u00ea ew bixwe j\u00ee nikare bi h\u00easr\u00ean \u00e7av\u00ean xwe. Rexm\u00ee her ti\u015ft\u00ee j\u00ee z\u00fb xwe kom\u00ee ser hev dike Re\u015fo. Em \u00e7awa digih\u00eejin qebristan\u00ea, fi\u015feka li ber ser\u00ea Gul\u00ea daleqendiye bala me dik\u015f\u00eene. Re\u015fo ji pirsa \u00e7ima li ser ser\u00ea Gul\u00ea fi\u015fekek daleqendiye re dib\u00eaje; \u201cEv fi\u015feka li ser mezel\u00ea Gul\u00ea daleqandiye \u015fer \u00fb berxwedana Gul\u00ea \u00eefade dike. Me ji ber v\u00ea av\u00eat v\u00ea der\u00ea.\u201d Li k\u00ealek gora Gul\u00ea mezel\u00ean din j\u00ee hene. Em dixwazin ji Re\u015fo f\u00ear bibin ka ew gor ayd\u00ee k\u00ea ne? Re\u015fo dib\u00eaje; \u201cYa hema li ba Gul\u00ea ke\u00e7a mam\u00ea min \u00ea din e \u00fb ya li ba w\u00ea j\u00ee ayd\u00ee xu\u015fka Gul\u00ea ye. Her s\u00ea j\u00ee gel hev in. Xu\u015fka Gul\u00ea ji \u00ea\u015fa Gul\u00ea, li ber xwe nade \u00fb du meh pi\u015ftre dimire.\u201d<\/p>\n<p><img loading=\"lazy\" decoding=\"async\" class=\"alignnone size-medium wp-image-1184\" src=\"https:\/\/taje-shengal.com\/wp-content\/uploads\/2022\/04\/GULE-nin-mezari-ve-esi-RESO-kizi-dilman-2-300x200.jpg\" alt=\"\" width=\"300\" height=\"200\" srcset=\"https:\/\/taje-shengal.com\/wp-content\/uploads\/2022\/04\/GULE-nin-mezari-ve-esi-RESO-kizi-dilman-2-300x200.jpg 300w, https:\/\/taje-shengal.com\/wp-content\/uploads\/2022\/04\/GULE-nin-mezari-ve-esi-RESO-kizi-dilman-2-1024x683.jpg 1024w, https:\/\/taje-shengal.com\/wp-content\/uploads\/2022\/04\/GULE-nin-mezari-ve-esi-RESO-kizi-dilman-2-768x512.jpg 768w, https:\/\/taje-shengal.com\/wp-content\/uploads\/2022\/04\/GULE-nin-mezari-ve-esi-RESO-kizi-dilman-2-1536x1024.jpg 1536w, https:\/\/taje-shengal.com\/wp-content\/uploads\/2022\/04\/GULE-nin-mezari-ve-esi-RESO-kizi-dilman-2-2048x1366.jpg 2048w\" sizes=\"auto, (max-width: 300px) 100vw, 300px\" \/> <img loading=\"lazy\" decoding=\"async\" class=\"alignnone size-medium wp-image-1185\" src=\"https:\/\/taje-shengal.com\/wp-content\/uploads\/2022\/04\/GULE-nin-mezari-2-300x200.jpg\" alt=\"\" width=\"300\" height=\"200\" srcset=\"https:\/\/taje-shengal.com\/wp-content\/uploads\/2022\/04\/GULE-nin-mezari-2-300x200.jpg 300w, https:\/\/taje-shengal.com\/wp-content\/uploads\/2022\/04\/GULE-nin-mezari-2-1024x682.jpg 1024w, https:\/\/taje-shengal.com\/wp-content\/uploads\/2022\/04\/GULE-nin-mezari-2-768x512.jpg 768w, https:\/\/taje-shengal.com\/wp-content\/uploads\/2022\/04\/GULE-nin-mezari-2-1536x1024.jpg 1536w, https:\/\/taje-shengal.com\/wp-content\/uploads\/2022\/04\/GULE-nin-mezari-2-2048x1365.jpg 2048w\" sizes=\"auto, (max-width: 300px) 100vw, 300px\" \/> <img loading=\"lazy\" decoding=\"async\" class=\"alignnone size-medium wp-image-1191\" src=\"https:\/\/taje-shengal.com\/wp-content\/uploads\/2022\/04\/DILMAN-2-300x200.jpg\" alt=\"\" width=\"300\" height=\"200\" srcset=\"https:\/\/taje-shengal.com\/wp-content\/uploads\/2022\/04\/DILMAN-2-300x200.jpg 300w, https:\/\/taje-shengal.com\/wp-content\/uploads\/2022\/04\/DILMAN-2-1024x683.jpg 1024w, https:\/\/taje-shengal.com\/wp-content\/uploads\/2022\/04\/DILMAN-2-768x512.jpg 768w, https:\/\/taje-shengal.com\/wp-content\/uploads\/2022\/04\/DILMAN-2-1536x1024.jpg 1536w, https:\/\/taje-shengal.com\/wp-content\/uploads\/2022\/04\/DILMAN-2-2048x1366.jpg 2048w\" sizes=\"auto, (max-width: 300px) 100vw, 300px\" \/> <img loading=\"lazy\" decoding=\"async\" class=\"alignnone size-medium wp-image-1203\" src=\"https:\/\/taje-shengal.com\/wp-content\/uploads\/2022\/04\/RESO-3-300x200.jpg\" alt=\"\" width=\"300\" height=\"200\" srcset=\"https:\/\/taje-shengal.com\/wp-content\/uploads\/2022\/04\/RESO-3-300x200.jpg 300w, https:\/\/taje-shengal.com\/wp-content\/uploads\/2022\/04\/RESO-3-1024x683.jpg 1024w, https:\/\/taje-shengal.com\/wp-content\/uploads\/2022\/04\/RESO-3-768x512.jpg 768w, https:\/\/taje-shengal.com\/wp-content\/uploads\/2022\/04\/RESO-3-1536x1024.jpg 1536w, https:\/\/taje-shengal.com\/wp-content\/uploads\/2022\/04\/RESO-3-2048x1365.jpg 2048w\" sizes=\"auto, (max-width: 300px) 100vw, 300px\" \/><\/p>\n<p>&nbsp;<\/p>\n<p><strong>\u2018Dema hinek direviyan, Ger\u00eela \u00fb YPG hatin em rizgar kirin; <\/strong>Re\u015fo ji pirsa ku sedema van hem\u00fb ti\u015ftan \u00e7i b\u00fb, ferman \u00e7ima rab\u00fb re bersiva desp\u00eak\u00ea wiha dide: \u201cRoja ferman\u00ea tu kes\u00ee em neparastin. Y\u00ean gotin em \u00ea we bipar\u00eazin em hi\u015ftin \u00fb reviyan. Hem j\u00ee beriya gel, beriya me reviyan. Gel terk\u00ee mirin\u00ea kirin. Y\u00ea gel rew\u015fa kes\u00ee tuneb\u00fb ku al\u00eekar\u00ee bide kesek\u00ee din. Her kes ketib\u00fb derd\u00ea rizgarkirina xwe \u00fb malbata xwe. Gelek xirab b\u00fb. Her kes bi aliyek ve direviyan.\u201d\u00a0 Re\u015fo ev j\u00ee l\u00ea z\u00eade kirin; \u201cEyn\u00ee roj\u00ea dema hinek direviyan, ger\u00eela \u00fb YPG hatin em rizgar kirin. Can\u00ea xwe feda kirin \u00fb em parastin. Ji gel j\u00ee y\u00ean li ber xwe dan heb\u00fbn. Y\u00ean hatin em parastin, terka \u00c7iyay\u00ea \u015eengal\u00ea nedan. Jixwe wek\u00ee din kesek\u00ee me bipar\u00eaze neb\u00fb. Eger ew neb\u00fbna \u00cazdiyek j\u00ee nedima. S\u00eeleh\u00ean me y\u00ean bi h\u00eaz neb\u00fbn. L\u00ea DA\u00ce\u015e bi s\u00eeleh\u00ean mezin, bi Hemiran \u00ear\u00ee\u015f\u00ee me dikirin. me \u00fb hevalan, bi \u00eeradeya xwe, bi derfet\u00ean k\u00eam \u00ea di dest\u00ea xwe de me \u015fer kir \u00fb li ber xwe da. Ji bo v\u00ea DA\u00ce\u015e bi temam\u00ee negih\u00ee\u015ft armanca xwe. Nekar\u00ee derkeve \u00c7iyay\u00ea \u015eengal\u00ea. Her\u00ee dawiy\u00ea bi x\u00eara hevalan me serkeftin an\u00ee. Me bi hev re qezenc kir.\u201d<\/p>\n<p><img loading=\"lazy\" decoding=\"async\" class=\"alignnone  wp-image-1201\" src=\"https:\/\/taje-shengal.com\/wp-content\/uploads\/2022\/04\/GULE-ve-bulunan-cenazesinden-kalanlar-.jpg\" alt=\"\" width=\"392\" height=\"392\" srcset=\"https:\/\/taje-shengal.com\/wp-content\/uploads\/2022\/04\/GULE-ve-bulunan-cenazesinden-kalanlar-.jpg 239w, https:\/\/taje-shengal.com\/wp-content\/uploads\/2022\/04\/GULE-ve-bulunan-cenazesinden-kalanlar--150x150.jpg 150w\" sizes=\"auto, (max-width: 392px) 100vw, 392px\" \/><\/p>\n<p><strong>\u2018Gul\u00ea bi \u00eeradeya xwe li ber xwe da; <\/strong>Re\u015fo dema ber bi dawiya vegotin\u00ean xwe, bi xir\u00fbreke mezin behsa Gul\u00ea dikir, deng\u00ea w\u00ee di guh\u00ea me de dim\u00eene. \u201cW\u00ea her kes rojek\u00ea bimire. \u015eikur ji Xwed\u00ea re ku Gul\u00ea ji bo \u015ferefa xwe mir. Mirina w\u00ea ya bi berxwedan, ji bo min xir\u00fbrek e. Gul\u00ea ji bo min \u015ferefeke p\u00eeroz e. Ne bi \u00eeradeya tu kes\u00ee, bi \u00eeradeya xwe li ber xwe da. Ev r\u00fbmeteke mezin e.\u201d<\/p>\n<p><strong>\u015e. N\u00dbJIYAN ERHAN\/ J\u00ceNDA ASMEN<\/strong><\/p>\n<p>&nbsp;<\/p>\n","protected":false},"excerpt":{"rendered":"<p>Ev raportaja li ser berxwedaniya Day\u00ea Gul\u00ea ji aliy\u00ea rojnameger \u015eeh\u00eed N\u00fbjiyan Erhan \u00fb hevala w\u00ea ya xebat\u00ea J\u00eenda Asm\u00een ve hatiye \u00e7\u00eakirin. Ber\u00ea j\u00ee hatiye we\u015fandin. Em j\u00ee li ser b\u00eeran\u00eena \u015eeh\u00eed N\u00fbjiyan Erhan careke din p\u00ea\u015fk\u00ea\u015f\u00ee xwendevan\u00ean xwe y\u00ean h\u00eaja dikin. Bi zor \u00fb zehmetiy\u00ean xwe ve tam s\u00ea sal di ser fermana &hellip;<\/p>\n","protected":false},"author":2,"featured_media":1204,"comment_status":"closed","ping_status":"closed","sticky":false,"template":"","format":"standard","meta":{"footnotes":""},"categories":[10],"tags":[],"class_list":["post-1197","post","type-post","status-publish","format-standard","has-post-thumbnail","hentry","category-cirok"],"yoast_head":"<!-- This site is optimized with the Yoast SEO plugin v27.4 - https:\/\/yoast.com\/product\/yoast-seo-wordpress\/ -->\n<title>SEMBOLA JINA \u00caZID\u00ce YA KU TESL\u00ceM NEB\u00dbY\u00ce : DAY\u00ca GUL\u00ca - taje<\/title>\n<meta name=\"robots\" content=\"index, follow, max-snippet:-1, max-image-preview:large, max-video-preview:-1\" \/>\n<link rel=\"canonical\" href=\"https:\/\/taje-shengal.com\/index.php\/2022\/04\/10\/civaka-bi-tenduristi-ferde-bi-tenduristi-digihine\/\" \/>\n<meta property=\"og:locale\" content=\"en_US\" \/>\n<meta property=\"og:type\" content=\"article\" \/>\n<meta property=\"og:title\" content=\"SEMBOLA JINA \u00caZID\u00ce YA KU TESL\u00ceM NEB\u00dbY\u00ce : DAY\u00ca GUL\u00ca - taje\" \/>\n<meta property=\"og:description\" content=\"Ev raportaja li ser berxwedaniya Day\u00ea Gul\u00ea ji aliy\u00ea rojnameger \u015eeh\u00eed N\u00fbjiyan Erhan \u00fb hevala w\u00ea ya xebat\u00ea J\u00eenda Asm\u00een ve hatiye \u00e7\u00eakirin. Ber\u00ea j\u00ee hatiye we\u015fandin. Em j\u00ee li ser b\u00eeran\u00eena \u015eeh\u00eed N\u00fbjiyan Erhan careke din p\u00ea\u015fk\u00ea\u015f\u00ee xwendevan\u00ean xwe y\u00ean h\u00eaja dikin. Bi zor \u00fb zehmetiy\u00ean xwe ve tam s\u00ea sal di ser fermana &hellip;\" \/>\n<meta property=\"og:url\" content=\"https:\/\/taje-shengal.com\/index.php\/2022\/04\/10\/civaka-bi-tenduristi-ferde-bi-tenduristi-digihine\/\" \/>\n<meta property=\"og:site_name\" content=\"taje\" \/>\n<meta property=\"article:author\" content=\"www.facebook.com\/profile.php?id=61581205080900\" \/>\n<meta property=\"article:published_time\" content=\"2022-04-10T19:24:56+00:00\" \/>\n<meta property=\"article:modified_time\" content=\"2022-04-10T20:14:16+00:00\" \/>\n<meta property=\"og:image\" content=\"https:\/\/taje-shengal.com\/wp-content\/uploads\/2022\/04\/GULE-5-1-scaled.jpg\" \/>\n\t<meta property=\"og:image:width\" content=\"2560\" \/>\n\t<meta property=\"og:image:height\" content=\"1707\" \/>\n\t<meta property=\"og:image:type\" content=\"image\/jpeg\" \/>\n<meta name=\"author\" content=\"admin1\" \/>\n<meta name=\"twitter:card\" content=\"summary_large_image\" \/>\n<meta name=\"twitter:label1\" content=\"Written by\" \/>\n\t<meta name=\"twitter:data1\" content=\"admin1\" \/>\n\t<meta name=\"twitter:label2\" content=\"Est. reading time\" \/>\n\t<meta name=\"twitter:data2\" content=\"3 minutes\" \/>\n<script type=\"application\/ld+json\" class=\"yoast-schema-graph\">{\"@context\":\"https:\\\/\\\/schema.org\",\"@graph\":[{\"@type\":\"Article\",\"@id\":\"https:\\\/\\\/taje-shengal.com\\\/index.php\\\/2022\\\/04\\\/10\\\/civaka-bi-tenduristi-ferde-bi-tenduristi-digihine\\\/#article\",\"isPartOf\":{\"@id\":\"https:\\\/\\\/taje-shengal.com\\\/index.php\\\/2022\\\/04\\\/10\\\/civaka-bi-tenduristi-ferde-bi-tenduristi-digihine\\\/\"},\"author\":{\"name\":\"admin1\",\"@id\":\"https:\\\/\\\/taje-shengal.com\\\/#\\\/schema\\\/person\\\/6b255472677a92d4ee1755822fa3c622\"},\"headline\":\"SEMBOLA JINA \u00caZID\u00ce YA KU TESL\u00ceM NEB\u00dbY\u00ce : DAY\u00ca GUL\u00ca\",\"datePublished\":\"2022-04-10T19:24:56+00:00\",\"dateModified\":\"2022-04-10T20:14:16+00:00\",\"mainEntityOfPage\":{\"@id\":\"https:\\\/\\\/taje-shengal.com\\\/index.php\\\/2022\\\/04\\\/10\\\/civaka-bi-tenduristi-ferde-bi-tenduristi-digihine\\\/\"},\"wordCount\":2765,\"image\":{\"@id\":\"https:\\\/\\\/taje-shengal.com\\\/index.php\\\/2022\\\/04\\\/10\\\/civaka-bi-tenduristi-ferde-bi-tenduristi-digihine\\\/#primaryimage\"},\"thumbnailUrl\":\"https:\\\/\\\/taje-shengal.com\\\/wp-content\\\/uploads\\\/2022\\\/04\\\/GULE-5-1-scaled.jpg\",\"articleSection\":[\"\u00c7\u00eerok\"],\"inLanguage\":\"en-US\"},{\"@type\":\"WebPage\",\"@id\":\"https:\\\/\\\/taje-shengal.com\\\/index.php\\\/2022\\\/04\\\/10\\\/civaka-bi-tenduristi-ferde-bi-tenduristi-digihine\\\/\",\"url\":\"https:\\\/\\\/taje-shengal.com\\\/index.php\\\/2022\\\/04\\\/10\\\/civaka-bi-tenduristi-ferde-bi-tenduristi-digihine\\\/\",\"name\":\"SEMBOLA JINA \u00caZID\u00ce YA KU TESL\u00ceM NEB\u00dbY\u00ce : DAY\u00ca GUL\u00ca - taje\",\"isPartOf\":{\"@id\":\"https:\\\/\\\/taje-shengal.com\\\/#website\"},\"primaryImageOfPage\":{\"@id\":\"https:\\\/\\\/taje-shengal.com\\\/index.php\\\/2022\\\/04\\\/10\\\/civaka-bi-tenduristi-ferde-bi-tenduristi-digihine\\\/#primaryimage\"},\"image\":{\"@id\":\"https:\\\/\\\/taje-shengal.com\\\/index.php\\\/2022\\\/04\\\/10\\\/civaka-bi-tenduristi-ferde-bi-tenduristi-digihine\\\/#primaryimage\"},\"thumbnailUrl\":\"https:\\\/\\\/taje-shengal.com\\\/wp-content\\\/uploads\\\/2022\\\/04\\\/GULE-5-1-scaled.jpg\",\"datePublished\":\"2022-04-10T19:24:56+00:00\",\"dateModified\":\"2022-04-10T20:14:16+00:00\",\"author\":{\"@id\":\"https:\\\/\\\/taje-shengal.com\\\/#\\\/schema\\\/person\\\/6b255472677a92d4ee1755822fa3c622\"},\"breadcrumb\":{\"@id\":\"https:\\\/\\\/taje-shengal.com\\\/index.php\\\/2022\\\/04\\\/10\\\/civaka-bi-tenduristi-ferde-bi-tenduristi-digihine\\\/#breadcrumb\"},\"inLanguage\":\"en-US\",\"potentialAction\":[{\"@type\":\"ReadAction\",\"target\":[\"https:\\\/\\\/taje-shengal.com\\\/index.php\\\/2022\\\/04\\\/10\\\/civaka-bi-tenduristi-ferde-bi-tenduristi-digihine\\\/\"]}]},{\"@type\":\"ImageObject\",\"inLanguage\":\"en-US\",\"@id\":\"https:\\\/\\\/taje-shengal.com\\\/index.php\\\/2022\\\/04\\\/10\\\/civaka-bi-tenduristi-ferde-bi-tenduristi-digihine\\\/#primaryimage\",\"url\":\"https:\\\/\\\/taje-shengal.com\\\/wp-content\\\/uploads\\\/2022\\\/04\\\/GULE-5-1-scaled.jpg\",\"contentUrl\":\"https:\\\/\\\/taje-shengal.com\\\/wp-content\\\/uploads\\\/2022\\\/04\\\/GULE-5-1-scaled.jpg\",\"width\":2560,\"height\":1707},{\"@type\":\"BreadcrumbList\",\"@id\":\"https:\\\/\\\/taje-shengal.com\\\/index.php\\\/2022\\\/04\\\/10\\\/civaka-bi-tenduristi-ferde-bi-tenduristi-digihine\\\/#breadcrumb\",\"itemListElement\":[{\"@type\":\"ListItem\",\"position\":1,\"name\":\"Home\",\"item\":\"https:\\\/\\\/taje-shengal.com\\\/\"},{\"@type\":\"ListItem\",\"position\":2,\"name\":\"SEMBOLA JINA \u00caZID\u00ce YA KU TESL\u00ceM NEB\u00dbY\u00ce : DAY\u00ca GUL\u00ca\"}]},{\"@type\":\"WebSite\",\"@id\":\"https:\\\/\\\/taje-shengal.com\\\/#website\",\"url\":\"https:\\\/\\\/taje-shengal.com\\\/\",\"name\":\"taje\",\"description\":\"\",\"potentialAction\":[{\"@type\":\"SearchAction\",\"target\":{\"@type\":\"EntryPoint\",\"urlTemplate\":\"https:\\\/\\\/taje-shengal.com\\\/?s={search_term_string}\"},\"query-input\":{\"@type\":\"PropertyValueSpecification\",\"valueRequired\":true,\"valueName\":\"search_term_string\"}}],\"inLanguage\":\"en-US\"},{\"@type\":\"Person\",\"@id\":\"https:\\\/\\\/taje-shengal.com\\\/#\\\/schema\\\/person\\\/6b255472677a92d4ee1755822fa3c622\",\"name\":\"admin1\",\"image\":{\"@type\":\"ImageObject\",\"inLanguage\":\"en-US\",\"@id\":\"https:\\\/\\\/secure.gravatar.com\\\/avatar\\\/0e540f8fea35199ef5d34092bfe4dc9f46818bfa1eb17ec4b585b5c6a367f165?s=96&d=mm&r=g\",\"url\":\"https:\\\/\\\/secure.gravatar.com\\\/avatar\\\/0e540f8fea35199ef5d34092bfe4dc9f46818bfa1eb17ec4b585b5c6a367f165?s=96&d=mm&r=g\",\"contentUrl\":\"https:\\\/\\\/secure.gravatar.com\\\/avatar\\\/0e540f8fea35199ef5d34092bfe4dc9f46818bfa1eb17ec4b585b5c6a367f165?s=96&d=mm&r=g\",\"caption\":\"admin1\"},\"sameAs\":[\"www.facebook.com\\\/profile.php?id=61581205080900\"],\"url\":\"https:\\\/\\\/taje-shengal.com\\\/index.php\\\/author\\\/admin1\\\/\"}]}<\/script>\n<!-- \/ Yoast SEO plugin. -->","yoast_head_json":{"title":"SEMBOLA JINA \u00caZID\u00ce YA KU TESL\u00ceM NEB\u00dbY\u00ce : DAY\u00ca GUL\u00ca - taje","robots":{"index":"index","follow":"follow","max-snippet":"max-snippet:-1","max-image-preview":"max-image-preview:large","max-video-preview":"max-video-preview:-1"},"canonical":"https:\/\/taje-shengal.com\/index.php\/2022\/04\/10\/civaka-bi-tenduristi-ferde-bi-tenduristi-digihine\/","og_locale":"en_US","og_type":"article","og_title":"SEMBOLA JINA \u00caZID\u00ce YA KU TESL\u00ceM NEB\u00dbY\u00ce : DAY\u00ca GUL\u00ca - taje","og_description":"Ev raportaja li ser berxwedaniya Day\u00ea Gul\u00ea ji aliy\u00ea rojnameger \u015eeh\u00eed N\u00fbjiyan Erhan \u00fb hevala w\u00ea ya xebat\u00ea J\u00eenda Asm\u00een ve hatiye \u00e7\u00eakirin. Ber\u00ea j\u00ee hatiye we\u015fandin. Em j\u00ee li ser b\u00eeran\u00eena \u015eeh\u00eed N\u00fbjiyan Erhan careke din p\u00ea\u015fk\u00ea\u015f\u00ee xwendevan\u00ean xwe y\u00ean h\u00eaja dikin. Bi zor \u00fb zehmetiy\u00ean xwe ve tam s\u00ea sal di ser fermana &hellip;","og_url":"https:\/\/taje-shengal.com\/index.php\/2022\/04\/10\/civaka-bi-tenduristi-ferde-bi-tenduristi-digihine\/","og_site_name":"taje","article_author":"www.facebook.com\/profile.php?id=61581205080900","article_published_time":"2022-04-10T19:24:56+00:00","article_modified_time":"2022-04-10T20:14:16+00:00","og_image":[{"width":2560,"height":1707,"url":"https:\/\/taje-shengal.com\/wp-content\/uploads\/2022\/04\/GULE-5-1-scaled.jpg","type":"image\/jpeg"}],"author":"admin1","twitter_card":"summary_large_image","twitter_misc":{"Written by":"admin1","Est. reading time":"3 minutes"},"schema":{"@context":"https:\/\/schema.org","@graph":[{"@type":"Article","@id":"https:\/\/taje-shengal.com\/index.php\/2022\/04\/10\/civaka-bi-tenduristi-ferde-bi-tenduristi-digihine\/#article","isPartOf":{"@id":"https:\/\/taje-shengal.com\/index.php\/2022\/04\/10\/civaka-bi-tenduristi-ferde-bi-tenduristi-digihine\/"},"author":{"name":"admin1","@id":"https:\/\/taje-shengal.com\/#\/schema\/person\/6b255472677a92d4ee1755822fa3c622"},"headline":"SEMBOLA JINA \u00caZID\u00ce YA KU TESL\u00ceM NEB\u00dbY\u00ce : DAY\u00ca GUL\u00ca","datePublished":"2022-04-10T19:24:56+00:00","dateModified":"2022-04-10T20:14:16+00:00","mainEntityOfPage":{"@id":"https:\/\/taje-shengal.com\/index.php\/2022\/04\/10\/civaka-bi-tenduristi-ferde-bi-tenduristi-digihine\/"},"wordCount":2765,"image":{"@id":"https:\/\/taje-shengal.com\/index.php\/2022\/04\/10\/civaka-bi-tenduristi-ferde-bi-tenduristi-digihine\/#primaryimage"},"thumbnailUrl":"https:\/\/taje-shengal.com\/wp-content\/uploads\/2022\/04\/GULE-5-1-scaled.jpg","articleSection":["\u00c7\u00eerok"],"inLanguage":"en-US"},{"@type":"WebPage","@id":"https:\/\/taje-shengal.com\/index.php\/2022\/04\/10\/civaka-bi-tenduristi-ferde-bi-tenduristi-digihine\/","url":"https:\/\/taje-shengal.com\/index.php\/2022\/04\/10\/civaka-bi-tenduristi-ferde-bi-tenduristi-digihine\/","name":"SEMBOLA JINA \u00caZID\u00ce YA KU TESL\u00ceM NEB\u00dbY\u00ce : DAY\u00ca GUL\u00ca - taje","isPartOf":{"@id":"https:\/\/taje-shengal.com\/#website"},"primaryImageOfPage":{"@id":"https:\/\/taje-shengal.com\/index.php\/2022\/04\/10\/civaka-bi-tenduristi-ferde-bi-tenduristi-digihine\/#primaryimage"},"image":{"@id":"https:\/\/taje-shengal.com\/index.php\/2022\/04\/10\/civaka-bi-tenduristi-ferde-bi-tenduristi-digihine\/#primaryimage"},"thumbnailUrl":"https:\/\/taje-shengal.com\/wp-content\/uploads\/2022\/04\/GULE-5-1-scaled.jpg","datePublished":"2022-04-10T19:24:56+00:00","dateModified":"2022-04-10T20:14:16+00:00","author":{"@id":"https:\/\/taje-shengal.com\/#\/schema\/person\/6b255472677a92d4ee1755822fa3c622"},"breadcrumb":{"@id":"https:\/\/taje-shengal.com\/index.php\/2022\/04\/10\/civaka-bi-tenduristi-ferde-bi-tenduristi-digihine\/#breadcrumb"},"inLanguage":"en-US","potentialAction":[{"@type":"ReadAction","target":["https:\/\/taje-shengal.com\/index.php\/2022\/04\/10\/civaka-bi-tenduristi-ferde-bi-tenduristi-digihine\/"]}]},{"@type":"ImageObject","inLanguage":"en-US","@id":"https:\/\/taje-shengal.com\/index.php\/2022\/04\/10\/civaka-bi-tenduristi-ferde-bi-tenduristi-digihine\/#primaryimage","url":"https:\/\/taje-shengal.com\/wp-content\/uploads\/2022\/04\/GULE-5-1-scaled.jpg","contentUrl":"https:\/\/taje-shengal.com\/wp-content\/uploads\/2022\/04\/GULE-5-1-scaled.jpg","width":2560,"height":1707},{"@type":"BreadcrumbList","@id":"https:\/\/taje-shengal.com\/index.php\/2022\/04\/10\/civaka-bi-tenduristi-ferde-bi-tenduristi-digihine\/#breadcrumb","itemListElement":[{"@type":"ListItem","position":1,"name":"Home","item":"https:\/\/taje-shengal.com\/"},{"@type":"ListItem","position":2,"name":"SEMBOLA JINA \u00caZID\u00ce YA KU TESL\u00ceM NEB\u00dbY\u00ce : DAY\u00ca GUL\u00ca"}]},{"@type":"WebSite","@id":"https:\/\/taje-shengal.com\/#website","url":"https:\/\/taje-shengal.com\/","name":"taje","description":"","potentialAction":[{"@type":"SearchAction","target":{"@type":"EntryPoint","urlTemplate":"https:\/\/taje-shengal.com\/?s={search_term_string}"},"query-input":{"@type":"PropertyValueSpecification","valueRequired":true,"valueName":"search_term_string"}}],"inLanguage":"en-US"},{"@type":"Person","@id":"https:\/\/taje-shengal.com\/#\/schema\/person\/6b255472677a92d4ee1755822fa3c622","name":"admin1","image":{"@type":"ImageObject","inLanguage":"en-US","@id":"https:\/\/secure.gravatar.com\/avatar\/0e540f8fea35199ef5d34092bfe4dc9f46818bfa1eb17ec4b585b5c6a367f165?s=96&d=mm&r=g","url":"https:\/\/secure.gravatar.com\/avatar\/0e540f8fea35199ef5d34092bfe4dc9f46818bfa1eb17ec4b585b5c6a367f165?s=96&d=mm&r=g","contentUrl":"https:\/\/secure.gravatar.com\/avatar\/0e540f8fea35199ef5d34092bfe4dc9f46818bfa1eb17ec4b585b5c6a367f165?s=96&d=mm&r=g","caption":"admin1"},"sameAs":["www.facebook.com\/profile.php?id=61581205080900"],"url":"https:\/\/taje-shengal.com\/index.php\/author\/admin1\/"}]}},"_links":{"self":[{"href":"https:\/\/taje-shengal.com\/index.php\/wp-json\/wp\/v2\/posts\/1197","targetHints":{"allow":["GET"]}}],"collection":[{"href":"https:\/\/taje-shengal.com\/index.php\/wp-json\/wp\/v2\/posts"}],"about":[{"href":"https:\/\/taje-shengal.com\/index.php\/wp-json\/wp\/v2\/types\/post"}],"author":[{"embeddable":true,"href":"https:\/\/taje-shengal.com\/index.php\/wp-json\/wp\/v2\/users\/2"}],"replies":[{"embeddable":true,"href":"https:\/\/taje-shengal.com\/index.php\/wp-json\/wp\/v2\/comments?post=1197"}],"version-history":[{"count":3,"href":"https:\/\/taje-shengal.com\/index.php\/wp-json\/wp\/v2\/posts\/1197\/revisions"}],"predecessor-version":[{"id":1205,"href":"https:\/\/taje-shengal.com\/index.php\/wp-json\/wp\/v2\/posts\/1197\/revisions\/1205"}],"wp:featuredmedia":[{"embeddable":true,"href":"https:\/\/taje-shengal.com\/index.php\/wp-json\/wp\/v2\/media\/1204"}],"wp:attachment":[{"href":"https:\/\/taje-shengal.com\/index.php\/wp-json\/wp\/v2\/media?parent=1197"}],"wp:term":[{"taxonomy":"category","embeddable":true,"href":"https:\/\/taje-shengal.com\/index.php\/wp-json\/wp\/v2\/categories?post=1197"},{"taxonomy":"post_tag","embeddable":true,"href":"https:\/\/taje-shengal.com\/index.php\/wp-json\/wp\/v2\/tags?post=1197"}],"curies":[{"name":"wp","href":"https:\/\/api.w.org\/{rel}","templated":true}]}}