{"id":1401,"date":"2022-08-09T08:02:58","date_gmt":"2022-08-09T08:02:58","guid":{"rendered":"https:\/\/taje-shengal.com\/?p=1401"},"modified":"2022-08-09T08:16:22","modified_gmt":"2022-08-09T08:16:22","slug":"di-sedsala-21an-de-cinosayda-li-ser-civaka-ezidi","status":"publish","type":"post","link":"https:\/\/taje-shengal.com\/index.php\/2022\/08\/09\/di-sedsala-21an-de-cinosayda-li-ser-civaka-ezidi\/","title":{"rendered":"DI SEDSALA 21\u2019AN DE C\u00ceNOSAYDA LI SER CIVAKA \u00caZID\u00ce"},"content":{"rendered":"<p>&nbsp;<\/p>\n<p>Civaka \u00cazid\u00ee yek ji civak\u00ean her\u00ee kevnar e ku li ser xaka z\u00ear\u00een a Mezopotamya bi hezar\u00ean salan jiyan kiriye. Civaka \u00cazid\u00ee ku xwed\u00ee d\u00eerok, \u00e7and \u00fb bawer\u00ee\u00a0 kevnar e di dirok\u00ea de 74 caran r\u00fb bi r\u00fby\u00ee fermanan hatiye. Bi deh\u00ean caran \u00cazid\u00ee ji c\u00eeh \u00fb war\u00ean xwe ko\u00e7ber b\u00fbne \u00fb welat\u00ea wan hatiye dagirkirin. M\u00eenak\u00ea v\u00ea yek\u00ea j\u00ee welat\u00ea Xalta y\u00ea Bakur\u00ea Kurdistan\u00ea ye. Ferman\u00ean ku di d\u00eerok\u00ea de hatine jiyankirin bi dest\u00ea Osmaniyan, Farsan \u00fb e\u015f\u00eer\u00ean Ereban hatine \u00e7\u00eakirin. Di van fermanan de \u00e7and, bawer\u00ee \u00fb erdingariya civak\u00ea hatiye hedefgirtin. D\u00eelgirtina ke\u00e7 \u00fb jinan wek xen\u00eemet, talankirin, w\u00earankirin \u00fb qetilkirin bi deh\u00ean caran hatiye jiyankirin. Desthilatdar \u00fb dagirkeran tim\u00ee \u00e7av berdane welat\u00ea me y\u00ea bi berhem \u00fb xaka bi bereket. Ji bona ku xwe li ser xaka me bi cih bikin b\u00eanavber ferman, komkuj\u00ee, talan \u00fb w\u00earankirin p\u00eak an\u00eene. Ew qas ku dem\u00ea behsa civaka \u00cazid\u00ee t\u00ea kirin ferman t\u00ean b\u00eera mirov. Her\u00ee z\u00eade j\u00ee fermana daw\u00ee ya 3\u2019\u00ea Tebaxa 2014\u2019an a li ser \u00cazidiy\u00ean \u015eingal\u00ea.<\/p>\n<p>\u015eingal qezayeke ser bi par\u00eazgeha M\u00fbsil\u00ea ve ye. Di aliy\u00ea erdingariy\u00ea de \u015eingal 125 km dikeve rojavay\u00ea M\u00fbsil\u00ea. Her\u00eameke \u00e7iyay\u00ee ye ku di nava de\u015fta N\u00eenova de c\u00eeh digre. \u00c7iyay\u00ea \u015eingal\u00ea bi temam\u00ee 1463 metre bilind e \u00fb 72 km j\u00ee dir\u00eaj e. Her wiha erdingariya her\u00eama \u015eingal bi gi\u015ft\u00ee 2,928 km ko\u015fe mezin e.<\/p>\n<p><strong>\u015eingal her\u00eameke \u00e7iyay\u00ee ye ku bi xwezaya xwe t\u00ea naskirin.<\/strong> Hem\u00fb nebat \u00fb dar bi xwezay\u00ee l\u00ea \u015f\u00een dibin. Bi hezar\u00ean salan e ku civaka \u00cazid\u00ee bi \u00e7and \u00fb baweriya xwe li ser v\u00ea xak\u00ea jiyan dike. Civak\u00ea jiyana xwe ya abor\u00ee bi awayek\u00ee xwezay\u00ee, wek cotkar\u00ee \u00fb pez xwed\u00eekirin\u00ea domandiye. \u015eingal di aliy\u00ea civak\u00ee \u00fb xwezay\u00ee de dewlemediyeke xwe ya mezin heye. Taybetmendiy\u00ea v\u00ea erdingariy\u00ea ew e ku civak \u00fb baweriy\u00ean cuda j\u00ee dikarin l\u00ea jiyan bikin. L\u00ea \u015eingal ji d\u00eerok\u00ea \u00fb heya roja \u00eero her\u00eameke \u00cazidiyan e ku piran\u00ee civaka \u00cazid\u00ee li her\u00eama \u015eingale jiyan dike. L\u00ea bel\u00ea \u015eingal di her dem\u00ea de ji ber \u00e7anda xwe ya mirovhez hemb\u00eaza xwe ji bawer\u00ee \u00fb milet\u00ean cuda re vekiriye. Di d\u00eerok\u00ea de gelek mirov\u00ean ji bawer\u00ee \u00fb ol\u00ean cuda wek Mes\u00eeh\u00ee, Kakay\u00ee, Xiristiyan, Misilman \u00fb hwd. ji ber \u015fer \u00fb sedem\u00ean cuda ko\u00e7ber\u00ee \u015eingal\u00ea b\u00fbne \u00fb xwe li ser v\u00ea ax\u00ea parastine. Civaka \u00cazid\u00ee ew bi nan \u00fb xoya xwe xwed\u00ee kirine \u00fb di nava xwe de hewandine.<\/p>\n<p><strong>\u015eingal di p\u00eavajoya ber\u00ee fermana 74\u2019an de<\/strong><\/p>\n<p>Pi\u015ft\u00ee r\u00fbxandina s\u00eestema Sedam His\u00ean ji aliy\u00ea Emer\u00eeka ve, di sala 2003\u2019an de, siyaset \u00fb rew\u015fa \u00ceraq\u00ea ket merheleyeke n\u00fb. W\u00ea dem\u00ea Kerk\u00fbk, \u015eingal, Sih\u00eala \u00fb gelek her\u00eam\u00ean din wek her\u00eam\u00ean bi nakok dihatin d\u00eetin. Li ser rew\u015fa van her\u00eaman hik\u00fbmeta \u00ceraq\u00ea bi Emer\u00eeka re di nava n\u00eeqa\u015fan de b\u00fb. Ji bona peydakirina \u00e7areseriya van her\u00eaman, di sala 2005\u2019an de madeya 140 ferm\u00ee ket dest\u00fbra \u00ceraq\u00ea. Ev her\u00eam wek her\u00eam\u00ean bi nakok di navbera Hik\u00fbmeta \u00ceraq\u00ea \u00fb her\u00eama Kurdistan\u00ea de hatin destn\u00ee\u015fankirin. Ji ber v\u00ea yek\u00ea \u00eedare \u00fb parastina \u015eingal\u00ea ya beriya ferman\u00ea demk\u00ee b\u00fb. Ne hik\u00fbmeta \u00ceraq ne j\u00ee ya her\u00eama Kurdistan, xwe li bermber\u00ee \u015eingal \u00fb civaka \u00cazid\u00ee berpirsiyar nedid\u00eetin. Ev yek b\u00fb sedem ku di 14.08.2007\u2019an \u00a0de Teq\u00eena Til-Iz\u00ear \u00fb S\u00eeba \u015e\u00eax Xidir r\u00fb bide. Ji w\u00ea dem\u00ea ve diyar b\u00fb ku \u015eingal b\u00ea parastin e. Beriya 2014\u2019an, DA\u00ce\u015e\u2019\u00ea bi salan xwe li \u00ceraq\u00ea, li dever\u00ean weke Enbar, Fel\u00fbce \u00fb Geyara bi r\u00eaxistin dikir \u00fb gelek caran \u00ear\u00ee\u015f p\u00eak tan\u00een. Di p\u00eavajoyeke wisa hesas de \u015eingal her\u00eameke bi nakok \u00fb b\u00ea parastin b\u00fb. Civaka \u00cazid\u00ee di w\u00ea dem\u00ea de derbar\u00ea parastina xwe de ne \u015fiyar b\u00fb, ji ber ku ji siyaset\u00ea hatib\u00fb d\u00fbrxistin. Metirs\u00ee pir z\u00eade heb\u00fb \u00fb li ber \u00e7avan b\u00fb, l\u00ea civak b\u00ea p\u00ea\u015feng \u00fb \u00e7areser\u00ee b\u00fb. Di heman dem\u00ea de \u00a0civak dihat xapandin.<\/p>\n<p><strong>Bi ketina M\u00fbsil\u00ea re DA\u00ce\u015e\u2019\u00ea h\u00eaza xwe d\u00eet ku \u00ear\u00ee\u015f\u00ee her dever\u00ea bike<\/strong><\/p>\n<p>Li 10. 06. 2014\u2019an \u00e7etey\u00ean DA\u00ce\u015e\u2019\u00ea bi \u00ear\u00ee\u015feke berfireh bajar\u00ea M\u00fbsil\u00ea bi temam\u00ee girtin. Pi\u015ft\u00ee w\u00ea bi du rojan ketin bajar\u00ea Tilafer\u00ea. \u015eingal 125 km dikeve rojavay\u00ea M\u00fbsil\u00ea. Her weha 54 km di navbera Bajar\u00ea Tilafer \u00fb \u015eingal\u00ea de ye. Beriya 3. 08. 2014\u2019an gelek caran DA\u00ce\u015e\u2019\u00ea xwest \u00ear\u00ee\u015f b\u00eene ser \u015eingal\u00ea. Her\u00eam ji her al\u00ee ve xistib\u00fb dorp\u00ea\u00e7\u00ea. Di w\u00ea wext\u00ea de gaz, xaz \u00fb ceyran bi temam\u00ee li ser her\u00eama \u015eingal\u00ea hat qutkirin. Her\u00eam di nava metirsiyeke mezin de b\u00fb. D\u00eesa di w\u00ea dem\u00ea de p\u00ea\u015fmergey\u00ean PDK\u2019\u00ea li nava civak\u00ea digeriyan \u00fb sileh\u00ean gel j\u00ea distandin, ji bona ku nikaribin parastina xwe bikin. V\u00ea yek\u00ea diyar dikir ku PDK bi DA\u00ce\u015e\u2019\u00ea re li ser qirkirina civaka \u00cazid\u00ee li hev kiriye. Beriya ku ferman r\u00fb bide, bi deh\u00ean caran p\u00ea\u015fmerg\u00ean PDK\u2019\u00ea ji civak\u00ea re gotin ku; <strong>\u00cazid\u00ee koka Kurd\u00eeniy\u00ea ye, em \u00ea \u015eingal\u00ea bipar\u00eazin netirsin!<\/strong> Beriya ferman\u00ea bi \u00e7end rojan DA\u00ce\u015e\u2019\u00ea xwest ku ji nav\u00e7e (nahiya) Reb\u00eea ku 86 km d\u00fbr\u00ee bajar\u00ea \u015eingal\u00ea ye \u00ear\u00ee\u015f bikin. Di w\u00ea dem\u00ea de PDK bi DA\u00ce\u015e\u2019\u00ea re cardin li hev kir ku ji aliy\u00ea Rab\u00eea ve \u00ear\u00ee\u015f nekin, ji bona ku p\u00ea\u015fmerge bikaribin di r\u00eaka Reb\u00eea re birevin. Ger ku \u00ear\u00ee\u015f ji aliy\u00ea Reb\u00eea ve hatibe \u00e7\u00eakirin, r\u00eayek\u00ee ku p\u00ea\u015fmerga t\u00ea re birevin nedima<strong>. <\/strong><\/p>\n<p><strong>Xort\u00ean \u00cazid\u00ee \u00a0li gund \u00fb bajar\u00ean xwe di satiran de nobeta xwe digirtin <\/strong><\/p>\n<p>Li 3 Tabaxa 2014\u2019an, di seat 3\u2019\u00ea \u015fev\u00ea de DA\u00ce\u015e ji bajar\u00ea Beac ku 33 km d\u00fbr\u00ee \u015eingal\u00ea ya dest bi \u00ear\u00ee\u015f\u00ea kir. \u015eerek\u00ee mezin li gund\u00ea Girzerik, Til Ez\u00ear \u00fb S\u00eeba \u015e\u00eax Xidir r\u00fb da. Ji seat 3 \u015fev\u00ea heya 7\u2019\u00ea sehar\u00ea b\u00ea navber \u015fer di navbera xort\u00ean \u00cazid\u00ee y\u00ean di satiran \u00fb DA\u00ce\u015e\u2019\u00ea de dewam kir. Xort\u00ean \u00cazid\u00ee bi \u00e7ek\u00ean sivik \u00ean ferd\u00ee li beramber\u00ee top \u00fb silah\u00ean giran \u00ea DA\u00ce\u015e\u2019\u00ea berxwedaniyeke mezin dan me\u015fandin. Roja 3\u2019\u00ea Tebax\u00ea, fermana 73\u2019yan dest p\u00ea kir. Di roja ferman\u00ea de 12.000 p\u00ea\u015fmerg\u00ean PDK\u2019\u00ea di seat 9\u2019\u00ea sehar\u00ea de hem\u00fb h\u00eaza xwe li bajar\u00ea \u015eingal \u00fb nahiya Sin\u00fbn\u00ea kom kirin. B\u00eay\u00ee ku yek f\u00ee\u015fek\u00ea biteq\u00eenin, \u015eingal tesl\u00eem\u00ee DA\u00ce\u015e\u2019\u00ea kirin. Bi tang \u00fb top\u00ean xwe beriya gel reviyan \u00fb \u00e7\u00fbn. Gel b\u00ea parastin ma, bi sedhezaran gel ji bona ku parastina xwe bikin, ber\u00ea xwe dane \u00e7iyay\u00ea \u015eingal\u00ea. Gelek jin, zarok, p\u00eer \u00fb kal ji t\u00een \u00fb n\u00eazan jiyana xwe ji dest dan. Bi dehan ke\u00e7\u00ean ciwan xwe ji zinaran av\u00eatin, demar\u00ea dest\u00ea xwe bir\u00een da ku d\u00eel nekevin dest\u00ea DA\u00ce\u015e\u2019\u00ea.<\/p>\n<p><strong>12 siwariyan destana qehreman\u00ee niv\u00eesandin <\/strong><\/p>\n<p>Di roja ferman\u00ea \u00a0de 12 siwariy\u00ean HPG \u00db YJA-STAR\u2019\u00ea li \u015eingal\u00ea b\u00fbn. Her 12 siwariyan \u015fer kirin \u00fb hewil dan ku gel bipar\u00eazin. Gel ji berxwedana Siwariyan h\u00eaz \u00fb moraleke mezin girt. Dem\u00ea ku gel d\u00eet h\u00eazek heye ku \u015fer dike, w\u00ea dem\u00ea tirsa mirin\u00ea ya neman\u00ea li ser \u00e7av\u00ean wan rab\u00fb. 4\u2019\u00ea Tabax\u00ea ger\u00eelay\u00ean HPG \u00fb YJA-STAR\u2019\u00ea, \u015fervan\u00ean YPG \u00fb YPJ\u2019\u00ea ji \u00e7iyay\u00ean azad \u00fb Rojavay\u00ea Kurdistan\u00ea ber\u00ea xwe dane \u015eingal\u00ea \u00fb mudaxaleya ferman\u00ea, qirkirin\u00ea kirin. \u015eervan\u00ean azadiy\u00ea bi hezaran gel ji komkujiy\u00ea rizgar kirin \u00fb r\u00ea li ber qirkirina li ser civaka \u00cazid\u00ee girtin.<\/p>\n<p><strong>D\u00eelgirtina ke\u00e7 \u00fb jin\u00ean \u00cazid\u00ee bir\u00eeneke ku nay\u00ea dermankirin e<\/strong><\/p>\n<p>Di encam\u00ea ferman\u00ea de bi hezaran ke\u00e7, jin, zarok, xort p\u00eer \u00fb kal ketin dest\u00ea DA\u00ce\u015e\u2019\u00ea. Bi sed hezaran gel ji axa xwe ko\u00e7ber b\u00fbn. Ke\u00e7 \u00fb jin\u00ean ciwan di bazaran de hatin firotin, zarok ji xwe re birin \u00fb ji day\u00eek\u00ean wan qut kirin, xort \u00fb m\u00ear j\u00ee ku\u015ftin. Her wiha bi sedan p\u00eer, kal \u00fb zarok li ser r\u00eayan, li \u00e7iy\u00ea ji t\u00een \u00fb n\u00eazan jiyana xwe ji dest dan. DA\u00ce\u015e\u2019\u00ea li her\u00eama \u015eingal\u00ea bi dehan komkuj\u00ee p\u00eak an\u00een. Ke\u00e7 \u00fb jin\u00ean ku d\u00eel ketin nava lep\u00ean hov\u00ean DA\u00ce\u015e\u2019\u00ea rast\u00ee tecawiz, \u015f\u00eedet \u00fb qetilkirin\u00ea hatin. Di ferman\u00ea de her\u00ee z\u00eade jin b\u00fbn qurban\u00ee. Ji ber ku di \u015fexs\u00ea jin de xwestin \u00e7and, bawer\u00ee \u00fb ola civaka \u00cazid\u00ee qir bikin \u00fb ji hol\u00ea rakin. DA\u00ce\u015e\u2019\u00ea \u00ear\u00ee\u015f bir ser bawer\u00ee \u00fb \u00e7anda civaka \u00cazid\u00ee, ji ber w\u00ea ke\u00e7 \u00fb jin girtin, mezargeh \u00fb cih\u00ean p\u00eeroz teqandin \u00fb xira kirin. <strong>Heya niha j\u00ee \u00e7aren\u00fbsa bi hezaran ke\u00e7, jin, zarok \u00fb xort\u00ean \u00cazid\u00ee ne diyar e!<\/strong><\/p>\n<p><strong>Ferman 73\u2019an b\u00fb derseke d\u00eerok\u00ee ji bona civaka \u00cazid\u00ee<\/strong>. Bi sedan \u00cazidiy\u00ean ku xwe li \u00e7iy\u00ea sipartin \u00fb dev ji ax \u00fb ava xwe bernedan. Bi \u00eeradeyeke mezin berxwedan \u00fb h\u00eaza xwe ava kirin. Ji bona p\u00ea\u015f\u00eegirtina li fermanan, bi fikir \u00fb raman\u00ean R\u00eaber APO civaka \u00cazid\u00ee xwe di aliy\u00ea le\u015fker\u00ee, siyas\u00ee \u00fb civak\u00ee de r\u00eaxistin kirin. Ev yek j\u00ee encam\u00ea berxwedan\u00ee \u00fb mudaxaleya \u015eervan\u00ean Azadiy\u00ea y\u00ean R\u00eaber APO b\u00fb. Ji bona parastina \u015eingal \u00fb civaka \u00cazid\u00ee, ger\u00eelay\u00ean HPG \u00fb YJA-STAR, \u015fervan\u00ean YPG \u00fb YPJ\u2019\u00ea bi sedan \u015feh\u00eed dan. Bi saya van \u015feh\u00eedan \u00eero \u015eingala azad xweseriya xwe dixwaze. Civaka \u00cazid\u00ee ji ferman\u00ea dersa xwe parastin \u00fb xwe bi r\u00eavebirin\u00ea girt \u00fb li ser v\u00ee esas\u00ee xwe bi r\u00eaxistin dike. Civaka \u00cazid\u00ee xwed\u00ee mafek\u00ee rewa ye ku xweseriya xwe ava bike. Ji xwe civaka \u00cazid\u00ee di \u00e7and \u00fb baweriya xwe de xweser e, ne weke tu civak\u00ean din e. Ji ber v\u00ea yek\u00ea j\u00ee xweser\u00ee \u00fb jiyaneke azad maf\u00ea me ye. \u00cazid\u00ee nikarin ku careke din \u00e7aren\u00fbsa xwe bixin dest\u00ea hinek\u00ee din ku \u00a0keng\u00ea bixwazibin me qir bikin.<\/p>\n<p><strong>Ferman bi daw\u00ee nab\u00fbye, h\u00eena dewam dike<\/strong><\/p>\n<p>\u00car\u00ee\u015f\u00ean li ser r\u00eaxistin, heb\u00fbn \u00fb \u00eeradeya civaka \u00cazid\u00ee, bi taybet hedef girtina p\u00ea\u015feng\u00ean civaka \u00cazid\u00ee berdewamiya ferman\u00ea ye. Hedef ji hevpeymana 9 cotmeh\u00ea, \u00ear\u00ee\u015f\u00ean balafir\u00ean dewleta Tirk \u00fb her\u00ee daw\u00ee j\u00ee \u00ear\u00ee\u015fa art\u00ea\u015fa \u00ceraq\u00ea li ser civaka \u00cazid\u00ee ye li \u015eingal\u00ea, tunekirina \u00eerade \u00fb r\u00eaxistina civaka \u00cazid\u00ee ye. Ev j\u00ee berdewamiya ferman\u00ea bixwe ye.<\/p>\n<p>Di v\u00ea meh\u00ea de civaka \u00cazid\u00ee li \u015eingal\u00ea rast\u00ee du \u00ear\u00ee\u015fan hat, dewleta Tirk ji heway\u00ee \u00ear\u00ee\u015f kir. Art\u00ea\u015fa \u00ceraq\u00ea j\u00ee ji bejah\u00ee \u00ear\u00ee\u015f kir. Ev herdu \u00ear\u00ee\u015f di p\u00eavajoya salvegera 7\u2019m\u00een a fermana 74\u2019an de p\u00eak hatin. Ev diyar dike ku h\u00eena ferman ji her al\u00ee ve dewam dike, ji dest\u00ea wan wer\u00ea ti\u015fta ku DA\u00ce\u015e\u2019\u00ea bi ser\u00ea civaka \u00cazid\u00ee de nekiriye ew \u00ea bikin. Jixwe ji gelek belge \u00fb del\u00eelan j\u00ee diyar dibe ku dewleta Tirk hevkar \u00fb al\u00eekar\u00ea DA\u00ce\u015e\u2019\u00ea ye. Ji ber ku bi hem\u00fb h\u00eaza xwe t\u00ean ser nirx \u00fb destkeftiy\u00ean civaka \u00cazid\u00ee. L\u00ea xelk\u00ea \u00cazid\u00ee \u00ead\u00ee \u015fiyar e \u00fb dikar\u00ea parastina xwe bike. Li beramber\u00ee hem\u00fb curey\u00ean ferman\u00ea xwe bi r\u00eaxistin dike.<\/p>\n<p><strong>\u00cazidiy\u00ean ko\u00e7ber di fermana sip\u00ee \u00fb helandina \u00e7and\u00ee re derbas dibin<\/strong><\/p>\n<p>Li ser \u00cazidiy\u00ean ko\u00e7ber b\u00fbne \u015fer\u00ea taybet t\u00ea me\u015fandin. \u00cazidiy\u00ean ku li kamp\u00ean Ba\u015f\u00fbr in, bi rezalet\u00ee jiyan dikin, nikarin vegerin war\u00ea xwe \u00fb li ser axa xwe jiyan bikin. Civaka ku bi keda dest\u00ea xwe jiyana xwe bi salan domandiye \u00eero dest\u00ea xwe vedike. Civak ji \u00e7anda xwe ya kedkar\u00ee t\u00ea d\u00fbrxistin. Ji \u00e7and, bawer\u00ee, orf \u00fb adet\u00ean xwe t\u00eane d\u00fbrxistin. Bi taybet \u00cazidiy\u00ean ku ko\u00e7ber\u00ee diyaspora b\u00fbne, di as\u00eem\u00eelasyon\u00ea re derbas dibin.<\/p>\n<p>Ji bona ku destkeft\u00ee, \u00e7and, d\u00eerok \u00fb baweriya qed\u00eem a \u00cazdatiy\u00ea were parastin, div\u00ea civaka \u00cazid\u00ee li war\u00ea xwe vegere \u00fb \u015eingala p\u00eeroz ava bike \u00fb bipar\u00eaze.<\/p>\n<p style=\"text-align: right;\"><strong>Suham \u015eingal\u00ee<\/strong><\/p>\n<p>&nbsp;<\/p>\n<p>&nbsp;<\/p>\n<p>&nbsp;<\/p>\n<p>&nbsp;<\/p>\n<p><strong>\u00a0<\/strong><\/p>\n<p><strong>\u00a0<\/strong><\/p>\n","protected":false},"excerpt":{"rendered":"<p>&nbsp; Civaka \u00cazid\u00ee yek ji civak\u00ean her\u00ee kevnar e ku li ser xaka z\u00ear\u00een a Mezopotamya bi hezar\u00ean salan jiyan kiriye. Civaka \u00cazid\u00ee ku xwed\u00ee d\u00eerok, \u00e7and \u00fb bawer\u00ee\u00a0 kevnar e di dirok\u00ea de 74 caran r\u00fb bi r\u00fby\u00ee fermanan hatiye. Bi deh\u00ean caran \u00cazid\u00ee ji c\u00eeh \u00fb war\u00ean xwe ko\u00e7ber b\u00fbne \u00fb welat\u00ea wan &hellip;<\/p>\n","protected":false},"author":2,"featured_media":1402,"comment_status":"closed","ping_status":"closed","sticky":false,"template":"","format":"standard","meta":{"footnotes":""},"categories":[2],"tags":[],"class_list":["post-1401","post","type-post","status-publish","format-standard","has-post-thumbnail","hentry","category-analiz"],"yoast_head":"<!-- This site is optimized with the Yoast SEO plugin v27.4 - https:\/\/yoast.com\/product\/yoast-seo-wordpress\/ -->\n<title>DI SEDSALA 21\u2019AN DE C\u00ceNOSAYDA LI SER CIVAKA \u00caZID\u00ce - taje<\/title>\n<meta name=\"robots\" content=\"index, follow, max-snippet:-1, max-image-preview:large, max-video-preview:-1\" \/>\n<link rel=\"canonical\" href=\"https:\/\/taje-shengal.com\/index.php\/2022\/08\/09\/di-sedsala-21an-de-cinosayda-li-ser-civaka-ezidi\/\" \/>\n<meta property=\"og:locale\" content=\"en_US\" \/>\n<meta property=\"og:type\" content=\"article\" \/>\n<meta property=\"og:title\" content=\"DI SEDSALA 21\u2019AN DE C\u00ceNOSAYDA LI SER CIVAKA \u00caZID\u00ce - taje\" \/>\n<meta property=\"og:description\" content=\"&nbsp; Civaka \u00cazid\u00ee yek ji civak\u00ean her\u00ee kevnar e ku li ser xaka z\u00ear\u00een a Mezopotamya bi hezar\u00ean salan jiyan kiriye. Civaka \u00cazid\u00ee ku xwed\u00ee d\u00eerok, \u00e7and \u00fb bawer\u00ee\u00a0 kevnar e di dirok\u00ea de 74 caran r\u00fb bi r\u00fby\u00ee fermanan hatiye. Bi deh\u00ean caran \u00cazid\u00ee ji c\u00eeh \u00fb war\u00ean xwe ko\u00e7ber b\u00fbne \u00fb welat\u00ea wan &hellip;\" \/>\n<meta property=\"og:url\" content=\"https:\/\/taje-shengal.com\/index.php\/2022\/08\/09\/di-sedsala-21an-de-cinosayda-li-ser-civaka-ezidi\/\" \/>\n<meta property=\"og:site_name\" content=\"taje\" \/>\n<meta property=\"article:author\" content=\"www.facebook.com\/profile.php?id=61581205080900\" \/>\n<meta property=\"article:published_time\" content=\"2022-08-09T08:02:58+00:00\" \/>\n<meta property=\"article:modified_time\" content=\"2022-08-09T08:16:22+00:00\" \/>\n<meta property=\"og:image\" content=\"https:\/\/taje-shengal.com\/wp-content\/uploads\/2022\/08\/147.png\" \/>\n\t<meta property=\"og:image:width\" content=\"526\" \/>\n\t<meta property=\"og:image:height\" content=\"347\" \/>\n\t<meta property=\"og:image:type\" content=\"image\/png\" \/>\n<meta name=\"author\" content=\"admin1\" \/>\n<meta name=\"twitter:card\" content=\"summary_large_image\" \/>\n<meta name=\"twitter:label1\" content=\"Written by\" \/>\n\t<meta name=\"twitter:data1\" content=\"admin1\" \/>\n\t<meta name=\"twitter:label2\" content=\"Est. reading time\" \/>\n\t<meta name=\"twitter:data2\" content=\"8 minutes\" \/>\n<script type=\"application\/ld+json\" class=\"yoast-schema-graph\">{\"@context\":\"https:\\\/\\\/schema.org\",\"@graph\":[{\"@type\":\"Article\",\"@id\":\"https:\\\/\\\/taje-shengal.com\\\/index.php\\\/2022\\\/08\\\/09\\\/di-sedsala-21an-de-cinosayda-li-ser-civaka-ezidi\\\/#article\",\"isPartOf\":{\"@id\":\"https:\\\/\\\/taje-shengal.com\\\/index.php\\\/2022\\\/08\\\/09\\\/di-sedsala-21an-de-cinosayda-li-ser-civaka-ezidi\\\/\"},\"author\":{\"name\":\"admin1\",\"@id\":\"https:\\\/\\\/taje-shengal.com\\\/#\\\/schema\\\/person\\\/6b255472677a92d4ee1755822fa3c622\"},\"headline\":\"DI SEDSALA 21\u2019AN DE C\u00ceNOSAYDA LI SER CIVAKA \u00caZID\u00ce\",\"datePublished\":\"2022-08-09T08:02:58+00:00\",\"dateModified\":\"2022-08-09T08:16:22+00:00\",\"mainEntityOfPage\":{\"@id\":\"https:\\\/\\\/taje-shengal.com\\\/index.php\\\/2022\\\/08\\\/09\\\/di-sedsala-21an-de-cinosayda-li-ser-civaka-ezidi\\\/\"},\"wordCount\":1935,\"image\":{\"@id\":\"https:\\\/\\\/taje-shengal.com\\\/index.php\\\/2022\\\/08\\\/09\\\/di-sedsala-21an-de-cinosayda-li-ser-civaka-ezidi\\\/#primaryimage\"},\"thumbnailUrl\":\"https:\\\/\\\/taje-shengal.com\\\/wp-content\\\/uploads\\\/2022\\\/08\\\/147.png\",\"articleSection\":[\"ANAL\u00ceZ\"],\"inLanguage\":\"en-US\"},{\"@type\":\"WebPage\",\"@id\":\"https:\\\/\\\/taje-shengal.com\\\/index.php\\\/2022\\\/08\\\/09\\\/di-sedsala-21an-de-cinosayda-li-ser-civaka-ezidi\\\/\",\"url\":\"https:\\\/\\\/taje-shengal.com\\\/index.php\\\/2022\\\/08\\\/09\\\/di-sedsala-21an-de-cinosayda-li-ser-civaka-ezidi\\\/\",\"name\":\"DI SEDSALA 21\u2019AN DE C\u00ceNOSAYDA LI SER CIVAKA \u00caZID\u00ce - taje\",\"isPartOf\":{\"@id\":\"https:\\\/\\\/taje-shengal.com\\\/#website\"},\"primaryImageOfPage\":{\"@id\":\"https:\\\/\\\/taje-shengal.com\\\/index.php\\\/2022\\\/08\\\/09\\\/di-sedsala-21an-de-cinosayda-li-ser-civaka-ezidi\\\/#primaryimage\"},\"image\":{\"@id\":\"https:\\\/\\\/taje-shengal.com\\\/index.php\\\/2022\\\/08\\\/09\\\/di-sedsala-21an-de-cinosayda-li-ser-civaka-ezidi\\\/#primaryimage\"},\"thumbnailUrl\":\"https:\\\/\\\/taje-shengal.com\\\/wp-content\\\/uploads\\\/2022\\\/08\\\/147.png\",\"datePublished\":\"2022-08-09T08:02:58+00:00\",\"dateModified\":\"2022-08-09T08:16:22+00:00\",\"author\":{\"@id\":\"https:\\\/\\\/taje-shengal.com\\\/#\\\/schema\\\/person\\\/6b255472677a92d4ee1755822fa3c622\"},\"breadcrumb\":{\"@id\":\"https:\\\/\\\/taje-shengal.com\\\/index.php\\\/2022\\\/08\\\/09\\\/di-sedsala-21an-de-cinosayda-li-ser-civaka-ezidi\\\/#breadcrumb\"},\"inLanguage\":\"en-US\",\"potentialAction\":[{\"@type\":\"ReadAction\",\"target\":[\"https:\\\/\\\/taje-shengal.com\\\/index.php\\\/2022\\\/08\\\/09\\\/di-sedsala-21an-de-cinosayda-li-ser-civaka-ezidi\\\/\"]}]},{\"@type\":\"ImageObject\",\"inLanguage\":\"en-US\",\"@id\":\"https:\\\/\\\/taje-shengal.com\\\/index.php\\\/2022\\\/08\\\/09\\\/di-sedsala-21an-de-cinosayda-li-ser-civaka-ezidi\\\/#primaryimage\",\"url\":\"https:\\\/\\\/taje-shengal.com\\\/wp-content\\\/uploads\\\/2022\\\/08\\\/147.png\",\"contentUrl\":\"https:\\\/\\\/taje-shengal.com\\\/wp-content\\\/uploads\\\/2022\\\/08\\\/147.png\",\"width\":526,\"height\":347},{\"@type\":\"BreadcrumbList\",\"@id\":\"https:\\\/\\\/taje-shengal.com\\\/index.php\\\/2022\\\/08\\\/09\\\/di-sedsala-21an-de-cinosayda-li-ser-civaka-ezidi\\\/#breadcrumb\",\"itemListElement\":[{\"@type\":\"ListItem\",\"position\":1,\"name\":\"Home\",\"item\":\"https:\\\/\\\/taje-shengal.com\\\/\"},{\"@type\":\"ListItem\",\"position\":2,\"name\":\"DI SEDSALA 21\u2019AN DE C\u00ceNOSAYDA LI SER CIVAKA \u00caZID\u00ce\"}]},{\"@type\":\"WebSite\",\"@id\":\"https:\\\/\\\/taje-shengal.com\\\/#website\",\"url\":\"https:\\\/\\\/taje-shengal.com\\\/\",\"name\":\"taje\",\"description\":\"\",\"potentialAction\":[{\"@type\":\"SearchAction\",\"target\":{\"@type\":\"EntryPoint\",\"urlTemplate\":\"https:\\\/\\\/taje-shengal.com\\\/?s={search_term_string}\"},\"query-input\":{\"@type\":\"PropertyValueSpecification\",\"valueRequired\":true,\"valueName\":\"search_term_string\"}}],\"inLanguage\":\"en-US\"},{\"@type\":\"Person\",\"@id\":\"https:\\\/\\\/taje-shengal.com\\\/#\\\/schema\\\/person\\\/6b255472677a92d4ee1755822fa3c622\",\"name\":\"admin1\",\"image\":{\"@type\":\"ImageObject\",\"inLanguage\":\"en-US\",\"@id\":\"https:\\\/\\\/secure.gravatar.com\\\/avatar\\\/0e540f8fea35199ef5d34092bfe4dc9f46818bfa1eb17ec4b585b5c6a367f165?s=96&d=mm&r=g\",\"url\":\"https:\\\/\\\/secure.gravatar.com\\\/avatar\\\/0e540f8fea35199ef5d34092bfe4dc9f46818bfa1eb17ec4b585b5c6a367f165?s=96&d=mm&r=g\",\"contentUrl\":\"https:\\\/\\\/secure.gravatar.com\\\/avatar\\\/0e540f8fea35199ef5d34092bfe4dc9f46818bfa1eb17ec4b585b5c6a367f165?s=96&d=mm&r=g\",\"caption\":\"admin1\"},\"sameAs\":[\"www.facebook.com\\\/profile.php?id=61581205080900\"],\"url\":\"https:\\\/\\\/taje-shengal.com\\\/index.php\\\/author\\\/admin1\\\/\"}]}<\/script>\n<!-- \/ Yoast SEO plugin. -->","yoast_head_json":{"title":"DI SEDSALA 21\u2019AN DE C\u00ceNOSAYDA LI SER CIVAKA \u00caZID\u00ce - taje","robots":{"index":"index","follow":"follow","max-snippet":"max-snippet:-1","max-image-preview":"max-image-preview:large","max-video-preview":"max-video-preview:-1"},"canonical":"https:\/\/taje-shengal.com\/index.php\/2022\/08\/09\/di-sedsala-21an-de-cinosayda-li-ser-civaka-ezidi\/","og_locale":"en_US","og_type":"article","og_title":"DI SEDSALA 21\u2019AN DE C\u00ceNOSAYDA LI SER CIVAKA \u00caZID\u00ce - taje","og_description":"&nbsp; Civaka \u00cazid\u00ee yek ji civak\u00ean her\u00ee kevnar e ku li ser xaka z\u00ear\u00een a Mezopotamya bi hezar\u00ean salan jiyan kiriye. Civaka \u00cazid\u00ee ku xwed\u00ee d\u00eerok, \u00e7and \u00fb bawer\u00ee\u00a0 kevnar e di dirok\u00ea de 74 caran r\u00fb bi r\u00fby\u00ee fermanan hatiye. Bi deh\u00ean caran \u00cazid\u00ee ji c\u00eeh \u00fb war\u00ean xwe ko\u00e7ber b\u00fbne \u00fb welat\u00ea wan &hellip;","og_url":"https:\/\/taje-shengal.com\/index.php\/2022\/08\/09\/di-sedsala-21an-de-cinosayda-li-ser-civaka-ezidi\/","og_site_name":"taje","article_author":"www.facebook.com\/profile.php?id=61581205080900","article_published_time":"2022-08-09T08:02:58+00:00","article_modified_time":"2022-08-09T08:16:22+00:00","og_image":[{"width":526,"height":347,"url":"https:\/\/taje-shengal.com\/wp-content\/uploads\/2022\/08\/147.png","type":"image\/png"}],"author":"admin1","twitter_card":"summary_large_image","twitter_misc":{"Written by":"admin1","Est. reading time":"8 minutes"},"schema":{"@context":"https:\/\/schema.org","@graph":[{"@type":"Article","@id":"https:\/\/taje-shengal.com\/index.php\/2022\/08\/09\/di-sedsala-21an-de-cinosayda-li-ser-civaka-ezidi\/#article","isPartOf":{"@id":"https:\/\/taje-shengal.com\/index.php\/2022\/08\/09\/di-sedsala-21an-de-cinosayda-li-ser-civaka-ezidi\/"},"author":{"name":"admin1","@id":"https:\/\/taje-shengal.com\/#\/schema\/person\/6b255472677a92d4ee1755822fa3c622"},"headline":"DI SEDSALA 21\u2019AN DE C\u00ceNOSAYDA LI SER CIVAKA \u00caZID\u00ce","datePublished":"2022-08-09T08:02:58+00:00","dateModified":"2022-08-09T08:16:22+00:00","mainEntityOfPage":{"@id":"https:\/\/taje-shengal.com\/index.php\/2022\/08\/09\/di-sedsala-21an-de-cinosayda-li-ser-civaka-ezidi\/"},"wordCount":1935,"image":{"@id":"https:\/\/taje-shengal.com\/index.php\/2022\/08\/09\/di-sedsala-21an-de-cinosayda-li-ser-civaka-ezidi\/#primaryimage"},"thumbnailUrl":"https:\/\/taje-shengal.com\/wp-content\/uploads\/2022\/08\/147.png","articleSection":["ANAL\u00ceZ"],"inLanguage":"en-US"},{"@type":"WebPage","@id":"https:\/\/taje-shengal.com\/index.php\/2022\/08\/09\/di-sedsala-21an-de-cinosayda-li-ser-civaka-ezidi\/","url":"https:\/\/taje-shengal.com\/index.php\/2022\/08\/09\/di-sedsala-21an-de-cinosayda-li-ser-civaka-ezidi\/","name":"DI SEDSALA 21\u2019AN DE C\u00ceNOSAYDA LI SER CIVAKA \u00caZID\u00ce - taje","isPartOf":{"@id":"https:\/\/taje-shengal.com\/#website"},"primaryImageOfPage":{"@id":"https:\/\/taje-shengal.com\/index.php\/2022\/08\/09\/di-sedsala-21an-de-cinosayda-li-ser-civaka-ezidi\/#primaryimage"},"image":{"@id":"https:\/\/taje-shengal.com\/index.php\/2022\/08\/09\/di-sedsala-21an-de-cinosayda-li-ser-civaka-ezidi\/#primaryimage"},"thumbnailUrl":"https:\/\/taje-shengal.com\/wp-content\/uploads\/2022\/08\/147.png","datePublished":"2022-08-09T08:02:58+00:00","dateModified":"2022-08-09T08:16:22+00:00","author":{"@id":"https:\/\/taje-shengal.com\/#\/schema\/person\/6b255472677a92d4ee1755822fa3c622"},"breadcrumb":{"@id":"https:\/\/taje-shengal.com\/index.php\/2022\/08\/09\/di-sedsala-21an-de-cinosayda-li-ser-civaka-ezidi\/#breadcrumb"},"inLanguage":"en-US","potentialAction":[{"@type":"ReadAction","target":["https:\/\/taje-shengal.com\/index.php\/2022\/08\/09\/di-sedsala-21an-de-cinosayda-li-ser-civaka-ezidi\/"]}]},{"@type":"ImageObject","inLanguage":"en-US","@id":"https:\/\/taje-shengal.com\/index.php\/2022\/08\/09\/di-sedsala-21an-de-cinosayda-li-ser-civaka-ezidi\/#primaryimage","url":"https:\/\/taje-shengal.com\/wp-content\/uploads\/2022\/08\/147.png","contentUrl":"https:\/\/taje-shengal.com\/wp-content\/uploads\/2022\/08\/147.png","width":526,"height":347},{"@type":"BreadcrumbList","@id":"https:\/\/taje-shengal.com\/index.php\/2022\/08\/09\/di-sedsala-21an-de-cinosayda-li-ser-civaka-ezidi\/#breadcrumb","itemListElement":[{"@type":"ListItem","position":1,"name":"Home","item":"https:\/\/taje-shengal.com\/"},{"@type":"ListItem","position":2,"name":"DI SEDSALA 21\u2019AN DE C\u00ceNOSAYDA LI SER CIVAKA \u00caZID\u00ce"}]},{"@type":"WebSite","@id":"https:\/\/taje-shengal.com\/#website","url":"https:\/\/taje-shengal.com\/","name":"taje","description":"","potentialAction":[{"@type":"SearchAction","target":{"@type":"EntryPoint","urlTemplate":"https:\/\/taje-shengal.com\/?s={search_term_string}"},"query-input":{"@type":"PropertyValueSpecification","valueRequired":true,"valueName":"search_term_string"}}],"inLanguage":"en-US"},{"@type":"Person","@id":"https:\/\/taje-shengal.com\/#\/schema\/person\/6b255472677a92d4ee1755822fa3c622","name":"admin1","image":{"@type":"ImageObject","inLanguage":"en-US","@id":"https:\/\/secure.gravatar.com\/avatar\/0e540f8fea35199ef5d34092bfe4dc9f46818bfa1eb17ec4b585b5c6a367f165?s=96&d=mm&r=g","url":"https:\/\/secure.gravatar.com\/avatar\/0e540f8fea35199ef5d34092bfe4dc9f46818bfa1eb17ec4b585b5c6a367f165?s=96&d=mm&r=g","contentUrl":"https:\/\/secure.gravatar.com\/avatar\/0e540f8fea35199ef5d34092bfe4dc9f46818bfa1eb17ec4b585b5c6a367f165?s=96&d=mm&r=g","caption":"admin1"},"sameAs":["www.facebook.com\/profile.php?id=61581205080900"],"url":"https:\/\/taje-shengal.com\/index.php\/author\/admin1\/"}]}},"_links":{"self":[{"href":"https:\/\/taje-shengal.com\/index.php\/wp-json\/wp\/v2\/posts\/1401","targetHints":{"allow":["GET"]}}],"collection":[{"href":"https:\/\/taje-shengal.com\/index.php\/wp-json\/wp\/v2\/posts"}],"about":[{"href":"https:\/\/taje-shengal.com\/index.php\/wp-json\/wp\/v2\/types\/post"}],"author":[{"embeddable":true,"href":"https:\/\/taje-shengal.com\/index.php\/wp-json\/wp\/v2\/users\/2"}],"replies":[{"embeddable":true,"href":"https:\/\/taje-shengal.com\/index.php\/wp-json\/wp\/v2\/comments?post=1401"}],"version-history":[{"count":4,"href":"https:\/\/taje-shengal.com\/index.php\/wp-json\/wp\/v2\/posts\/1401\/revisions"}],"predecessor-version":[{"id":1455,"href":"https:\/\/taje-shengal.com\/index.php\/wp-json\/wp\/v2\/posts\/1401\/revisions\/1455"}],"wp:featuredmedia":[{"embeddable":true,"href":"https:\/\/taje-shengal.com\/index.php\/wp-json\/wp\/v2\/media\/1402"}],"wp:attachment":[{"href":"https:\/\/taje-shengal.com\/index.php\/wp-json\/wp\/v2\/media?parent=1401"}],"wp:term":[{"taxonomy":"category","embeddable":true,"href":"https:\/\/taje-shengal.com\/index.php\/wp-json\/wp\/v2\/categories?post=1401"},{"taxonomy":"post_tag","embeddable":true,"href":"https:\/\/taje-shengal.com\/index.php\/wp-json\/wp\/v2\/tags?post=1401"}],"curies":[{"name":"wp","href":"https:\/\/api.w.org\/{rel}","templated":true}]}}