{"id":2095,"date":"2024-04-24T12:02:34","date_gmt":"2024-04-24T12:02:34","guid":{"rendered":"https:\/\/taje-shengal.com\/?p=2095"},"modified":"2024-04-24T12:02:34","modified_gmt":"2024-04-24T12:02:34","slug":"li-sengale-jin-ji-bo-aboriya-xwe-ya-serbixwe-tedikosin","status":"publish","type":"post","link":"https:\/\/taje-shengal.com\/index.php\/2024\/04\/24\/li-sengale-jin-ji-bo-aboriya-xwe-ya-serbixwe-tedikosin\/","title":{"rendered":"Li \u015eengal\u00ea jin ji bo aboriya xwe ya serbixwe t\u00eadiko\u015fin"},"content":{"rendered":"<p class=\"entry-lead\">Li \u015eengal\u00ea jin ji bo bidestxistina aboriya xwe ya serbixwe t\u00eadiko\u015fin. Li nav\u00e7eya Xanesor\u00ea ya \u015eengal\u00ea bi p\u00ea\u015fengiya jinan Kafe N\u00eesan ku hem\u00fb xebatkar\u00ean w\u00ea jin in hat vekirin.<\/p>\n<div class=\"row\">\n<div class=\"col-md-6\">\n<div class=\"entry-meta\">\n<p>Li \u015eengal\u00ea jin bi p\u00ea\u015fengiya Tevgera Azadiya Jin\u00ean \u00cazid\u00ee (TAJ\u00ca) li her qad\u00ea xwe bi r\u00eaxistin dikin \u00fb reng \u00fb deng\u00ea xwe li her der\u00ea didin der. Yek ji van qad\u00ean ku jin p\u00ea\u015feng\u00ee j\u00ea re dikin, qada aboriy\u00ea ye. Jin ji bo di v\u00ea qada de j\u00ee xwe bi r\u00eaxistin bikin \u00fb bi keda dest\u00ea xwe debara xwe bikin, kar \u00fb xebat\u00ean xwe didin me\u015fandin. Kom\u00eeteya Abor\u00ee ya TAJ\u00ca li nav\u00e7eya Xanesora \u015eengal\u00ea kafeya bi nav\u00ea N\u00eesan vekir ku hem\u00fb xebatkar\u00ean w\u00ea \u00fb r\u00eaveberiya w\u00ea jin in.<\/p>\n<figure id=\"attachment_2098\" aria-describedby=\"caption-attachment-2098\" style=\"width: 300px\" class=\"wp-caption alignnone\"><img loading=\"lazy\" decoding=\"async\" class=\"size-medium wp-image-2098\" src=\"https:\/\/taje-shengal.com\/wp-content\/uploads\/2024\/04\/12-04-2024-Li-Sengale-jin-ji-bo-aboriya-xwe-ya-serbixwe-tedikosin-4d7027pre-300x169.jpg\" alt=\"\" width=\"300\" height=\"169\" srcset=\"https:\/\/taje-shengal.com\/wp-content\/uploads\/2024\/04\/12-04-2024-Li-Sengale-jin-ji-bo-aboriya-xwe-ya-serbixwe-tedikosin-4d7027pre-300x169.jpg 300w, https:\/\/taje-shengal.com\/wp-content\/uploads\/2024\/04\/12-04-2024-Li-Sengale-jin-ji-bo-aboriya-xwe-ya-serbixwe-tedikosin-4d7027pre-390x220.jpg 390w, https:\/\/taje-shengal.com\/wp-content\/uploads\/2024\/04\/12-04-2024-Li-Sengale-jin-ji-bo-aboriya-xwe-ya-serbixwe-tedikosin-4d7027pre.jpg 600w\" sizes=\"auto, (max-width: 300px) 100vw, 300px\" \/><figcaption id=\"caption-attachment-2098\" class=\"wp-caption-text\">JINHAGENCY<\/figcaption><\/figure>\n<p>Kafe hem bi armanca ku jin bikaribin bi keda dest\u00ea xwe debara xwe bikin \u00fb bi reng\u00ea xwe di qada aboriy\u00ea de cih\u00ea xwe bigirin \u00fb hem j\u00ee ji bo jin li v\u00ea kafey\u00ea b\u00ean gel hev \u00fb bi hev re dem\u00ean xwe\u015f derbas bikin, hatiye vekirin.<\/p>\n<figure id=\"attachment_2099\" aria-describedby=\"caption-attachment-2099\" style=\"width: 300px\" class=\"wp-caption alignnone\"><img loading=\"lazy\" decoding=\"async\" class=\"size-medium wp-image-2099\" src=\"https:\/\/taje-shengal.com\/wp-content\/uploads\/2024\/04\/12-04-2024-Li-Sengale-jin-ji-bo-aboriya-xwe-ya-serbixwe-tedikosin-c57484pre-300x169.jpg\" alt=\"\" width=\"300\" height=\"169\" srcset=\"https:\/\/taje-shengal.com\/wp-content\/uploads\/2024\/04\/12-04-2024-Li-Sengale-jin-ji-bo-aboriya-xwe-ya-serbixwe-tedikosin-c57484pre-300x169.jpg 300w, https:\/\/taje-shengal.com\/wp-content\/uploads\/2024\/04\/12-04-2024-Li-Sengale-jin-ji-bo-aboriya-xwe-ya-serbixwe-tedikosin-c57484pre-390x220.jpg 390w, https:\/\/taje-shengal.com\/wp-content\/uploads\/2024\/04\/12-04-2024-Li-Sengale-jin-ji-bo-aboriya-xwe-ya-serbixwe-tedikosin-c57484pre.jpg 600w\" sizes=\"auto, (max-width: 300px) 100vw, 300px\" \/><figcaption id=\"caption-attachment-2099\" class=\"wp-caption-text\">JINHAGENCY<\/figcaption><\/figure>\n<p>Ji aliy\u00ea din ve di heman roj\u00ea de vekirina Parka \u015eeh\u00eed Dijwar ku ji aliy\u00ea \u015earedariya Xanesor\u00ea ve li k\u00ealeka Kafeya N\u00eesan hatib\u00fb \u00e7\u00eakirin j\u00ee hat kirin. Beriya niha park bi nav\u00ea Xanesor\u00ea b\u00fb l\u00ea pi\u015ft\u00ee n\u00fbkirin\u00ea nav\u00ea w\u00ea hat guhertin. Vekirin ji aliy\u00ea dayika teko\u015fer Dijwar Xox\u00ea Feq\u00eer ve hat kirin.<\/p>\n<p>Di axaftina vekirin\u00ea de Xox\u00ea Feq\u00eer di \u015fexs\u00ea Dijwar de cih li hem\u00fb malbat\u00ean \u015feh\u00eedan \u00fb \u00cazidiyan p\u00eeroz kir.<\/p>\n<p>T\u00eakildar\u00ee vekirina Kafeya N\u00eesan Endama Koord\u00eenasyona Tevgera Azadiya Jin\u00ean \u00cazid\u00ee (TAJ\u00ca) \u015eem\u00ea Hel\u00eeq\u00ee\u00a0 Xele axiv\u00een.<\/p>\n<p><img loading=\"lazy\" decoding=\"async\" class=\"size-medium wp-image-2096\" src=\"https:\/\/taje-shengal.com\/wp-content\/uploads\/2024\/04\/12-04-2024-Li-Sengale-jin-ji-bo-aboriya-xwe-ya-serbixwe-tedikosin-ecc517pre-300x169.jpg\" alt=\"\" width=\"300\" height=\"169\" srcset=\"https:\/\/taje-shengal.com\/wp-content\/uploads\/2024\/04\/12-04-2024-Li-Sengale-jin-ji-bo-aboriya-xwe-ya-serbixwe-tedikosin-ecc517pre-300x169.jpg 300w, https:\/\/taje-shengal.com\/wp-content\/uploads\/2024\/04\/12-04-2024-Li-Sengale-jin-ji-bo-aboriya-xwe-ya-serbixwe-tedikosin-ecc517pre-390x220.jpg 390w, https:\/\/taje-shengal.com\/wp-content\/uploads\/2024\/04\/12-04-2024-Li-Sengale-jin-ji-bo-aboriya-xwe-ya-serbixwe-tedikosin-ecc517pre.jpg 600w\" sizes=\"auto, (max-width: 300px) 100vw, 300px\" \/><\/p>\n<p><strong>\u2018Her ti\u015ft ji dest\u00ea jin \u00fb dayikan p\u00eak t\u00ea\u2019<\/strong><\/p>\n<p>\u201cEv kafeya N\u00eesan ku me vekiriya cih\u00ea jin, dayik \u00fb malbatan e, me xwest bi v\u00ea kafey\u00ea jin, dayik \u00fb malbat b\u00ean gel hev \u00fb bi hev re sohbet bikin. Xebatkar\u00ean kafey\u00ea hem\u00fb jin in, her ti\u015ft\u00ea kafey\u00ea re jin \u00fb dayik eleqedar dibin. \u015e\u00eeraniy\u00ean ku li kafey\u00ea t\u00ea day\u00een jin \u00fb dayik bi dest\u00ea xwe \u00e7\u00ea dikin. Yan\u00ee her ti\u015ft\u00ean kafey\u00ea ji dest\u00ea jin \u00fb dayikan dert\u00ea. Jin \u00fb dayik\u00ean ku kafey\u00ea bi r\u00ea ve dibin hem\u00fb endam\u00ean kom\u00eesyona abor\u00ee ya TAJ\u00ca ne. Her wiha me li k\u00ealeka kafey\u00ea Parka \u015eeh\u00eed Dijwar j\u00ee vekir. Me got dayik\u00ean ku zarok\u00ean xwe t\u00eenin park\u00ea dema zarok\u00ean wan li park\u00ea dil\u00eezin ew j\u00ee li Kafeya N\u00eesan b\u00ean gelhev \u00fb sohbeta xwe bikin.\u201d<\/p>\n<p>&nbsp;<\/p>\n<\/div>\n<\/div>\n<\/div>\n","protected":false},"excerpt":{"rendered":"<p>Li \u015eengal\u00ea jin ji bo bidestxistina aboriya xwe ya serbixwe t\u00eadiko\u015fin. Li nav\u00e7eya Xanesor\u00ea ya \u015eengal\u00ea bi p\u00ea\u015fengiya jinan Kafe N\u00eesan ku hem\u00fb xebatkar\u00ean w\u00ea jin in hat vekirin. Li \u015eengal\u00ea jin bi p\u00ea\u015fengiya Tevgera Azadiya Jin\u00ean \u00cazid\u00ee (TAJ\u00ca) li her qad\u00ea xwe bi r\u00eaxistin dikin \u00fb reng \u00fb deng\u00ea xwe li her der\u00ea didin &hellip;<\/p>\n","protected":false},"author":2,"featured_media":2097,"comment_status":"closed","ping_status":"closed","sticky":false,"template":"","format":"standard","meta":{"footnotes":""},"categories":[13],"tags":[],"class_list":["post-2095","post","type-post","status-publish","format-standard","has-post-thumbnail","hentry","category-cand-u-huner"],"yoast_head":"<!-- This site is optimized with the Yoast SEO plugin v27.5 - https:\/\/yoast.com\/product\/yoast-seo-wordpress\/ -->\n<title>Li \u015eengal\u00ea jin ji bo aboriya xwe ya serbixwe t\u00eadiko\u015fin - taje<\/title>\n<meta name=\"robots\" content=\"index, follow, max-snippet:-1, max-image-preview:large, max-video-preview:-1\" \/>\n<link rel=\"canonical\" href=\"https:\/\/taje-shengal.com\/index.php\/2024\/04\/24\/li-sengale-jin-ji-bo-aboriya-xwe-ya-serbixwe-tedikosin\/\" \/>\n<meta property=\"og:locale\" content=\"en_US\" \/>\n<meta property=\"og:type\" content=\"article\" \/>\n<meta property=\"og:title\" content=\"Li \u015eengal\u00ea jin ji bo aboriya xwe ya serbixwe t\u00eadiko\u015fin - taje\" \/>\n<meta property=\"og:description\" content=\"Li \u015eengal\u00ea jin ji bo bidestxistina aboriya xwe ya serbixwe t\u00eadiko\u015fin. Li nav\u00e7eya Xanesor\u00ea ya \u015eengal\u00ea bi p\u00ea\u015fengiya jinan Kafe N\u00eesan ku hem\u00fb xebatkar\u00ean w\u00ea jin in hat vekirin. Li \u015eengal\u00ea jin bi p\u00ea\u015fengiya Tevgera Azadiya Jin\u00ean \u00cazid\u00ee (TAJ\u00ca) li her qad\u00ea xwe bi r\u00eaxistin dikin \u00fb reng \u00fb deng\u00ea xwe li her der\u00ea didin &hellip;\" \/>\n<meta property=\"og:url\" content=\"https:\/\/taje-shengal.com\/index.php\/2024\/04\/24\/li-sengale-jin-ji-bo-aboriya-xwe-ya-serbixwe-tedikosin\/\" \/>\n<meta property=\"og:site_name\" content=\"taje\" \/>\n<meta property=\"article:author\" content=\"www.facebook.com\/profile.php?id=61581205080900\" \/>\n<meta property=\"article:published_time\" content=\"2024-04-24T12:02:34+00:00\" \/>\n<meta property=\"og:image\" content=\"https:\/\/taje-shengal.com\/wp-content\/uploads\/2024\/04\/20240412-11-jpgae97ad-image.jpg\" \/>\n\t<meta property=\"og:image:width\" content=\"990\" \/>\n\t<meta property=\"og:image:height\" content=\"556\" \/>\n\t<meta property=\"og:image:type\" content=\"image\/jpeg\" \/>\n<meta name=\"author\" content=\"admin1\" \/>\n<meta name=\"twitter:card\" content=\"summary_large_image\" \/>\n<meta name=\"twitter:label1\" content=\"Written by\" \/>\n\t<meta name=\"twitter:data1\" content=\"admin1\" \/>\n\t<meta name=\"twitter:label2\" content=\"Est. reading time\" \/>\n\t<meta name=\"twitter:data2\" content=\"3 minutes\" \/>\n<script type=\"application\/ld+json\" class=\"yoast-schema-graph\">{\"@context\":\"https:\\\/\\\/schema.org\",\"@graph\":[{\"@type\":\"Article\",\"@id\":\"https:\\\/\\\/taje-shengal.com\\\/index.php\\\/2024\\\/04\\\/24\\\/li-sengale-jin-ji-bo-aboriya-xwe-ya-serbixwe-tedikosin\\\/#article\",\"isPartOf\":{\"@id\":\"https:\\\/\\\/taje-shengal.com\\\/index.php\\\/2024\\\/04\\\/24\\\/li-sengale-jin-ji-bo-aboriya-xwe-ya-serbixwe-tedikosin\\\/\"},\"author\":{\"name\":\"admin1\",\"@id\":\"https:\\\/\\\/taje-shengal.com\\\/#\\\/schema\\\/person\\\/6b255472677a92d4ee1755822fa3c622\"},\"headline\":\"Li \u015eengal\u00ea jin ji bo aboriya xwe ya serbixwe t\u00eadiko\u015fin\",\"datePublished\":\"2024-04-24T12:02:34+00:00\",\"mainEntityOfPage\":{\"@id\":\"https:\\\/\\\/taje-shengal.com\\\/index.php\\\/2024\\\/04\\\/24\\\/li-sengale-jin-ji-bo-aboriya-xwe-ya-serbixwe-tedikosin\\\/\"},\"wordCount\":449,\"image\":{\"@id\":\"https:\\\/\\\/taje-shengal.com\\\/index.php\\\/2024\\\/04\\\/24\\\/li-sengale-jin-ji-bo-aboriya-xwe-ya-serbixwe-tedikosin\\\/#primaryimage\"},\"thumbnailUrl\":\"https:\\\/\\\/taje-shengal.com\\\/wp-content\\\/uploads\\\/2024\\\/04\\\/20240412-11-jpgae97ad-image.jpg\",\"articleSection\":[\"\u00c7AND \u00db HUNER\"],\"inLanguage\":\"en-US\"},{\"@type\":\"WebPage\",\"@id\":\"https:\\\/\\\/taje-shengal.com\\\/index.php\\\/2024\\\/04\\\/24\\\/li-sengale-jin-ji-bo-aboriya-xwe-ya-serbixwe-tedikosin\\\/\",\"url\":\"https:\\\/\\\/taje-shengal.com\\\/index.php\\\/2024\\\/04\\\/24\\\/li-sengale-jin-ji-bo-aboriya-xwe-ya-serbixwe-tedikosin\\\/\",\"name\":\"Li \u015eengal\u00ea jin ji bo aboriya xwe ya serbixwe t\u00eadiko\u015fin - taje\",\"isPartOf\":{\"@id\":\"https:\\\/\\\/taje-shengal.com\\\/#website\"},\"primaryImageOfPage\":{\"@id\":\"https:\\\/\\\/taje-shengal.com\\\/index.php\\\/2024\\\/04\\\/24\\\/li-sengale-jin-ji-bo-aboriya-xwe-ya-serbixwe-tedikosin\\\/#primaryimage\"},\"image\":{\"@id\":\"https:\\\/\\\/taje-shengal.com\\\/index.php\\\/2024\\\/04\\\/24\\\/li-sengale-jin-ji-bo-aboriya-xwe-ya-serbixwe-tedikosin\\\/#primaryimage\"},\"thumbnailUrl\":\"https:\\\/\\\/taje-shengal.com\\\/wp-content\\\/uploads\\\/2024\\\/04\\\/20240412-11-jpgae97ad-image.jpg\",\"datePublished\":\"2024-04-24T12:02:34+00:00\",\"author\":{\"@id\":\"https:\\\/\\\/taje-shengal.com\\\/#\\\/schema\\\/person\\\/6b255472677a92d4ee1755822fa3c622\"},\"breadcrumb\":{\"@id\":\"https:\\\/\\\/taje-shengal.com\\\/index.php\\\/2024\\\/04\\\/24\\\/li-sengale-jin-ji-bo-aboriya-xwe-ya-serbixwe-tedikosin\\\/#breadcrumb\"},\"inLanguage\":\"en-US\",\"potentialAction\":[{\"@type\":\"ReadAction\",\"target\":[\"https:\\\/\\\/taje-shengal.com\\\/index.php\\\/2024\\\/04\\\/24\\\/li-sengale-jin-ji-bo-aboriya-xwe-ya-serbixwe-tedikosin\\\/\"]}]},{\"@type\":\"ImageObject\",\"inLanguage\":\"en-US\",\"@id\":\"https:\\\/\\\/taje-shengal.com\\\/index.php\\\/2024\\\/04\\\/24\\\/li-sengale-jin-ji-bo-aboriya-xwe-ya-serbixwe-tedikosin\\\/#primaryimage\",\"url\":\"https:\\\/\\\/taje-shengal.com\\\/wp-content\\\/uploads\\\/2024\\\/04\\\/20240412-11-jpgae97ad-image.jpg\",\"contentUrl\":\"https:\\\/\\\/taje-shengal.com\\\/wp-content\\\/uploads\\\/2024\\\/04\\\/20240412-11-jpgae97ad-image.jpg\",\"width\":990,\"height\":556},{\"@type\":\"BreadcrumbList\",\"@id\":\"https:\\\/\\\/taje-shengal.com\\\/index.php\\\/2024\\\/04\\\/24\\\/li-sengale-jin-ji-bo-aboriya-xwe-ya-serbixwe-tedikosin\\\/#breadcrumb\",\"itemListElement\":[{\"@type\":\"ListItem\",\"position\":1,\"name\":\"Home\",\"item\":\"https:\\\/\\\/taje-shengal.com\\\/\"},{\"@type\":\"ListItem\",\"position\":2,\"name\":\"Li \u015eengal\u00ea jin ji bo aboriya xwe ya serbixwe t\u00eadiko\u015fin\"}]},{\"@type\":\"WebSite\",\"@id\":\"https:\\\/\\\/taje-shengal.com\\\/#website\",\"url\":\"https:\\\/\\\/taje-shengal.com\\\/\",\"name\":\"taje\",\"description\":\"\",\"potentialAction\":[{\"@type\":\"SearchAction\",\"target\":{\"@type\":\"EntryPoint\",\"urlTemplate\":\"https:\\\/\\\/taje-shengal.com\\\/?s={search_term_string}\"},\"query-input\":{\"@type\":\"PropertyValueSpecification\",\"valueRequired\":true,\"valueName\":\"search_term_string\"}}],\"inLanguage\":\"en-US\"},{\"@type\":\"Person\",\"@id\":\"https:\\\/\\\/taje-shengal.com\\\/#\\\/schema\\\/person\\\/6b255472677a92d4ee1755822fa3c622\",\"name\":\"admin1\",\"image\":{\"@type\":\"ImageObject\",\"inLanguage\":\"en-US\",\"@id\":\"https:\\\/\\\/secure.gravatar.com\\\/avatar\\\/0e540f8fea35199ef5d34092bfe4dc9f46818bfa1eb17ec4b585b5c6a367f165?s=96&d=mm&r=g\",\"url\":\"https:\\\/\\\/secure.gravatar.com\\\/avatar\\\/0e540f8fea35199ef5d34092bfe4dc9f46818bfa1eb17ec4b585b5c6a367f165?s=96&d=mm&r=g\",\"contentUrl\":\"https:\\\/\\\/secure.gravatar.com\\\/avatar\\\/0e540f8fea35199ef5d34092bfe4dc9f46818bfa1eb17ec4b585b5c6a367f165?s=96&d=mm&r=g\",\"caption\":\"admin1\"},\"sameAs\":[\"www.facebook.com\\\/profile.php?id=61581205080900\"],\"url\":\"https:\\\/\\\/taje-shengal.com\\\/index.php\\\/author\\\/admin1\\\/\"}]}<\/script>\n<!-- \/ Yoast SEO plugin. -->","yoast_head_json":{"title":"Li \u015eengal\u00ea jin ji bo aboriya xwe ya serbixwe t\u00eadiko\u015fin - taje","robots":{"index":"index","follow":"follow","max-snippet":"max-snippet:-1","max-image-preview":"max-image-preview:large","max-video-preview":"max-video-preview:-1"},"canonical":"https:\/\/taje-shengal.com\/index.php\/2024\/04\/24\/li-sengale-jin-ji-bo-aboriya-xwe-ya-serbixwe-tedikosin\/","og_locale":"en_US","og_type":"article","og_title":"Li \u015eengal\u00ea jin ji bo aboriya xwe ya serbixwe t\u00eadiko\u015fin - taje","og_description":"Li \u015eengal\u00ea jin ji bo bidestxistina aboriya xwe ya serbixwe t\u00eadiko\u015fin. Li nav\u00e7eya Xanesor\u00ea ya \u015eengal\u00ea bi p\u00ea\u015fengiya jinan Kafe N\u00eesan ku hem\u00fb xebatkar\u00ean w\u00ea jin in hat vekirin. Li \u015eengal\u00ea jin bi p\u00ea\u015fengiya Tevgera Azadiya Jin\u00ean \u00cazid\u00ee (TAJ\u00ca) li her qad\u00ea xwe bi r\u00eaxistin dikin \u00fb reng \u00fb deng\u00ea xwe li her der\u00ea didin &hellip;","og_url":"https:\/\/taje-shengal.com\/index.php\/2024\/04\/24\/li-sengale-jin-ji-bo-aboriya-xwe-ya-serbixwe-tedikosin\/","og_site_name":"taje","article_author":"www.facebook.com\/profile.php?id=61581205080900","article_published_time":"2024-04-24T12:02:34+00:00","og_image":[{"width":990,"height":556,"url":"https:\/\/taje-shengal.com\/wp-content\/uploads\/2024\/04\/20240412-11-jpgae97ad-image.jpg","type":"image\/jpeg"}],"author":"admin1","twitter_card":"summary_large_image","twitter_misc":{"Written by":"admin1","Est. reading time":"3 minutes"},"schema":{"@context":"https:\/\/schema.org","@graph":[{"@type":"Article","@id":"https:\/\/taje-shengal.com\/index.php\/2024\/04\/24\/li-sengale-jin-ji-bo-aboriya-xwe-ya-serbixwe-tedikosin\/#article","isPartOf":{"@id":"https:\/\/taje-shengal.com\/index.php\/2024\/04\/24\/li-sengale-jin-ji-bo-aboriya-xwe-ya-serbixwe-tedikosin\/"},"author":{"name":"admin1","@id":"https:\/\/taje-shengal.com\/#\/schema\/person\/6b255472677a92d4ee1755822fa3c622"},"headline":"Li \u015eengal\u00ea jin ji bo aboriya xwe ya serbixwe t\u00eadiko\u015fin","datePublished":"2024-04-24T12:02:34+00:00","mainEntityOfPage":{"@id":"https:\/\/taje-shengal.com\/index.php\/2024\/04\/24\/li-sengale-jin-ji-bo-aboriya-xwe-ya-serbixwe-tedikosin\/"},"wordCount":449,"image":{"@id":"https:\/\/taje-shengal.com\/index.php\/2024\/04\/24\/li-sengale-jin-ji-bo-aboriya-xwe-ya-serbixwe-tedikosin\/#primaryimage"},"thumbnailUrl":"https:\/\/taje-shengal.com\/wp-content\/uploads\/2024\/04\/20240412-11-jpgae97ad-image.jpg","articleSection":["\u00c7AND \u00db HUNER"],"inLanguage":"en-US"},{"@type":"WebPage","@id":"https:\/\/taje-shengal.com\/index.php\/2024\/04\/24\/li-sengale-jin-ji-bo-aboriya-xwe-ya-serbixwe-tedikosin\/","url":"https:\/\/taje-shengal.com\/index.php\/2024\/04\/24\/li-sengale-jin-ji-bo-aboriya-xwe-ya-serbixwe-tedikosin\/","name":"Li \u015eengal\u00ea jin ji bo aboriya xwe ya serbixwe t\u00eadiko\u015fin - taje","isPartOf":{"@id":"https:\/\/taje-shengal.com\/#website"},"primaryImageOfPage":{"@id":"https:\/\/taje-shengal.com\/index.php\/2024\/04\/24\/li-sengale-jin-ji-bo-aboriya-xwe-ya-serbixwe-tedikosin\/#primaryimage"},"image":{"@id":"https:\/\/taje-shengal.com\/index.php\/2024\/04\/24\/li-sengale-jin-ji-bo-aboriya-xwe-ya-serbixwe-tedikosin\/#primaryimage"},"thumbnailUrl":"https:\/\/taje-shengal.com\/wp-content\/uploads\/2024\/04\/20240412-11-jpgae97ad-image.jpg","datePublished":"2024-04-24T12:02:34+00:00","author":{"@id":"https:\/\/taje-shengal.com\/#\/schema\/person\/6b255472677a92d4ee1755822fa3c622"},"breadcrumb":{"@id":"https:\/\/taje-shengal.com\/index.php\/2024\/04\/24\/li-sengale-jin-ji-bo-aboriya-xwe-ya-serbixwe-tedikosin\/#breadcrumb"},"inLanguage":"en-US","potentialAction":[{"@type":"ReadAction","target":["https:\/\/taje-shengal.com\/index.php\/2024\/04\/24\/li-sengale-jin-ji-bo-aboriya-xwe-ya-serbixwe-tedikosin\/"]}]},{"@type":"ImageObject","inLanguage":"en-US","@id":"https:\/\/taje-shengal.com\/index.php\/2024\/04\/24\/li-sengale-jin-ji-bo-aboriya-xwe-ya-serbixwe-tedikosin\/#primaryimage","url":"https:\/\/taje-shengal.com\/wp-content\/uploads\/2024\/04\/20240412-11-jpgae97ad-image.jpg","contentUrl":"https:\/\/taje-shengal.com\/wp-content\/uploads\/2024\/04\/20240412-11-jpgae97ad-image.jpg","width":990,"height":556},{"@type":"BreadcrumbList","@id":"https:\/\/taje-shengal.com\/index.php\/2024\/04\/24\/li-sengale-jin-ji-bo-aboriya-xwe-ya-serbixwe-tedikosin\/#breadcrumb","itemListElement":[{"@type":"ListItem","position":1,"name":"Home","item":"https:\/\/taje-shengal.com\/"},{"@type":"ListItem","position":2,"name":"Li \u015eengal\u00ea jin ji bo aboriya xwe ya serbixwe t\u00eadiko\u015fin"}]},{"@type":"WebSite","@id":"https:\/\/taje-shengal.com\/#website","url":"https:\/\/taje-shengal.com\/","name":"taje","description":"","potentialAction":[{"@type":"SearchAction","target":{"@type":"EntryPoint","urlTemplate":"https:\/\/taje-shengal.com\/?s={search_term_string}"},"query-input":{"@type":"PropertyValueSpecification","valueRequired":true,"valueName":"search_term_string"}}],"inLanguage":"en-US"},{"@type":"Person","@id":"https:\/\/taje-shengal.com\/#\/schema\/person\/6b255472677a92d4ee1755822fa3c622","name":"admin1","image":{"@type":"ImageObject","inLanguage":"en-US","@id":"https:\/\/secure.gravatar.com\/avatar\/0e540f8fea35199ef5d34092bfe4dc9f46818bfa1eb17ec4b585b5c6a367f165?s=96&d=mm&r=g","url":"https:\/\/secure.gravatar.com\/avatar\/0e540f8fea35199ef5d34092bfe4dc9f46818bfa1eb17ec4b585b5c6a367f165?s=96&d=mm&r=g","contentUrl":"https:\/\/secure.gravatar.com\/avatar\/0e540f8fea35199ef5d34092bfe4dc9f46818bfa1eb17ec4b585b5c6a367f165?s=96&d=mm&r=g","caption":"admin1"},"sameAs":["www.facebook.com\/profile.php?id=61581205080900"],"url":"https:\/\/taje-shengal.com\/index.php\/author\/admin1\/"}]}},"_links":{"self":[{"href":"https:\/\/taje-shengal.com\/index.php\/wp-json\/wp\/v2\/posts\/2095","targetHints":{"allow":["GET"]}}],"collection":[{"href":"https:\/\/taje-shengal.com\/index.php\/wp-json\/wp\/v2\/posts"}],"about":[{"href":"https:\/\/taje-shengal.com\/index.php\/wp-json\/wp\/v2\/types\/post"}],"author":[{"embeddable":true,"href":"https:\/\/taje-shengal.com\/index.php\/wp-json\/wp\/v2\/users\/2"}],"replies":[{"embeddable":true,"href":"https:\/\/taje-shengal.com\/index.php\/wp-json\/wp\/v2\/comments?post=2095"}],"version-history":[{"count":1,"href":"https:\/\/taje-shengal.com\/index.php\/wp-json\/wp\/v2\/posts\/2095\/revisions"}],"predecessor-version":[{"id":2101,"href":"https:\/\/taje-shengal.com\/index.php\/wp-json\/wp\/v2\/posts\/2095\/revisions\/2101"}],"wp:featuredmedia":[{"embeddable":true,"href":"https:\/\/taje-shengal.com\/index.php\/wp-json\/wp\/v2\/media\/2097"}],"wp:attachment":[{"href":"https:\/\/taje-shengal.com\/index.php\/wp-json\/wp\/v2\/media?parent=2095"}],"wp:term":[{"taxonomy":"category","embeddable":true,"href":"https:\/\/taje-shengal.com\/index.php\/wp-json\/wp\/v2\/categories?post=2095"},{"taxonomy":"post_tag","embeddable":true,"href":"https:\/\/taje-shengal.com\/index.php\/wp-json\/wp\/v2\/tags?post=2095"}],"curies":[{"name":"wp","href":"https:\/\/api.w.org\/{rel}","templated":true}]}}