{"id":2445,"date":"2025-06-17T15:48:28","date_gmt":"2025-06-17T15:48:28","guid":{"rendered":"https:\/\/taje-shengal.com\/?p=2445"},"modified":"2025-06-17T15:48:28","modified_gmt":"2025-06-17T15:48:28","slug":"civaka-ezidi-di-pesengiya-jin-de-ji-bo-saredariya-xwe-mesiyan","status":"publish","type":"post","link":"https:\/\/taje-shengal.com\/index.php\/2025\/06\/17\/civaka-ezidi-di-pesengiya-jin-de-ji-bo-saredariya-xwe-mesiyan\/","title":{"rendered":"Civaka \u00cazid\u00ee Di P\u00ea\u015fengiya Jin De Ji Bo \u015earedariya Xwe Me\u015fiyan"},"content":{"rendered":"<p>&nbsp;<\/p>\n<p style=\"text-align: left;\">L\u00ea beriya demek\u00ea h\u00eaz\u00ean pol\u00ees\u00ean \u00ceraq\u00ea b\u00eay\u00ee ku belgeyek an hincetek n\u00ee\u015fan bidin \u00fb dema karker\u00ean \u015feredariy\u00ea di betlan\u00ea de b\u00fbn, \u015earedariya Girz\u00earik desteser kirin. Tev\u00ee hewldan\u00ean d\u00eeplomat\u00eek \u00ean R\u00eaveberiya Xweser j\u00ee, h\u00eaz\u00ean \u00ceraq\u00ea \u015faredariya gel radest\u00ee gel nekirin.<\/p>\n<p style=\"text-align: left;\">Ji bo \u015fermezarkirina v\u00ea n\u00eaz\u00eekatiya provakat\u00eef a h\u00eaz\u00ean \u00ceraq\u00ea, gel\u00ea Girz\u00earik\u00ea \u00eero me\u015fek li dar xist. Gel\u00ea Girz\u00earik\u00ea sibeh\u00ea xwest heta ber \u015faredariy\u00ea bime\u015fe, l\u00ea me\u015fa rewa ya gel ji h\u00eala h\u00eaz\u00ean \u00ceraq\u00ea ve hat astengkirin. Gel guh neda astengkirin\u00ea, heta \u015earedariya Girz\u00earik\u00ea me\u015fiya \u00fb li wir daxuyan\u00ee da \u00e7apemeniy\u00ea.<\/p>\n<p style=\"text-align: left;\">Di daxuyaniy\u00ea de gel h\u00earsa xwe ya desteserkirina \u015faredariya wan an\u00ee ziman \u00fb xwest h\u00eaz\u00ean \u00ceraq\u00ea demildest \u015faredariya gel radest\u00ee gel bike.<\/p>\n<p style=\"text-align: left;\"><strong>\u2018Em dest ji \u015faredariya xwe bernadin\u2019<\/strong><\/p>\n<p style=\"text-align: left;\">Hev\u015faredara S\u00eeba \u015e\u00eax Xidir Elmas Nay\u00eef diyar kir ku \u015earedariya Gel a Girz\u00earik beriya 3 mehan hatiye vekirin l\u00ea \u00eero h\u00eaz\u00ean \u00ceraq\u00ea dest dan\u00eene ser \u00fb wiha got: \u201c\u00cero em hatine heq\u00ea xwe bixwazin, ji ber ku em dizanin bi \u015farederiy\u00ea milet\u00ea Girz\u00earik vegeriya gund\u00ean xwe. Em \u00eero li ber \u015farederiy\u00ea hazir b\u00fbne da ku h\u00eaz\u00ean Iraq\u00ea \u015faredariya me radest\u00ee me bike \u00fb em j\u00ee xizmet\u00ea gel\u00ea xwe bikin. Ev 11 sal derbas b\u00fbn Iraq\u00a0 ji bo \u00eazidiyen ti\u015ftek nekiriye. Em \u00ea bi xwe \u015farederiya xwe ava bikin \u00fb xizmeta milet\u00ea xwe bikin. Me \u015faredariya xwe bi keda xwe di nav zor \u00fb zehmetiyan de ava kir. Em \u00ea wek nav\u00ea \u015farederiy\u00ea xizmet \u00fb kar bikin \u00fb em dest ji \u015farederiya xwe bernadin.\u201d<\/p>\n<p style=\"text-align: left;\"><strong>\u2018Div\u00ea \u00ce<\/strong><strong>raq \u015earedariya Gel radest\u00ee gel bike\u2019<\/strong><\/p>\n<p style=\"text-align: left;\">Endama \u015faredariy\u00ea Nesr\u00een His\u00ean j\u00ee da zan\u00een ku pi\u015ft\u00ee ferman\u00ea bi salan di nav zor \u00fb zehmetiyan de \u015earedariya Gel a Girz\u00earik hatiye avakirin \u00fb ev nirxandin kir: \u201cPi\u015ft\u00ea milet\u00ea Girz\u00earik vegeriya gund\u00ea xwe, art\u00ea\u015fa \u00ceraq\u00ea \u00eero dest daniye ser \u015faredariya gel. Milet\u00ea Girz\u00earik dixwest ku pi\u015ft\u00ee zehmetiy\u00ean ferman\u00ea,\u00a0 \u015farederiya xwe veke \u00fb di xizmeta gel\u00ea xwe de be, l\u00ea art\u00ea\u015fa \u00ceraq\u00ea dest dan\u00ee ser. \u00cero em wek milet\u00ea \u00cazid\u00ee wek saz\u00ee \u00fb dazgeh\u00ean xwe dixwazin \u015faredariya me radest\u00ee me bikin. Lazim b\u00fb \u00ceraq destek dab\u00fbya \u015faredariya me \u00fb xizmet\u00ea gel kiriba, l\u00ea \u00ceraq v\u00ee ti\u015ft\u00ee naxwaze. \u00ceraq dixwaze \u015faredariya me bigre \u00fb milet\u00ea \u00cazid\u00ee venegerin gund\u00ean xwe.\u201d<\/p>\n<p>&nbsp;<\/p>\n<p><img loading=\"lazy\" decoding=\"async\" class=\"alignnone size-medium wp-image-2446\" src=\"https:\/\/taje-shengal.com\/wp-content\/uploads\/2025\/06\/20250616-ekran-goruntusu-2025-06-16-171519-pngf8e859-image-300x168.jpg\" alt=\"\" width=\"300\" height=\"168\" srcset=\"https:\/\/taje-shengal.com\/wp-content\/uploads\/2025\/06\/20250616-ekran-goruntusu-2025-06-16-171519-pngf8e859-image-300x168.jpg 300w, https:\/\/taje-shengal.com\/wp-content\/uploads\/2025\/06\/20250616-ekran-goruntusu-2025-06-16-171519-pngf8e859-image-768x431.jpg 768w, https:\/\/taje-shengal.com\/wp-content\/uploads\/2025\/06\/20250616-ekran-goruntusu-2025-06-16-171519-pngf8e859-image-390x220.jpg 390w, https:\/\/taje-shengal.com\/wp-content\/uploads\/2025\/06\/20250616-ekran-goruntusu-2025-06-16-171519-pngf8e859-image.jpg 990w\" sizes=\"auto, (max-width: 300px) 100vw, 300px\" \/><\/p>\n","protected":false},"excerpt":{"rendered":"<p>&nbsp; L\u00ea beriya demek\u00ea h\u00eaz\u00ean pol\u00ees\u00ean \u00ceraq\u00ea b\u00eay\u00ee ku belgeyek an hincetek n\u00ee\u015fan bidin \u00fb dema karker\u00ean \u015feredariy\u00ea di betlan\u00ea de b\u00fbn, \u015earedariya Girz\u00earik desteser kirin. Tev\u00ee hewldan\u00ean d\u00eeplomat\u00eek \u00ean R\u00eaveberiya Xweser j\u00ee, h\u00eaz\u00ean \u00ceraq\u00ea \u015faredariya gel radest\u00ee gel nekirin. Ji bo \u015fermezarkirina v\u00ea n\u00eaz\u00eekatiya provakat\u00eef a h\u00eaz\u00ean \u00ceraq\u00ea, gel\u00ea Girz\u00earik\u00ea \u00eero me\u015fek li dar &hellip;<\/p>\n","protected":false},"author":2,"featured_media":2447,"comment_status":"closed","ping_status":"closed","sticky":false,"template":"","format":"standard","meta":{"footnotes":""},"categories":[20],"tags":[],"class_list":["post-2445","post","type-post","status-publish","format-standard","has-post-thumbnail","hentry","category-calaki"],"yoast_head":"<!-- This site is optimized with the Yoast SEO plugin v27.5 - https:\/\/yoast.com\/product\/yoast-seo-wordpress\/ -->\n<title>Civaka \u00cazid\u00ee Di P\u00ea\u015fengiya Jin De Ji Bo \u015earedariya Xwe Me\u015fiyan - taje<\/title>\n<meta name=\"robots\" content=\"index, follow, max-snippet:-1, max-image-preview:large, max-video-preview:-1\" \/>\n<link rel=\"canonical\" href=\"https:\/\/taje-shengal.com\/index.php\/2025\/06\/17\/civaka-ezidi-di-pesengiya-jin-de-ji-bo-saredariya-xwe-mesiyan\/\" \/>\n<meta property=\"og:locale\" content=\"en_US\" \/>\n<meta property=\"og:type\" content=\"article\" \/>\n<meta property=\"og:title\" content=\"Civaka \u00cazid\u00ee Di P\u00ea\u015fengiya Jin De Ji Bo \u015earedariya Xwe Me\u015fiyan - taje\" \/>\n<meta property=\"og:description\" content=\"&nbsp; L\u00ea beriya demek\u00ea h\u00eaz\u00ean pol\u00ees\u00ean \u00ceraq\u00ea b\u00eay\u00ee ku belgeyek an hincetek n\u00ee\u015fan bidin \u00fb dema karker\u00ean \u015feredariy\u00ea di betlan\u00ea de b\u00fbn, \u015earedariya Girz\u00earik desteser kirin. Tev\u00ee hewldan\u00ean d\u00eeplomat\u00eek \u00ean R\u00eaveberiya Xweser j\u00ee, h\u00eaz\u00ean \u00ceraq\u00ea \u015faredariya gel radest\u00ee gel nekirin. Ji bo \u015fermezarkirina v\u00ea n\u00eaz\u00eekatiya provakat\u00eef a h\u00eaz\u00ean \u00ceraq\u00ea, gel\u00ea Girz\u00earik\u00ea \u00eero me\u015fek li dar &hellip;\" \/>\n<meta property=\"og:url\" content=\"https:\/\/taje-shengal.com\/index.php\/2025\/06\/17\/civaka-ezidi-di-pesengiya-jin-de-ji-bo-saredariya-xwe-mesiyan\/\" \/>\n<meta property=\"og:site_name\" content=\"taje\" \/>\n<meta property=\"article:author\" content=\"www.facebook.com\/profile.php?id=61581205080900\" \/>\n<meta property=\"article:published_time\" content=\"2025-06-17T15:48:28+00:00\" \/>\n<meta property=\"og:image\" content=\"https:\/\/taje-shengal.com\/wp-content\/uploads\/2025\/06\/20250616-ekran-goruntusu-2025-06-16-171519-pngf8e859-image-1.jpg\" \/>\n\t<meta property=\"og:image:width\" content=\"990\" \/>\n\t<meta property=\"og:image:height\" content=\"556\" \/>\n\t<meta property=\"og:image:type\" content=\"image\/jpeg\" \/>\n<meta name=\"author\" content=\"admin1\" \/>\n<meta name=\"twitter:card\" content=\"summary_large_image\" \/>\n<meta name=\"twitter:label1\" content=\"Written by\" \/>\n\t<meta name=\"twitter:data1\" content=\"admin1\" \/>\n\t<meta name=\"twitter:label2\" content=\"Est. reading time\" \/>\n\t<meta name=\"twitter:data2\" content=\"2 minutes\" \/>\n<script type=\"application\/ld+json\" class=\"yoast-schema-graph\">{\"@context\":\"https:\\\/\\\/schema.org\",\"@graph\":[{\"@type\":\"Article\",\"@id\":\"https:\\\/\\\/taje-shengal.com\\\/index.php\\\/2025\\\/06\\\/17\\\/civaka-ezidi-di-pesengiya-jin-de-ji-bo-saredariya-xwe-mesiyan\\\/#article\",\"isPartOf\":{\"@id\":\"https:\\\/\\\/taje-shengal.com\\\/index.php\\\/2025\\\/06\\\/17\\\/civaka-ezidi-di-pesengiya-jin-de-ji-bo-saredariya-xwe-mesiyan\\\/\"},\"author\":{\"name\":\"admin1\",\"@id\":\"https:\\\/\\\/taje-shengal.com\\\/#\\\/schema\\\/person\\\/6b255472677a92d4ee1755822fa3c622\"},\"headline\":\"Civaka \u00cazid\u00ee Di P\u00ea\u015fengiya Jin De Ji Bo \u015earedariya Xwe Me\u015fiyan\",\"datePublished\":\"2025-06-17T15:48:28+00:00\",\"mainEntityOfPage\":{\"@id\":\"https:\\\/\\\/taje-shengal.com\\\/index.php\\\/2025\\\/06\\\/17\\\/civaka-ezidi-di-pesengiya-jin-de-ji-bo-saredariya-xwe-mesiyan\\\/\"},\"wordCount\":414,\"image\":{\"@id\":\"https:\\\/\\\/taje-shengal.com\\\/index.php\\\/2025\\\/06\\\/17\\\/civaka-ezidi-di-pesengiya-jin-de-ji-bo-saredariya-xwe-mesiyan\\\/#primaryimage\"},\"thumbnailUrl\":\"https:\\\/\\\/taje-shengal.com\\\/wp-content\\\/uploads\\\/2025\\\/06\\\/20250616-ekran-goruntusu-2025-06-16-171519-pngf8e859-image-1.jpg\",\"articleSection\":[\"\u00c7ALAK\u00ee\"],\"inLanguage\":\"en-US\"},{\"@type\":\"WebPage\",\"@id\":\"https:\\\/\\\/taje-shengal.com\\\/index.php\\\/2025\\\/06\\\/17\\\/civaka-ezidi-di-pesengiya-jin-de-ji-bo-saredariya-xwe-mesiyan\\\/\",\"url\":\"https:\\\/\\\/taje-shengal.com\\\/index.php\\\/2025\\\/06\\\/17\\\/civaka-ezidi-di-pesengiya-jin-de-ji-bo-saredariya-xwe-mesiyan\\\/\",\"name\":\"Civaka \u00cazid\u00ee Di P\u00ea\u015fengiya Jin De Ji Bo \u015earedariya Xwe Me\u015fiyan - taje\",\"isPartOf\":{\"@id\":\"https:\\\/\\\/taje-shengal.com\\\/#website\"},\"primaryImageOfPage\":{\"@id\":\"https:\\\/\\\/taje-shengal.com\\\/index.php\\\/2025\\\/06\\\/17\\\/civaka-ezidi-di-pesengiya-jin-de-ji-bo-saredariya-xwe-mesiyan\\\/#primaryimage\"},\"image\":{\"@id\":\"https:\\\/\\\/taje-shengal.com\\\/index.php\\\/2025\\\/06\\\/17\\\/civaka-ezidi-di-pesengiya-jin-de-ji-bo-saredariya-xwe-mesiyan\\\/#primaryimage\"},\"thumbnailUrl\":\"https:\\\/\\\/taje-shengal.com\\\/wp-content\\\/uploads\\\/2025\\\/06\\\/20250616-ekran-goruntusu-2025-06-16-171519-pngf8e859-image-1.jpg\",\"datePublished\":\"2025-06-17T15:48:28+00:00\",\"author\":{\"@id\":\"https:\\\/\\\/taje-shengal.com\\\/#\\\/schema\\\/person\\\/6b255472677a92d4ee1755822fa3c622\"},\"breadcrumb\":{\"@id\":\"https:\\\/\\\/taje-shengal.com\\\/index.php\\\/2025\\\/06\\\/17\\\/civaka-ezidi-di-pesengiya-jin-de-ji-bo-saredariya-xwe-mesiyan\\\/#breadcrumb\"},\"inLanguage\":\"en-US\",\"potentialAction\":[{\"@type\":\"ReadAction\",\"target\":[\"https:\\\/\\\/taje-shengal.com\\\/index.php\\\/2025\\\/06\\\/17\\\/civaka-ezidi-di-pesengiya-jin-de-ji-bo-saredariya-xwe-mesiyan\\\/\"]}]},{\"@type\":\"ImageObject\",\"inLanguage\":\"en-US\",\"@id\":\"https:\\\/\\\/taje-shengal.com\\\/index.php\\\/2025\\\/06\\\/17\\\/civaka-ezidi-di-pesengiya-jin-de-ji-bo-saredariya-xwe-mesiyan\\\/#primaryimage\",\"url\":\"https:\\\/\\\/taje-shengal.com\\\/wp-content\\\/uploads\\\/2025\\\/06\\\/20250616-ekran-goruntusu-2025-06-16-171519-pngf8e859-image-1.jpg\",\"contentUrl\":\"https:\\\/\\\/taje-shengal.com\\\/wp-content\\\/uploads\\\/2025\\\/06\\\/20250616-ekran-goruntusu-2025-06-16-171519-pngf8e859-image-1.jpg\",\"width\":990,\"height\":556},{\"@type\":\"BreadcrumbList\",\"@id\":\"https:\\\/\\\/taje-shengal.com\\\/index.php\\\/2025\\\/06\\\/17\\\/civaka-ezidi-di-pesengiya-jin-de-ji-bo-saredariya-xwe-mesiyan\\\/#breadcrumb\",\"itemListElement\":[{\"@type\":\"ListItem\",\"position\":1,\"name\":\"Home\",\"item\":\"https:\\\/\\\/taje-shengal.com\\\/\"},{\"@type\":\"ListItem\",\"position\":2,\"name\":\"Civaka \u00cazid\u00ee Di P\u00ea\u015fengiya Jin De Ji Bo \u015earedariya Xwe Me\u015fiyan\"}]},{\"@type\":\"WebSite\",\"@id\":\"https:\\\/\\\/taje-shengal.com\\\/#website\",\"url\":\"https:\\\/\\\/taje-shengal.com\\\/\",\"name\":\"taje\",\"description\":\"\",\"potentialAction\":[{\"@type\":\"SearchAction\",\"target\":{\"@type\":\"EntryPoint\",\"urlTemplate\":\"https:\\\/\\\/taje-shengal.com\\\/?s={search_term_string}\"},\"query-input\":{\"@type\":\"PropertyValueSpecification\",\"valueRequired\":true,\"valueName\":\"search_term_string\"}}],\"inLanguage\":\"en-US\"},{\"@type\":\"Person\",\"@id\":\"https:\\\/\\\/taje-shengal.com\\\/#\\\/schema\\\/person\\\/6b255472677a92d4ee1755822fa3c622\",\"name\":\"admin1\",\"image\":{\"@type\":\"ImageObject\",\"inLanguage\":\"en-US\",\"@id\":\"https:\\\/\\\/secure.gravatar.com\\\/avatar\\\/0e540f8fea35199ef5d34092bfe4dc9f46818bfa1eb17ec4b585b5c6a367f165?s=96&d=mm&r=g\",\"url\":\"https:\\\/\\\/secure.gravatar.com\\\/avatar\\\/0e540f8fea35199ef5d34092bfe4dc9f46818bfa1eb17ec4b585b5c6a367f165?s=96&d=mm&r=g\",\"contentUrl\":\"https:\\\/\\\/secure.gravatar.com\\\/avatar\\\/0e540f8fea35199ef5d34092bfe4dc9f46818bfa1eb17ec4b585b5c6a367f165?s=96&d=mm&r=g\",\"caption\":\"admin1\"},\"sameAs\":[\"www.facebook.com\\\/profile.php?id=61581205080900\"],\"url\":\"https:\\\/\\\/taje-shengal.com\\\/index.php\\\/author\\\/admin1\\\/\"}]}<\/script>\n<!-- \/ Yoast SEO plugin. -->","yoast_head_json":{"title":"Civaka \u00cazid\u00ee Di P\u00ea\u015fengiya Jin De Ji Bo \u015earedariya Xwe Me\u015fiyan - taje","robots":{"index":"index","follow":"follow","max-snippet":"max-snippet:-1","max-image-preview":"max-image-preview:large","max-video-preview":"max-video-preview:-1"},"canonical":"https:\/\/taje-shengal.com\/index.php\/2025\/06\/17\/civaka-ezidi-di-pesengiya-jin-de-ji-bo-saredariya-xwe-mesiyan\/","og_locale":"en_US","og_type":"article","og_title":"Civaka \u00cazid\u00ee Di P\u00ea\u015fengiya Jin De Ji Bo \u015earedariya Xwe Me\u015fiyan - taje","og_description":"&nbsp; L\u00ea beriya demek\u00ea h\u00eaz\u00ean pol\u00ees\u00ean \u00ceraq\u00ea b\u00eay\u00ee ku belgeyek an hincetek n\u00ee\u015fan bidin \u00fb dema karker\u00ean \u015feredariy\u00ea di betlan\u00ea de b\u00fbn, \u015earedariya Girz\u00earik desteser kirin. Tev\u00ee hewldan\u00ean d\u00eeplomat\u00eek \u00ean R\u00eaveberiya Xweser j\u00ee, h\u00eaz\u00ean \u00ceraq\u00ea \u015faredariya gel radest\u00ee gel nekirin. Ji bo \u015fermezarkirina v\u00ea n\u00eaz\u00eekatiya provakat\u00eef a h\u00eaz\u00ean \u00ceraq\u00ea, gel\u00ea Girz\u00earik\u00ea \u00eero me\u015fek li dar &hellip;","og_url":"https:\/\/taje-shengal.com\/index.php\/2025\/06\/17\/civaka-ezidi-di-pesengiya-jin-de-ji-bo-saredariya-xwe-mesiyan\/","og_site_name":"taje","article_author":"www.facebook.com\/profile.php?id=61581205080900","article_published_time":"2025-06-17T15:48:28+00:00","og_image":[{"width":990,"height":556,"url":"https:\/\/taje-shengal.com\/wp-content\/uploads\/2025\/06\/20250616-ekran-goruntusu-2025-06-16-171519-pngf8e859-image-1.jpg","type":"image\/jpeg"}],"author":"admin1","twitter_card":"summary_large_image","twitter_misc":{"Written by":"admin1","Est. reading time":"2 minutes"},"schema":{"@context":"https:\/\/schema.org","@graph":[{"@type":"Article","@id":"https:\/\/taje-shengal.com\/index.php\/2025\/06\/17\/civaka-ezidi-di-pesengiya-jin-de-ji-bo-saredariya-xwe-mesiyan\/#article","isPartOf":{"@id":"https:\/\/taje-shengal.com\/index.php\/2025\/06\/17\/civaka-ezidi-di-pesengiya-jin-de-ji-bo-saredariya-xwe-mesiyan\/"},"author":{"name":"admin1","@id":"https:\/\/taje-shengal.com\/#\/schema\/person\/6b255472677a92d4ee1755822fa3c622"},"headline":"Civaka \u00cazid\u00ee Di P\u00ea\u015fengiya Jin De Ji Bo \u015earedariya Xwe Me\u015fiyan","datePublished":"2025-06-17T15:48:28+00:00","mainEntityOfPage":{"@id":"https:\/\/taje-shengal.com\/index.php\/2025\/06\/17\/civaka-ezidi-di-pesengiya-jin-de-ji-bo-saredariya-xwe-mesiyan\/"},"wordCount":414,"image":{"@id":"https:\/\/taje-shengal.com\/index.php\/2025\/06\/17\/civaka-ezidi-di-pesengiya-jin-de-ji-bo-saredariya-xwe-mesiyan\/#primaryimage"},"thumbnailUrl":"https:\/\/taje-shengal.com\/wp-content\/uploads\/2025\/06\/20250616-ekran-goruntusu-2025-06-16-171519-pngf8e859-image-1.jpg","articleSection":["\u00c7ALAK\u00ee"],"inLanguage":"en-US"},{"@type":"WebPage","@id":"https:\/\/taje-shengal.com\/index.php\/2025\/06\/17\/civaka-ezidi-di-pesengiya-jin-de-ji-bo-saredariya-xwe-mesiyan\/","url":"https:\/\/taje-shengal.com\/index.php\/2025\/06\/17\/civaka-ezidi-di-pesengiya-jin-de-ji-bo-saredariya-xwe-mesiyan\/","name":"Civaka \u00cazid\u00ee Di P\u00ea\u015fengiya Jin De Ji Bo \u015earedariya Xwe Me\u015fiyan - taje","isPartOf":{"@id":"https:\/\/taje-shengal.com\/#website"},"primaryImageOfPage":{"@id":"https:\/\/taje-shengal.com\/index.php\/2025\/06\/17\/civaka-ezidi-di-pesengiya-jin-de-ji-bo-saredariya-xwe-mesiyan\/#primaryimage"},"image":{"@id":"https:\/\/taje-shengal.com\/index.php\/2025\/06\/17\/civaka-ezidi-di-pesengiya-jin-de-ji-bo-saredariya-xwe-mesiyan\/#primaryimage"},"thumbnailUrl":"https:\/\/taje-shengal.com\/wp-content\/uploads\/2025\/06\/20250616-ekran-goruntusu-2025-06-16-171519-pngf8e859-image-1.jpg","datePublished":"2025-06-17T15:48:28+00:00","author":{"@id":"https:\/\/taje-shengal.com\/#\/schema\/person\/6b255472677a92d4ee1755822fa3c622"},"breadcrumb":{"@id":"https:\/\/taje-shengal.com\/index.php\/2025\/06\/17\/civaka-ezidi-di-pesengiya-jin-de-ji-bo-saredariya-xwe-mesiyan\/#breadcrumb"},"inLanguage":"en-US","potentialAction":[{"@type":"ReadAction","target":["https:\/\/taje-shengal.com\/index.php\/2025\/06\/17\/civaka-ezidi-di-pesengiya-jin-de-ji-bo-saredariya-xwe-mesiyan\/"]}]},{"@type":"ImageObject","inLanguage":"en-US","@id":"https:\/\/taje-shengal.com\/index.php\/2025\/06\/17\/civaka-ezidi-di-pesengiya-jin-de-ji-bo-saredariya-xwe-mesiyan\/#primaryimage","url":"https:\/\/taje-shengal.com\/wp-content\/uploads\/2025\/06\/20250616-ekran-goruntusu-2025-06-16-171519-pngf8e859-image-1.jpg","contentUrl":"https:\/\/taje-shengal.com\/wp-content\/uploads\/2025\/06\/20250616-ekran-goruntusu-2025-06-16-171519-pngf8e859-image-1.jpg","width":990,"height":556},{"@type":"BreadcrumbList","@id":"https:\/\/taje-shengal.com\/index.php\/2025\/06\/17\/civaka-ezidi-di-pesengiya-jin-de-ji-bo-saredariya-xwe-mesiyan\/#breadcrumb","itemListElement":[{"@type":"ListItem","position":1,"name":"Home","item":"https:\/\/taje-shengal.com\/"},{"@type":"ListItem","position":2,"name":"Civaka \u00cazid\u00ee Di P\u00ea\u015fengiya Jin De Ji Bo \u015earedariya Xwe Me\u015fiyan"}]},{"@type":"WebSite","@id":"https:\/\/taje-shengal.com\/#website","url":"https:\/\/taje-shengal.com\/","name":"taje","description":"","potentialAction":[{"@type":"SearchAction","target":{"@type":"EntryPoint","urlTemplate":"https:\/\/taje-shengal.com\/?s={search_term_string}"},"query-input":{"@type":"PropertyValueSpecification","valueRequired":true,"valueName":"search_term_string"}}],"inLanguage":"en-US"},{"@type":"Person","@id":"https:\/\/taje-shengal.com\/#\/schema\/person\/6b255472677a92d4ee1755822fa3c622","name":"admin1","image":{"@type":"ImageObject","inLanguage":"en-US","@id":"https:\/\/secure.gravatar.com\/avatar\/0e540f8fea35199ef5d34092bfe4dc9f46818bfa1eb17ec4b585b5c6a367f165?s=96&d=mm&r=g","url":"https:\/\/secure.gravatar.com\/avatar\/0e540f8fea35199ef5d34092bfe4dc9f46818bfa1eb17ec4b585b5c6a367f165?s=96&d=mm&r=g","contentUrl":"https:\/\/secure.gravatar.com\/avatar\/0e540f8fea35199ef5d34092bfe4dc9f46818bfa1eb17ec4b585b5c6a367f165?s=96&d=mm&r=g","caption":"admin1"},"sameAs":["www.facebook.com\/profile.php?id=61581205080900"],"url":"https:\/\/taje-shengal.com\/index.php\/author\/admin1\/"}]}},"_links":{"self":[{"href":"https:\/\/taje-shengal.com\/index.php\/wp-json\/wp\/v2\/posts\/2445","targetHints":{"allow":["GET"]}}],"collection":[{"href":"https:\/\/taje-shengal.com\/index.php\/wp-json\/wp\/v2\/posts"}],"about":[{"href":"https:\/\/taje-shengal.com\/index.php\/wp-json\/wp\/v2\/types\/post"}],"author":[{"embeddable":true,"href":"https:\/\/taje-shengal.com\/index.php\/wp-json\/wp\/v2\/users\/2"}],"replies":[{"embeddable":true,"href":"https:\/\/taje-shengal.com\/index.php\/wp-json\/wp\/v2\/comments?post=2445"}],"version-history":[{"count":1,"href":"https:\/\/taje-shengal.com\/index.php\/wp-json\/wp\/v2\/posts\/2445\/revisions"}],"predecessor-version":[{"id":2448,"href":"https:\/\/taje-shengal.com\/index.php\/wp-json\/wp\/v2\/posts\/2445\/revisions\/2448"}],"wp:featuredmedia":[{"embeddable":true,"href":"https:\/\/taje-shengal.com\/index.php\/wp-json\/wp\/v2\/media\/2447"}],"wp:attachment":[{"href":"https:\/\/taje-shengal.com\/index.php\/wp-json\/wp\/v2\/media?parent=2445"}],"wp:term":[{"taxonomy":"category","embeddable":true,"href":"https:\/\/taje-shengal.com\/index.php\/wp-json\/wp\/v2\/categories?post=2445"},{"taxonomy":"post_tag","embeddable":true,"href":"https:\/\/taje-shengal.com\/index.php\/wp-json\/wp\/v2\/tags?post=2445"}],"curies":[{"name":"wp","href":"https:\/\/api.w.org\/{rel}","templated":true}]}}