{"id":2602,"date":"2025-07-19T12:32:23","date_gmt":"2025-07-19T12:32:23","guid":{"rendered":"https:\/\/taje-shengal.com\/?p=2602"},"modified":"2025-07-19T12:32:23","modified_gmt":"2025-07-19T12:32:23","slug":"dive-bi-konferanse-re-jin-hin-xurtir-ji-pevajoye-re-pesengti-bikin","status":"publish","type":"post","link":"https:\/\/taje-shengal.com\/index.php\/2025\/07\/19\/dive-bi-konferanse-re-jin-hin-xurtir-ji-pevajoye-re-pesengti-bikin\/","title":{"rendered":"Div\u00ea Bi Konferans\u00ea Re Jin H\u00een Xurtir Ji P\u00eavajoy\u00ea Re P\u00ea\u015fengt\u00ee Bikin"},"content":{"rendered":"<p>Konferansa Ronakbir\u00ee ya \u015eengal\u00ea ku di navbera 17-18\u2019\u00ea T\u00eermeh\u00ea de ji h\u00eala Akademiya Zanista Civak\u00ee ya Abdullah Ocalan a \u015eengal\u00ea ve hat lidarxistin, bi biryardariyeke mezin bidaw\u00ee b\u00fb. Di konferans\u00ea de gelek mijar bi berfreh\u00ee hatin niqa\u015fkirin. Ji dervey\u00ee \u015eengal\u00ea gelek m\u00eavan j\u00ee tevli konferans\u00ea b\u00fbn \u00fb peyam\u00ean xwe dan.<\/p>\n<p>Derbar\u00ea gir\u00eengiya konferans\u00ea de jin\u00ean ku wek delege tev li konferans\u00ea b\u00fbb\u00fbn, ji malpera me re axiv\u00een.<\/p>\n<p><strong>\u2018Y\u00ean axa xwe \u00fb ola xwe parast\u00ee jin in\u2019<\/strong><\/p>\n<p>&nbsp;<\/p>\n<p><img loading=\"lazy\" decoding=\"async\" class=\" wp-image-2604 alignright\" src=\"https:\/\/taje-shengal.com\/wp-content\/uploads\/2025\/07\/Sequence-01.00_07_46_08.Still004-300x169.jpg\" alt=\"\" width=\"502\" height=\"283\" srcset=\"https:\/\/taje-shengal.com\/wp-content\/uploads\/2025\/07\/Sequence-01.00_07_46_08.Still004-300x169.jpg 300w, https:\/\/taje-shengal.com\/wp-content\/uploads\/2025\/07\/Sequence-01.00_07_46_08.Still004-1024x576.jpg 1024w, https:\/\/taje-shengal.com\/wp-content\/uploads\/2025\/07\/Sequence-01.00_07_46_08.Still004-768x432.jpg 768w, https:\/\/taje-shengal.com\/wp-content\/uploads\/2025\/07\/Sequence-01.00_07_46_08.Still004-1536x864.jpg 1536w, https:\/\/taje-shengal.com\/wp-content\/uploads\/2025\/07\/Sequence-01.00_07_46_08.Still004-390x220.jpg 390w, https:\/\/taje-shengal.com\/wp-content\/uploads\/2025\/07\/Sequence-01.00_07_46_08.Still004.jpg 1920w\" sizes=\"auto, (max-width: 502px) 100vw, 502px\" \/>Endama Koord\u00eenasyona Mecl\u00eesa \u00ce\u015ftar\u00ea ya Mexm\u00fbr\u00ea Songul Gunay diyar kir ku p\u00eaw\u00eest e ew bingeha \u00ear\u00ee\u015f\u00ean li ser jinan bizelali derx\u00eenin hol\u00ea \u00fb ev ti\u015ft an\u00ee ziman: \u201cDema em behsa d\u00eerok\u00ea dikin em behsa d\u00eeroka bi hezar salan dikin p\u00eave gir\u00eaday\u00ee em behsa d\u00eeroka \u00ear\u00ee\u015f\u00ean li ser jinan dikin. Di \u015fexs\u00ea jin\u00ean \u015eengal\u00ea de ev h\u00een z\u00eadetir hatiye k\u00fbrkirin. Em ji \u00e7anda jin-dayik\u00ea ya jin\u00ean \u00eazid\u00ee tema\u015fe bikin em \u00ea bib\u00eenin ku y\u00ea her\u00ee z\u00eade \u00e7anda xwe \u00fb axa xwe parastiye jin in. di jiyana rojane de em dib\u00eenin, di axafitina rojane de ev parastiye. Ji qada siyas\u00ee bigire heta her qada jiyan\u00ea derdikeve ort\u00ea ku \u00e7ima ewqas \u00ear\u00ee\u015f\u00ean dijwar li ser civaka \u00eazid\u00ee bi taybet\u00ee li ser jin\u00ean \u00eazid\u00ee t\u00ea me\u015fandin. P\u00eaw\u00eest e em bingeha van \u00ear\u00ee\u015fan bi zelal\u00ee derx\u00eenin hol\u00ea ku k\u00eejan siyaset li ser me t\u00ea me\u015fandin. Di s\u00eestema netew dewlet a bavilsalar\u00ee de dixwazin ol \u00fb baweriya \u00eazdiyat\u00ee ji hol\u00ea tune bikin. A gir\u00eeng ew e li beramber\u00ee van w\u00ea \u00e7awa xwe bir\u00eaxistin bikin. Wek\u00ee p\u00eaw\u00eest e em li beramber\u00ee pergala baviksalar \u00e7awa xwe bir\u00eaxistin bikin \u00fb bipar\u00eazin. Ev konferans li beramber\u00ee v\u00ea qirkirina \u00e7and\u00ee, ziman heta li beramber\u00ee qirkirna fizik\u00ee w\u00ea \u00e7awa li ber xwe bidin, xwed\u00ee li xwe derkevin, gir\u00eeng b\u00fb.<\/p>\n<p>Em wek\u00ee jin\u00ean penaber \u00ea Kampa Mexm\u00fbr\u00ea ev ji bo me j\u00ee dibe h\u00eaz \u00fb em di w\u00ea baweriy\u00ea de ne ku ji bo jin\u00ean Rojhilata Nav\u00een j\u00ee bibe bingeha h\u00eazeke mezin daku bikaribin xwe bir\u00eaxistin bikin, h\u00eaza xwe ya parastina cewher\u00ee, erken xwe y\u00ean welatpar\u00eaz\u00ee \u00fb nasnameya xwe ya jin derx\u00eenin hol\u00ea.\u201d<\/p>\n<p>&nbsp;<\/p>\n<p><strong>\u2018Div\u00ea em tu kes li p\u00ea\u015f me nikaribe bibe asten\u2019<\/strong><\/p>\n<p><img loading=\"lazy\" decoding=\"async\" class=\" wp-image-2605 alignright\" src=\"https:\/\/taje-shengal.com\/wp-content\/uploads\/2025\/07\/Sequence-01.00_08_26_14.Still006-300x169.jpg\" alt=\"\" width=\"469\" height=\"264\" srcset=\"https:\/\/taje-shengal.com\/wp-content\/uploads\/2025\/07\/Sequence-01.00_08_26_14.Still006-300x169.jpg 300w, https:\/\/taje-shengal.com\/wp-content\/uploads\/2025\/07\/Sequence-01.00_08_26_14.Still006-1024x576.jpg 1024w, https:\/\/taje-shengal.com\/wp-content\/uploads\/2025\/07\/Sequence-01.00_08_26_14.Still006-768x432.jpg 768w, https:\/\/taje-shengal.com\/wp-content\/uploads\/2025\/07\/Sequence-01.00_08_26_14.Still006-1536x864.jpg 1536w, https:\/\/taje-shengal.com\/wp-content\/uploads\/2025\/07\/Sequence-01.00_08_26_14.Still006-390x220.jpg 390w, https:\/\/taje-shengal.com\/wp-content\/uploads\/2025\/07\/Sequence-01.00_08_26_14.Still006.jpg 1920w\" sizes=\"auto, (max-width: 469px) 100vw, 469px\" \/><\/p>\n<p>Endama Tevgera Azadiya Jin\u00ean \u00cazid\u00ee (TAJ\u00ca) Tewr\u00ea His\u00ean j\u00ee di destp\u00eaka axaftina xwe de konferans\u00ea li R\u00eaber Apo p\u00eeroz kir \u00fb ev nirxandin kir: \u201cEm dixwazin bi v\u00ea konferans\u00ea re h\u00een z\u00eadetir p\u00ea\u015fengt\u00ee ji p\u00eavajoy\u00ea re bikin. Em gelek ser bilind in ji bo em bir ola xwe rabin \u00fb xwe bir\u00eaxistin dikin. Me peyama R\u00eabert\u00ee guhdar kir. Bi taybet\u00ee bi fikr\u00ean R\u00eaber Apo em jin dikarin v\u00ea zilma li ser jin\u00ea t\u00ea me\u015fandin ji hol\u00ea rabikin. Ji bo em ji v\u00ea zindan\u00ea dekevin div\u00ea em xwe bir\u00eaxistin bikin \u00fb ti\u015fta dikeve ser mil\u00ea me em \u00ea bikin \u00fb em \u00ea heta daw\u00ee bi R\u00eabertiya xwe re bime\u015fin. Ji be ku R\u00eaber Apo em ji zindan\u00ea derxis, p\u00eaw\u00eest e jin rabin ser xwe \u00fb tu kes li p\u00ea\u015f me nikaribe bibe asteng.\u201d<\/p>\n<p>&nbsp;<\/p>\n<p>&nbsp;<\/p>\n","protected":false},"excerpt":{"rendered":"<p>Konferansa Ronakbir\u00ee ya \u015eengal\u00ea ku di navbera 17-18\u2019\u00ea T\u00eermeh\u00ea de ji h\u00eala Akademiya Zanista Civak\u00ee ya Abdullah Ocalan a \u015eengal\u00ea ve hat lidarxistin, bi biryardariyeke mezin bidaw\u00ee b\u00fb. Di konferans\u00ea de gelek mijar bi berfreh\u00ee hatin niqa\u015fkirin. Ji dervey\u00ee \u015eengal\u00ea gelek m\u00eavan j\u00ee tevli konferans\u00ea b\u00fbn \u00fb peyam\u00ean xwe dan. Derbar\u00ea gir\u00eengiya konferans\u00ea de jin\u00ean &hellip;<\/p>\n","protected":false},"author":2,"featured_media":2603,"comment_status":"closed","ping_status":"closed","sticky":false,"template":"","format":"standard","meta":{"footnotes":""},"categories":[43],"tags":[],"class_list":["post-2602","post","type-post","status-publish","format-standard","has-post-thumbnail","hentry","category-hevpeyvin"],"yoast_head":"<!-- This site is optimized with the Yoast SEO plugin v27.4 - https:\/\/yoast.com\/product\/yoast-seo-wordpress\/ -->\n<title>Div\u00ea Bi Konferans\u00ea Re Jin H\u00een Xurtir Ji P\u00eavajoy\u00ea Re P\u00ea\u015fengt\u00ee Bikin - taje<\/title>\n<meta name=\"robots\" content=\"index, follow, max-snippet:-1, max-image-preview:large, max-video-preview:-1\" \/>\n<link rel=\"canonical\" href=\"https:\/\/taje-shengal.com\/index.php\/2025\/07\/19\/dive-bi-konferanse-re-jin-hin-xurtir-ji-pevajoye-re-pesengti-bikin\/\" \/>\n<meta property=\"og:locale\" content=\"en_US\" \/>\n<meta property=\"og:type\" content=\"article\" \/>\n<meta property=\"og:title\" content=\"Div\u00ea Bi Konferans\u00ea Re Jin H\u00een Xurtir Ji P\u00eavajoy\u00ea Re P\u00ea\u015fengt\u00ee Bikin - taje\" \/>\n<meta property=\"og:description\" content=\"Konferansa Ronakbir\u00ee ya \u015eengal\u00ea ku di navbera 17-18\u2019\u00ea T\u00eermeh\u00ea de ji h\u00eala Akademiya Zanista Civak\u00ee ya Abdullah Ocalan a \u015eengal\u00ea ve hat lidarxistin, bi biryardariyeke mezin bidaw\u00ee b\u00fb. Di konferans\u00ea de gelek mijar bi berfreh\u00ee hatin niqa\u015fkirin. Ji dervey\u00ee \u015eengal\u00ea gelek m\u00eavan j\u00ee tevli konferans\u00ea b\u00fbn \u00fb peyam\u00ean xwe dan. Derbar\u00ea gir\u00eengiya konferans\u00ea de jin\u00ean &hellip;\" \/>\n<meta property=\"og:url\" content=\"https:\/\/taje-shengal.com\/index.php\/2025\/07\/19\/dive-bi-konferanse-re-jin-hin-xurtir-ji-pevajoye-re-pesengti-bikin\/\" \/>\n<meta property=\"og:site_name\" content=\"taje\" \/>\n<meta property=\"article:author\" content=\"www.facebook.com\/profile.php?id=61581205080900\" \/>\n<meta property=\"article:published_time\" content=\"2025-07-19T12:32:23+00:00\" \/>\n<meta property=\"og:image\" content=\"https:\/\/taje-shengal.com\/wp-content\/uploads\/2025\/07\/2a7da3fd-09be-4fdf-9442-943e121cd126.jpg\" \/>\n\t<meta property=\"og:image:width\" content=\"1600\" \/>\n\t<meta property=\"og:image:height\" content=\"980\" \/>\n\t<meta property=\"og:image:type\" content=\"image\/jpeg\" \/>\n<meta name=\"author\" content=\"admin1\" \/>\n<meta name=\"twitter:card\" content=\"summary_large_image\" \/>\n<meta name=\"twitter:label1\" content=\"Written by\" \/>\n\t<meta name=\"twitter:data1\" content=\"admin1\" \/>\n\t<meta name=\"twitter:label2\" content=\"Est. reading time\" \/>\n\t<meta name=\"twitter:data2\" content=\"3 minutes\" \/>\n<script type=\"application\/ld+json\" class=\"yoast-schema-graph\">{\"@context\":\"https:\\\/\\\/schema.org\",\"@graph\":[{\"@type\":\"Article\",\"@id\":\"https:\\\/\\\/taje-shengal.com\\\/index.php\\\/2025\\\/07\\\/19\\\/dive-bi-konferanse-re-jin-hin-xurtir-ji-pevajoye-re-pesengti-bikin\\\/#article\",\"isPartOf\":{\"@id\":\"https:\\\/\\\/taje-shengal.com\\\/index.php\\\/2025\\\/07\\\/19\\\/dive-bi-konferanse-re-jin-hin-xurtir-ji-pevajoye-re-pesengti-bikin\\\/\"},\"author\":{\"name\":\"admin1\",\"@id\":\"https:\\\/\\\/taje-shengal.com\\\/#\\\/schema\\\/person\\\/6b255472677a92d4ee1755822fa3c622\"},\"headline\":\"Div\u00ea Bi Konferans\u00ea Re Jin H\u00een Xurtir Ji P\u00eavajoy\u00ea Re P\u00ea\u015fengt\u00ee Bikin\",\"datePublished\":\"2025-07-19T12:32:23+00:00\",\"mainEntityOfPage\":{\"@id\":\"https:\\\/\\\/taje-shengal.com\\\/index.php\\\/2025\\\/07\\\/19\\\/dive-bi-konferanse-re-jin-hin-xurtir-ji-pevajoye-re-pesengti-bikin\\\/\"},\"wordCount\":564,\"image\":{\"@id\":\"https:\\\/\\\/taje-shengal.com\\\/index.php\\\/2025\\\/07\\\/19\\\/dive-bi-konferanse-re-jin-hin-xurtir-ji-pevajoye-re-pesengti-bikin\\\/#primaryimage\"},\"thumbnailUrl\":\"https:\\\/\\\/taje-shengal.com\\\/wp-content\\\/uploads\\\/2025\\\/07\\\/2a7da3fd-09be-4fdf-9442-943e121cd126.jpg\",\"articleSection\":[\"Hevpeyv\u00een\"],\"inLanguage\":\"en-US\"},{\"@type\":\"WebPage\",\"@id\":\"https:\\\/\\\/taje-shengal.com\\\/index.php\\\/2025\\\/07\\\/19\\\/dive-bi-konferanse-re-jin-hin-xurtir-ji-pevajoye-re-pesengti-bikin\\\/\",\"url\":\"https:\\\/\\\/taje-shengal.com\\\/index.php\\\/2025\\\/07\\\/19\\\/dive-bi-konferanse-re-jin-hin-xurtir-ji-pevajoye-re-pesengti-bikin\\\/\",\"name\":\"Div\u00ea Bi Konferans\u00ea Re Jin H\u00een Xurtir Ji P\u00eavajoy\u00ea Re P\u00ea\u015fengt\u00ee Bikin - taje\",\"isPartOf\":{\"@id\":\"https:\\\/\\\/taje-shengal.com\\\/#website\"},\"primaryImageOfPage\":{\"@id\":\"https:\\\/\\\/taje-shengal.com\\\/index.php\\\/2025\\\/07\\\/19\\\/dive-bi-konferanse-re-jin-hin-xurtir-ji-pevajoye-re-pesengti-bikin\\\/#primaryimage\"},\"image\":{\"@id\":\"https:\\\/\\\/taje-shengal.com\\\/index.php\\\/2025\\\/07\\\/19\\\/dive-bi-konferanse-re-jin-hin-xurtir-ji-pevajoye-re-pesengti-bikin\\\/#primaryimage\"},\"thumbnailUrl\":\"https:\\\/\\\/taje-shengal.com\\\/wp-content\\\/uploads\\\/2025\\\/07\\\/2a7da3fd-09be-4fdf-9442-943e121cd126.jpg\",\"datePublished\":\"2025-07-19T12:32:23+00:00\",\"author\":{\"@id\":\"https:\\\/\\\/taje-shengal.com\\\/#\\\/schema\\\/person\\\/6b255472677a92d4ee1755822fa3c622\"},\"breadcrumb\":{\"@id\":\"https:\\\/\\\/taje-shengal.com\\\/index.php\\\/2025\\\/07\\\/19\\\/dive-bi-konferanse-re-jin-hin-xurtir-ji-pevajoye-re-pesengti-bikin\\\/#breadcrumb\"},\"inLanguage\":\"en-US\",\"potentialAction\":[{\"@type\":\"ReadAction\",\"target\":[\"https:\\\/\\\/taje-shengal.com\\\/index.php\\\/2025\\\/07\\\/19\\\/dive-bi-konferanse-re-jin-hin-xurtir-ji-pevajoye-re-pesengti-bikin\\\/\"]}]},{\"@type\":\"ImageObject\",\"inLanguage\":\"en-US\",\"@id\":\"https:\\\/\\\/taje-shengal.com\\\/index.php\\\/2025\\\/07\\\/19\\\/dive-bi-konferanse-re-jin-hin-xurtir-ji-pevajoye-re-pesengti-bikin\\\/#primaryimage\",\"url\":\"https:\\\/\\\/taje-shengal.com\\\/wp-content\\\/uploads\\\/2025\\\/07\\\/2a7da3fd-09be-4fdf-9442-943e121cd126.jpg\",\"contentUrl\":\"https:\\\/\\\/taje-shengal.com\\\/wp-content\\\/uploads\\\/2025\\\/07\\\/2a7da3fd-09be-4fdf-9442-943e121cd126.jpg\",\"width\":1600,\"height\":980},{\"@type\":\"BreadcrumbList\",\"@id\":\"https:\\\/\\\/taje-shengal.com\\\/index.php\\\/2025\\\/07\\\/19\\\/dive-bi-konferanse-re-jin-hin-xurtir-ji-pevajoye-re-pesengti-bikin\\\/#breadcrumb\",\"itemListElement\":[{\"@type\":\"ListItem\",\"position\":1,\"name\":\"Home\",\"item\":\"https:\\\/\\\/taje-shengal.com\\\/\"},{\"@type\":\"ListItem\",\"position\":2,\"name\":\"Div\u00ea Bi Konferans\u00ea Re Jin H\u00een Xurtir Ji P\u00eavajoy\u00ea Re P\u00ea\u015fengt\u00ee Bikin\"}]},{\"@type\":\"WebSite\",\"@id\":\"https:\\\/\\\/taje-shengal.com\\\/#website\",\"url\":\"https:\\\/\\\/taje-shengal.com\\\/\",\"name\":\"taje\",\"description\":\"\",\"potentialAction\":[{\"@type\":\"SearchAction\",\"target\":{\"@type\":\"EntryPoint\",\"urlTemplate\":\"https:\\\/\\\/taje-shengal.com\\\/?s={search_term_string}\"},\"query-input\":{\"@type\":\"PropertyValueSpecification\",\"valueRequired\":true,\"valueName\":\"search_term_string\"}}],\"inLanguage\":\"en-US\"},{\"@type\":\"Person\",\"@id\":\"https:\\\/\\\/taje-shengal.com\\\/#\\\/schema\\\/person\\\/6b255472677a92d4ee1755822fa3c622\",\"name\":\"admin1\",\"image\":{\"@type\":\"ImageObject\",\"inLanguage\":\"en-US\",\"@id\":\"https:\\\/\\\/secure.gravatar.com\\\/avatar\\\/0e540f8fea35199ef5d34092bfe4dc9f46818bfa1eb17ec4b585b5c6a367f165?s=96&d=mm&r=g\",\"url\":\"https:\\\/\\\/secure.gravatar.com\\\/avatar\\\/0e540f8fea35199ef5d34092bfe4dc9f46818bfa1eb17ec4b585b5c6a367f165?s=96&d=mm&r=g\",\"contentUrl\":\"https:\\\/\\\/secure.gravatar.com\\\/avatar\\\/0e540f8fea35199ef5d34092bfe4dc9f46818bfa1eb17ec4b585b5c6a367f165?s=96&d=mm&r=g\",\"caption\":\"admin1\"},\"sameAs\":[\"www.facebook.com\\\/profile.php?id=61581205080900\"],\"url\":\"https:\\\/\\\/taje-shengal.com\\\/index.php\\\/author\\\/admin1\\\/\"}]}<\/script>\n<!-- \/ Yoast SEO plugin. -->","yoast_head_json":{"title":"Div\u00ea Bi Konferans\u00ea Re Jin H\u00een Xurtir Ji P\u00eavajoy\u00ea Re P\u00ea\u015fengt\u00ee Bikin - taje","robots":{"index":"index","follow":"follow","max-snippet":"max-snippet:-1","max-image-preview":"max-image-preview:large","max-video-preview":"max-video-preview:-1"},"canonical":"https:\/\/taje-shengal.com\/index.php\/2025\/07\/19\/dive-bi-konferanse-re-jin-hin-xurtir-ji-pevajoye-re-pesengti-bikin\/","og_locale":"en_US","og_type":"article","og_title":"Div\u00ea Bi Konferans\u00ea Re Jin H\u00een Xurtir Ji P\u00eavajoy\u00ea Re P\u00ea\u015fengt\u00ee Bikin - taje","og_description":"Konferansa Ronakbir\u00ee ya \u015eengal\u00ea ku di navbera 17-18\u2019\u00ea T\u00eermeh\u00ea de ji h\u00eala Akademiya Zanista Civak\u00ee ya Abdullah Ocalan a \u015eengal\u00ea ve hat lidarxistin, bi biryardariyeke mezin bidaw\u00ee b\u00fb. Di konferans\u00ea de gelek mijar bi berfreh\u00ee hatin niqa\u015fkirin. Ji dervey\u00ee \u015eengal\u00ea gelek m\u00eavan j\u00ee tevli konferans\u00ea b\u00fbn \u00fb peyam\u00ean xwe dan. Derbar\u00ea gir\u00eengiya konferans\u00ea de jin\u00ean &hellip;","og_url":"https:\/\/taje-shengal.com\/index.php\/2025\/07\/19\/dive-bi-konferanse-re-jin-hin-xurtir-ji-pevajoye-re-pesengti-bikin\/","og_site_name":"taje","article_author":"www.facebook.com\/profile.php?id=61581205080900","article_published_time":"2025-07-19T12:32:23+00:00","og_image":[{"width":1600,"height":980,"url":"https:\/\/taje-shengal.com\/wp-content\/uploads\/2025\/07\/2a7da3fd-09be-4fdf-9442-943e121cd126.jpg","type":"image\/jpeg"}],"author":"admin1","twitter_card":"summary_large_image","twitter_misc":{"Written by":"admin1","Est. reading time":"3 minutes"},"schema":{"@context":"https:\/\/schema.org","@graph":[{"@type":"Article","@id":"https:\/\/taje-shengal.com\/index.php\/2025\/07\/19\/dive-bi-konferanse-re-jin-hin-xurtir-ji-pevajoye-re-pesengti-bikin\/#article","isPartOf":{"@id":"https:\/\/taje-shengal.com\/index.php\/2025\/07\/19\/dive-bi-konferanse-re-jin-hin-xurtir-ji-pevajoye-re-pesengti-bikin\/"},"author":{"name":"admin1","@id":"https:\/\/taje-shengal.com\/#\/schema\/person\/6b255472677a92d4ee1755822fa3c622"},"headline":"Div\u00ea Bi Konferans\u00ea Re Jin H\u00een Xurtir Ji P\u00eavajoy\u00ea Re P\u00ea\u015fengt\u00ee Bikin","datePublished":"2025-07-19T12:32:23+00:00","mainEntityOfPage":{"@id":"https:\/\/taje-shengal.com\/index.php\/2025\/07\/19\/dive-bi-konferanse-re-jin-hin-xurtir-ji-pevajoye-re-pesengti-bikin\/"},"wordCount":564,"image":{"@id":"https:\/\/taje-shengal.com\/index.php\/2025\/07\/19\/dive-bi-konferanse-re-jin-hin-xurtir-ji-pevajoye-re-pesengti-bikin\/#primaryimage"},"thumbnailUrl":"https:\/\/taje-shengal.com\/wp-content\/uploads\/2025\/07\/2a7da3fd-09be-4fdf-9442-943e121cd126.jpg","articleSection":["Hevpeyv\u00een"],"inLanguage":"en-US"},{"@type":"WebPage","@id":"https:\/\/taje-shengal.com\/index.php\/2025\/07\/19\/dive-bi-konferanse-re-jin-hin-xurtir-ji-pevajoye-re-pesengti-bikin\/","url":"https:\/\/taje-shengal.com\/index.php\/2025\/07\/19\/dive-bi-konferanse-re-jin-hin-xurtir-ji-pevajoye-re-pesengti-bikin\/","name":"Div\u00ea Bi Konferans\u00ea Re Jin H\u00een Xurtir Ji P\u00eavajoy\u00ea Re P\u00ea\u015fengt\u00ee Bikin - taje","isPartOf":{"@id":"https:\/\/taje-shengal.com\/#website"},"primaryImageOfPage":{"@id":"https:\/\/taje-shengal.com\/index.php\/2025\/07\/19\/dive-bi-konferanse-re-jin-hin-xurtir-ji-pevajoye-re-pesengti-bikin\/#primaryimage"},"image":{"@id":"https:\/\/taje-shengal.com\/index.php\/2025\/07\/19\/dive-bi-konferanse-re-jin-hin-xurtir-ji-pevajoye-re-pesengti-bikin\/#primaryimage"},"thumbnailUrl":"https:\/\/taje-shengal.com\/wp-content\/uploads\/2025\/07\/2a7da3fd-09be-4fdf-9442-943e121cd126.jpg","datePublished":"2025-07-19T12:32:23+00:00","author":{"@id":"https:\/\/taje-shengal.com\/#\/schema\/person\/6b255472677a92d4ee1755822fa3c622"},"breadcrumb":{"@id":"https:\/\/taje-shengal.com\/index.php\/2025\/07\/19\/dive-bi-konferanse-re-jin-hin-xurtir-ji-pevajoye-re-pesengti-bikin\/#breadcrumb"},"inLanguage":"en-US","potentialAction":[{"@type":"ReadAction","target":["https:\/\/taje-shengal.com\/index.php\/2025\/07\/19\/dive-bi-konferanse-re-jin-hin-xurtir-ji-pevajoye-re-pesengti-bikin\/"]}]},{"@type":"ImageObject","inLanguage":"en-US","@id":"https:\/\/taje-shengal.com\/index.php\/2025\/07\/19\/dive-bi-konferanse-re-jin-hin-xurtir-ji-pevajoye-re-pesengti-bikin\/#primaryimage","url":"https:\/\/taje-shengal.com\/wp-content\/uploads\/2025\/07\/2a7da3fd-09be-4fdf-9442-943e121cd126.jpg","contentUrl":"https:\/\/taje-shengal.com\/wp-content\/uploads\/2025\/07\/2a7da3fd-09be-4fdf-9442-943e121cd126.jpg","width":1600,"height":980},{"@type":"BreadcrumbList","@id":"https:\/\/taje-shengal.com\/index.php\/2025\/07\/19\/dive-bi-konferanse-re-jin-hin-xurtir-ji-pevajoye-re-pesengti-bikin\/#breadcrumb","itemListElement":[{"@type":"ListItem","position":1,"name":"Home","item":"https:\/\/taje-shengal.com\/"},{"@type":"ListItem","position":2,"name":"Div\u00ea Bi Konferans\u00ea Re Jin H\u00een Xurtir Ji P\u00eavajoy\u00ea Re P\u00ea\u015fengt\u00ee Bikin"}]},{"@type":"WebSite","@id":"https:\/\/taje-shengal.com\/#website","url":"https:\/\/taje-shengal.com\/","name":"taje","description":"","potentialAction":[{"@type":"SearchAction","target":{"@type":"EntryPoint","urlTemplate":"https:\/\/taje-shengal.com\/?s={search_term_string}"},"query-input":{"@type":"PropertyValueSpecification","valueRequired":true,"valueName":"search_term_string"}}],"inLanguage":"en-US"},{"@type":"Person","@id":"https:\/\/taje-shengal.com\/#\/schema\/person\/6b255472677a92d4ee1755822fa3c622","name":"admin1","image":{"@type":"ImageObject","inLanguage":"en-US","@id":"https:\/\/secure.gravatar.com\/avatar\/0e540f8fea35199ef5d34092bfe4dc9f46818bfa1eb17ec4b585b5c6a367f165?s=96&d=mm&r=g","url":"https:\/\/secure.gravatar.com\/avatar\/0e540f8fea35199ef5d34092bfe4dc9f46818bfa1eb17ec4b585b5c6a367f165?s=96&d=mm&r=g","contentUrl":"https:\/\/secure.gravatar.com\/avatar\/0e540f8fea35199ef5d34092bfe4dc9f46818bfa1eb17ec4b585b5c6a367f165?s=96&d=mm&r=g","caption":"admin1"},"sameAs":["www.facebook.com\/profile.php?id=61581205080900"],"url":"https:\/\/taje-shengal.com\/index.php\/author\/admin1\/"}]}},"_links":{"self":[{"href":"https:\/\/taje-shengal.com\/index.php\/wp-json\/wp\/v2\/posts\/2602","targetHints":{"allow":["GET"]}}],"collection":[{"href":"https:\/\/taje-shengal.com\/index.php\/wp-json\/wp\/v2\/posts"}],"about":[{"href":"https:\/\/taje-shengal.com\/index.php\/wp-json\/wp\/v2\/types\/post"}],"author":[{"embeddable":true,"href":"https:\/\/taje-shengal.com\/index.php\/wp-json\/wp\/v2\/users\/2"}],"replies":[{"embeddable":true,"href":"https:\/\/taje-shengal.com\/index.php\/wp-json\/wp\/v2\/comments?post=2602"}],"version-history":[{"count":1,"href":"https:\/\/taje-shengal.com\/index.php\/wp-json\/wp\/v2\/posts\/2602\/revisions"}],"predecessor-version":[{"id":2606,"href":"https:\/\/taje-shengal.com\/index.php\/wp-json\/wp\/v2\/posts\/2602\/revisions\/2606"}],"wp:featuredmedia":[{"embeddable":true,"href":"https:\/\/taje-shengal.com\/index.php\/wp-json\/wp\/v2\/media\/2603"}],"wp:attachment":[{"href":"https:\/\/taje-shengal.com\/index.php\/wp-json\/wp\/v2\/media?parent=2602"}],"wp:term":[{"taxonomy":"category","embeddable":true,"href":"https:\/\/taje-shengal.com\/index.php\/wp-json\/wp\/v2\/categories?post=2602"},{"taxonomy":"post_tag","embeddable":true,"href":"https:\/\/taje-shengal.com\/index.php\/wp-json\/wp\/v2\/tags?post=2602"}],"curies":[{"name":"wp","href":"https:\/\/api.w.org\/{rel}","templated":true}]}}