{"id":2643,"date":"2025-07-22T17:08:36","date_gmt":"2025-07-22T17:08:36","guid":{"rendered":"https:\/\/taje-shengal.com\/?p=2643"},"modified":"2025-08-13T02:38:54","modified_gmt":"2025-08-13T02:38:54","slug":"11emin-salvegera-fermane-be-helwestbuyin-ji-hevkariya-fermane-ye","status":"publish","type":"post","link":"https:\/\/taje-shengal.com\/index.php\/2025\/07\/22\/11emin-salvegera-fermane-be-helwestbuyin-ji-hevkariya-fermane-ye\/","title":{"rendered":"11\u2019em\u00een salvegera Ferman\u00ea: B\u00ea helwestb\u00fby\u00een j\u00ee hevkariya ferman\u00ea ye"},"content":{"rendered":"<p>Bi n\u00eazhatina 11\u2019em\u00een salvegera fermana 3\u2019y\u00ea Tebax\u00ea Tevgera Azadiya Jin\u00ean \u00cazid\u00ee (TAJ\u00ca) li gund \u00fb nav\u00e7ey\u00ean \u015eengal\u00ea sem\u00eener \u00fb civ\u00eenan li dar dixe. Bi heman armanc\u00ee li Meclisa Gel a Xanesor\u00ea j\u00ee sem\u00eenerek hat lidarxistin.<\/p>\n<p>T\u00eakildar\u00ee salvegera ferman\u00ea endama Koord\u00eenasyona TAJ\u00ca \u015eem\u00ea Hel\u00eeq\u00ee ji malpera me re axiv\u00ee \u00fb diyar kir ku ew wek\u00ee jin wek\u00ee civak ji bo careke din ferman bi ser\u00ea wan de ney\u00ea xwe bir\u00eaxistin \u00fb bih\u00eaz dikin.<\/p>\n<p>\u015eem\u00ea Hel\u00eeq\u00ee destn\u00ee\u015fan kir ku fermanan\u00ea wek fermana 3\u2019y\u00ea Tebax\u00ea k\u00eam t\u00ean ser\u00ea civakan \u00fb bi b\u00eer xist ku roja ferman\u00ea dinya li beramber\u00ee fermana li ser civaka \u00eazid\u00ee \u00e7av \u00fb guh\u00ea xwe girtiye \u00fb wiha got: \u201cL\u00ea di k\u00ealiy\u00ean her zor \u00fb zehmet de y\u00ea xwed\u00ee li civaka \u00cazid\u00ee derket fikir \u00fb felsefaya R\u00eaber Apo b\u00fb ku em ji ferman\u00ea rizgar kir.<\/p>\n<p>B\u00eaguman dema R\u00eaber Apo xwed\u00ee li me civaka \u00cazid\u00ee derket, zext \u00fb \u00ear\u00ee\u015f\u00ean dewletan hem li ser R\u00eaber Apo hem j\u00ee li ser me z\u00eade dib\u00fb.\u201d<\/p>\n<p><strong>\u2018B\u00ea Helwestb\u00fby\u00een j\u00ee Hevkar\u00ee ye\u2019<\/strong><\/p>\n<p>Di axaftina xwe de \u015eem\u00ea Hel\u00eeq\u00ee bal ki\u015fand ser xemsariya Iraq\u00ea ya li hember \u015eengal \u00fb civaka \u00eazid\u00ee \u00fb wiha domand: \u201cHeta niha dewleta Iraq\u00ea tu ti\u015ftek ji bo me \u00cazidiyan nekiriye. Fermana ku bi sere me de hat di bin serweriya w\u00ea de b\u00fb. Ev 11 sal bi ser ferman\u00ea re derbas b\u00fbn heya niha Iraq ti\u015ftek\u00ee ji bo me nekiriye. H\u00eaj jenos\u00eeda li ser civaka \u00eazid\u00ee qeb\u00fbl nekiriye, ev n\u00eaz\u00eekatiya Iraq\u00ea cih\u00ea \u015fermazariy\u00ea ye. L\u00ea b\u00ea helwestb\u00fby\u00een j\u00ee hevakarb\u00fby\u00eena ferman\u00ea ye. Kes\u00ean ku di ferman\u00ea de li pi\u015ft me baz dan bila tu h\u00eaviyan nekin careke din w\u00ea vegerin \u015eengal\u00ea.\u201d<\/p>\n<p><strong>\u2018Em bi fikir \u00fb felsefeya R\u00eaber Apo li ser piyan in\u2019 <\/strong><\/p>\n<p>Di axaftina xwe de \u015eem\u00ea Hel\u00eeq\u00ee da zan\u00een ku ew \u00eero bi saya fikir \u00fb felsefeya R\u00eaber Apo hem dikarin xwe bipar\u00eazin hem dikarin axa xwe bipar\u00eazin \u00fb wiha p\u00eade \u00e7\u00fb: \u201c\u00cero roj em xwed\u00ee h\u00eaz in ku ji zarok\u00ean me p\u00eak t\u00ea. YB\u015e, YJ\u015e, Asay\u00ee\u015f \u00fb saziy\u00ean me hatine avakirin, em dikarin li ber xwe bidin \u00fb xwed\u00ee li xwe dekevin. Ev sala 11 sal in em xwe li ser fikr\u00ean R\u00eaber Apo perwerde \u00fb bir\u00eaxistin dikin.\u201d<\/p>\n<p><strong>Peyama R\u00eaber Apo ya ji bo civaka \u00eazid\u00ee<\/strong><\/p>\n<p>Di dawiya axaftina xwe de \u015eem\u00ea Hel\u00eeq\u00ee bal ki\u015fand ser nameya ku R\u00eaber Apo ji bo jin \u00fb civaka \u00eazid\u00ee \u015fandib\u00fb \u00fb wiha got: \u201cDema peyama R\u00eaber Apo ji me civaka \u00eazid\u00ee re hat em gelek k\u00eafxwe\u015f b\u00fbn. Em \u00ea li ser peyama R\u00eaber Apo ku ji me re \u015fand\u00ee xwe h\u00een z\u00eadetir bi r\u00eaxistin bikin \u00fb bi mezinkirina h\u00eaza xwe ya paratin em \u00ea xwed\u00ee li axa xwe derkevin.\u201d<\/p>\n<p>&nbsp;<\/p>\n<p>&nbsp;<\/p>\n","protected":false},"excerpt":{"rendered":"<p>Bi n\u00eazhatina 11\u2019em\u00een salvegera fermana 3\u2019y\u00ea Tebax\u00ea Tevgera Azadiya Jin\u00ean \u00cazid\u00ee (TAJ\u00ca) li gund \u00fb nav\u00e7ey\u00ean \u015eengal\u00ea sem\u00eener \u00fb civ\u00eenan li dar dixe. Bi heman armanc\u00ee li Meclisa Gel a Xanesor\u00ea j\u00ee sem\u00eenerek hat lidarxistin. T\u00eakildar\u00ee salvegera ferman\u00ea endama Koord\u00eenasyona TAJ\u00ca \u015eem\u00ea Hel\u00eeq\u00ee ji malpera me re axiv\u00ee \u00fb diyar kir ku ew wek\u00ee jin &hellip;<\/p>\n","protected":false},"author":2,"featured_media":2644,"comment_status":"closed","ping_status":"closed","sticky":false,"template":"","format":"standard","meta":{"footnotes":""},"categories":[43],"tags":[],"class_list":["post-2643","post","type-post","status-publish","format-standard","has-post-thumbnail","hentry","category-hevpeyvin"],"yoast_head":"<!-- This site is optimized with the Yoast SEO plugin v27.4 - https:\/\/yoast.com\/product\/yoast-seo-wordpress\/ -->\n<title>11\u2019em\u00een salvegera Ferman\u00ea: B\u00ea helwestb\u00fby\u00een j\u00ee hevkariya ferman\u00ea ye - taje<\/title>\n<meta name=\"robots\" content=\"index, follow, max-snippet:-1, max-image-preview:large, max-video-preview:-1\" \/>\n<link rel=\"canonical\" href=\"https:\/\/taje-shengal.com\/index.php\/2025\/07\/22\/11emin-salvegera-fermane-be-helwestbuyin-ji-hevkariya-fermane-ye\/\" \/>\n<meta property=\"og:locale\" content=\"en_US\" \/>\n<meta property=\"og:type\" content=\"article\" \/>\n<meta property=\"og:title\" content=\"11\u2019em\u00een salvegera Ferman\u00ea: B\u00ea helwestb\u00fby\u00een j\u00ee hevkariya ferman\u00ea ye - taje\" \/>\n<meta property=\"og:description\" content=\"Bi n\u00eazhatina 11\u2019em\u00een salvegera fermana 3\u2019y\u00ea Tebax\u00ea Tevgera Azadiya Jin\u00ean \u00cazid\u00ee (TAJ\u00ca) li gund \u00fb nav\u00e7ey\u00ean \u015eengal\u00ea sem\u00eener \u00fb civ\u00eenan li dar dixe. Bi heman armanc\u00ee li Meclisa Gel a Xanesor\u00ea j\u00ee sem\u00eenerek hat lidarxistin. T\u00eakildar\u00ee salvegera ferman\u00ea endama Koord\u00eenasyona TAJ\u00ca \u015eem\u00ea Hel\u00eeq\u00ee ji malpera me re axiv\u00ee \u00fb diyar kir ku ew wek\u00ee jin &hellip;\" \/>\n<meta property=\"og:url\" content=\"https:\/\/taje-shengal.com\/index.php\/2025\/07\/22\/11emin-salvegera-fermane-be-helwestbuyin-ji-hevkariya-fermane-ye\/\" \/>\n<meta property=\"og:site_name\" content=\"taje\" \/>\n<meta property=\"article:author\" content=\"www.facebook.com\/profile.php?id=61581205080900\" \/>\n<meta property=\"article:published_time\" content=\"2025-07-22T17:08:36+00:00\" \/>\n<meta property=\"article:modified_time\" content=\"2025-08-13T02:38:54+00:00\" \/>\n<meta property=\"og:image\" content=\"https:\/\/taje-shengal.com\/wp-content\/uploads\/2025\/07\/IMG_8583-scaled.jpg\" \/>\n\t<meta property=\"og:image:width\" content=\"2560\" \/>\n\t<meta property=\"og:image:height\" content=\"1707\" \/>\n\t<meta property=\"og:image:type\" content=\"image\/jpeg\" \/>\n<meta name=\"author\" content=\"admin1\" \/>\n<meta name=\"twitter:card\" content=\"summary_large_image\" \/>\n<meta name=\"twitter:label1\" content=\"Written by\" \/>\n\t<meta name=\"twitter:data1\" content=\"admin1\" \/>\n\t<meta name=\"twitter:label2\" content=\"Est. reading time\" \/>\n\t<meta name=\"twitter:data2\" content=\"3 minutes\" \/>\n<script type=\"application\/ld+json\" class=\"yoast-schema-graph\">{\"@context\":\"https:\\\/\\\/schema.org\",\"@graph\":[{\"@type\":\"Article\",\"@id\":\"https:\\\/\\\/taje-shengal.com\\\/index.php\\\/2025\\\/07\\\/22\\\/11emin-salvegera-fermane-be-helwestbuyin-ji-hevkariya-fermane-ye\\\/#article\",\"isPartOf\":{\"@id\":\"https:\\\/\\\/taje-shengal.com\\\/index.php\\\/2025\\\/07\\\/22\\\/11emin-salvegera-fermane-be-helwestbuyin-ji-hevkariya-fermane-ye\\\/\"},\"author\":{\"name\":\"admin1\",\"@id\":\"https:\\\/\\\/taje-shengal.com\\\/#\\\/schema\\\/person\\\/6b255472677a92d4ee1755822fa3c622\"},\"headline\":\"11\u2019em\u00een salvegera Ferman\u00ea: B\u00ea helwestb\u00fby\u00een j\u00ee hevkariya ferman\u00ea ye\",\"datePublished\":\"2025-07-22T17:08:36+00:00\",\"dateModified\":\"2025-08-13T02:38:54+00:00\",\"mainEntityOfPage\":{\"@id\":\"https:\\\/\\\/taje-shengal.com\\\/index.php\\\/2025\\\/07\\\/22\\\/11emin-salvegera-fermane-be-helwestbuyin-ji-hevkariya-fermane-ye\\\/\"},\"wordCount\":494,\"image\":{\"@id\":\"https:\\\/\\\/taje-shengal.com\\\/index.php\\\/2025\\\/07\\\/22\\\/11emin-salvegera-fermane-be-helwestbuyin-ji-hevkariya-fermane-ye\\\/#primaryimage\"},\"thumbnailUrl\":\"https:\\\/\\\/taje-shengal.com\\\/wp-content\\\/uploads\\\/2025\\\/07\\\/IMG_8583-scaled.jpg\",\"articleSection\":[\"Hevpeyv\u00een\"],\"inLanguage\":\"en-US\"},{\"@type\":\"WebPage\",\"@id\":\"https:\\\/\\\/taje-shengal.com\\\/index.php\\\/2025\\\/07\\\/22\\\/11emin-salvegera-fermane-be-helwestbuyin-ji-hevkariya-fermane-ye\\\/\",\"url\":\"https:\\\/\\\/taje-shengal.com\\\/index.php\\\/2025\\\/07\\\/22\\\/11emin-salvegera-fermane-be-helwestbuyin-ji-hevkariya-fermane-ye\\\/\",\"name\":\"11\u2019em\u00een salvegera Ferman\u00ea: B\u00ea helwestb\u00fby\u00een j\u00ee hevkariya ferman\u00ea ye - taje\",\"isPartOf\":{\"@id\":\"https:\\\/\\\/taje-shengal.com\\\/#website\"},\"primaryImageOfPage\":{\"@id\":\"https:\\\/\\\/taje-shengal.com\\\/index.php\\\/2025\\\/07\\\/22\\\/11emin-salvegera-fermane-be-helwestbuyin-ji-hevkariya-fermane-ye\\\/#primaryimage\"},\"image\":{\"@id\":\"https:\\\/\\\/taje-shengal.com\\\/index.php\\\/2025\\\/07\\\/22\\\/11emin-salvegera-fermane-be-helwestbuyin-ji-hevkariya-fermane-ye\\\/#primaryimage\"},\"thumbnailUrl\":\"https:\\\/\\\/taje-shengal.com\\\/wp-content\\\/uploads\\\/2025\\\/07\\\/IMG_8583-scaled.jpg\",\"datePublished\":\"2025-07-22T17:08:36+00:00\",\"dateModified\":\"2025-08-13T02:38:54+00:00\",\"author\":{\"@id\":\"https:\\\/\\\/taje-shengal.com\\\/#\\\/schema\\\/person\\\/6b255472677a92d4ee1755822fa3c622\"},\"breadcrumb\":{\"@id\":\"https:\\\/\\\/taje-shengal.com\\\/index.php\\\/2025\\\/07\\\/22\\\/11emin-salvegera-fermane-be-helwestbuyin-ji-hevkariya-fermane-ye\\\/#breadcrumb\"},\"inLanguage\":\"en-US\",\"potentialAction\":[{\"@type\":\"ReadAction\",\"target\":[\"https:\\\/\\\/taje-shengal.com\\\/index.php\\\/2025\\\/07\\\/22\\\/11emin-salvegera-fermane-be-helwestbuyin-ji-hevkariya-fermane-ye\\\/\"]}]},{\"@type\":\"ImageObject\",\"inLanguage\":\"en-US\",\"@id\":\"https:\\\/\\\/taje-shengal.com\\\/index.php\\\/2025\\\/07\\\/22\\\/11emin-salvegera-fermane-be-helwestbuyin-ji-hevkariya-fermane-ye\\\/#primaryimage\",\"url\":\"https:\\\/\\\/taje-shengal.com\\\/wp-content\\\/uploads\\\/2025\\\/07\\\/IMG_8583-scaled.jpg\",\"contentUrl\":\"https:\\\/\\\/taje-shengal.com\\\/wp-content\\\/uploads\\\/2025\\\/07\\\/IMG_8583-scaled.jpg\",\"width\":2560,\"height\":1707},{\"@type\":\"BreadcrumbList\",\"@id\":\"https:\\\/\\\/taje-shengal.com\\\/index.php\\\/2025\\\/07\\\/22\\\/11emin-salvegera-fermane-be-helwestbuyin-ji-hevkariya-fermane-ye\\\/#breadcrumb\",\"itemListElement\":[{\"@type\":\"ListItem\",\"position\":1,\"name\":\"Home\",\"item\":\"https:\\\/\\\/taje-shengal.com\\\/\"},{\"@type\":\"ListItem\",\"position\":2,\"name\":\"11\u2019em\u00een salvegera Ferman\u00ea: B\u00ea helwestb\u00fby\u00een j\u00ee hevkariya ferman\u00ea ye\"}]},{\"@type\":\"WebSite\",\"@id\":\"https:\\\/\\\/taje-shengal.com\\\/#website\",\"url\":\"https:\\\/\\\/taje-shengal.com\\\/\",\"name\":\"taje\",\"description\":\"\",\"potentialAction\":[{\"@type\":\"SearchAction\",\"target\":{\"@type\":\"EntryPoint\",\"urlTemplate\":\"https:\\\/\\\/taje-shengal.com\\\/?s={search_term_string}\"},\"query-input\":{\"@type\":\"PropertyValueSpecification\",\"valueRequired\":true,\"valueName\":\"search_term_string\"}}],\"inLanguage\":\"en-US\"},{\"@type\":\"Person\",\"@id\":\"https:\\\/\\\/taje-shengal.com\\\/#\\\/schema\\\/person\\\/6b255472677a92d4ee1755822fa3c622\",\"name\":\"admin1\",\"image\":{\"@type\":\"ImageObject\",\"inLanguage\":\"en-US\",\"@id\":\"https:\\\/\\\/secure.gravatar.com\\\/avatar\\\/0e540f8fea35199ef5d34092bfe4dc9f46818bfa1eb17ec4b585b5c6a367f165?s=96&d=mm&r=g\",\"url\":\"https:\\\/\\\/secure.gravatar.com\\\/avatar\\\/0e540f8fea35199ef5d34092bfe4dc9f46818bfa1eb17ec4b585b5c6a367f165?s=96&d=mm&r=g\",\"contentUrl\":\"https:\\\/\\\/secure.gravatar.com\\\/avatar\\\/0e540f8fea35199ef5d34092bfe4dc9f46818bfa1eb17ec4b585b5c6a367f165?s=96&d=mm&r=g\",\"caption\":\"admin1\"},\"sameAs\":[\"www.facebook.com\\\/profile.php?id=61581205080900\"],\"url\":\"https:\\\/\\\/taje-shengal.com\\\/index.php\\\/author\\\/admin1\\\/\"}]}<\/script>\n<!-- \/ Yoast SEO plugin. -->","yoast_head_json":{"title":"11\u2019em\u00een salvegera Ferman\u00ea: B\u00ea helwestb\u00fby\u00een j\u00ee hevkariya ferman\u00ea ye - taje","robots":{"index":"index","follow":"follow","max-snippet":"max-snippet:-1","max-image-preview":"max-image-preview:large","max-video-preview":"max-video-preview:-1"},"canonical":"https:\/\/taje-shengal.com\/index.php\/2025\/07\/22\/11emin-salvegera-fermane-be-helwestbuyin-ji-hevkariya-fermane-ye\/","og_locale":"en_US","og_type":"article","og_title":"11\u2019em\u00een salvegera Ferman\u00ea: B\u00ea helwestb\u00fby\u00een j\u00ee hevkariya ferman\u00ea ye - taje","og_description":"Bi n\u00eazhatina 11\u2019em\u00een salvegera fermana 3\u2019y\u00ea Tebax\u00ea Tevgera Azadiya Jin\u00ean \u00cazid\u00ee (TAJ\u00ca) li gund \u00fb nav\u00e7ey\u00ean \u015eengal\u00ea sem\u00eener \u00fb civ\u00eenan li dar dixe. Bi heman armanc\u00ee li Meclisa Gel a Xanesor\u00ea j\u00ee sem\u00eenerek hat lidarxistin. T\u00eakildar\u00ee salvegera ferman\u00ea endama Koord\u00eenasyona TAJ\u00ca \u015eem\u00ea Hel\u00eeq\u00ee ji malpera me re axiv\u00ee \u00fb diyar kir ku ew wek\u00ee jin &hellip;","og_url":"https:\/\/taje-shengal.com\/index.php\/2025\/07\/22\/11emin-salvegera-fermane-be-helwestbuyin-ji-hevkariya-fermane-ye\/","og_site_name":"taje","article_author":"www.facebook.com\/profile.php?id=61581205080900","article_published_time":"2025-07-22T17:08:36+00:00","article_modified_time":"2025-08-13T02:38:54+00:00","og_image":[{"width":2560,"height":1707,"url":"https:\/\/taje-shengal.com\/wp-content\/uploads\/2025\/07\/IMG_8583-scaled.jpg","type":"image\/jpeg"}],"author":"admin1","twitter_card":"summary_large_image","twitter_misc":{"Written by":"admin1","Est. reading time":"3 minutes"},"schema":{"@context":"https:\/\/schema.org","@graph":[{"@type":"Article","@id":"https:\/\/taje-shengal.com\/index.php\/2025\/07\/22\/11emin-salvegera-fermane-be-helwestbuyin-ji-hevkariya-fermane-ye\/#article","isPartOf":{"@id":"https:\/\/taje-shengal.com\/index.php\/2025\/07\/22\/11emin-salvegera-fermane-be-helwestbuyin-ji-hevkariya-fermane-ye\/"},"author":{"name":"admin1","@id":"https:\/\/taje-shengal.com\/#\/schema\/person\/6b255472677a92d4ee1755822fa3c622"},"headline":"11\u2019em\u00een salvegera Ferman\u00ea: B\u00ea helwestb\u00fby\u00een j\u00ee hevkariya ferman\u00ea ye","datePublished":"2025-07-22T17:08:36+00:00","dateModified":"2025-08-13T02:38:54+00:00","mainEntityOfPage":{"@id":"https:\/\/taje-shengal.com\/index.php\/2025\/07\/22\/11emin-salvegera-fermane-be-helwestbuyin-ji-hevkariya-fermane-ye\/"},"wordCount":494,"image":{"@id":"https:\/\/taje-shengal.com\/index.php\/2025\/07\/22\/11emin-salvegera-fermane-be-helwestbuyin-ji-hevkariya-fermane-ye\/#primaryimage"},"thumbnailUrl":"https:\/\/taje-shengal.com\/wp-content\/uploads\/2025\/07\/IMG_8583-scaled.jpg","articleSection":["Hevpeyv\u00een"],"inLanguage":"en-US"},{"@type":"WebPage","@id":"https:\/\/taje-shengal.com\/index.php\/2025\/07\/22\/11emin-salvegera-fermane-be-helwestbuyin-ji-hevkariya-fermane-ye\/","url":"https:\/\/taje-shengal.com\/index.php\/2025\/07\/22\/11emin-salvegera-fermane-be-helwestbuyin-ji-hevkariya-fermane-ye\/","name":"11\u2019em\u00een salvegera Ferman\u00ea: B\u00ea helwestb\u00fby\u00een j\u00ee hevkariya ferman\u00ea ye - taje","isPartOf":{"@id":"https:\/\/taje-shengal.com\/#website"},"primaryImageOfPage":{"@id":"https:\/\/taje-shengal.com\/index.php\/2025\/07\/22\/11emin-salvegera-fermane-be-helwestbuyin-ji-hevkariya-fermane-ye\/#primaryimage"},"image":{"@id":"https:\/\/taje-shengal.com\/index.php\/2025\/07\/22\/11emin-salvegera-fermane-be-helwestbuyin-ji-hevkariya-fermane-ye\/#primaryimage"},"thumbnailUrl":"https:\/\/taje-shengal.com\/wp-content\/uploads\/2025\/07\/IMG_8583-scaled.jpg","datePublished":"2025-07-22T17:08:36+00:00","dateModified":"2025-08-13T02:38:54+00:00","author":{"@id":"https:\/\/taje-shengal.com\/#\/schema\/person\/6b255472677a92d4ee1755822fa3c622"},"breadcrumb":{"@id":"https:\/\/taje-shengal.com\/index.php\/2025\/07\/22\/11emin-salvegera-fermane-be-helwestbuyin-ji-hevkariya-fermane-ye\/#breadcrumb"},"inLanguage":"en-US","potentialAction":[{"@type":"ReadAction","target":["https:\/\/taje-shengal.com\/index.php\/2025\/07\/22\/11emin-salvegera-fermane-be-helwestbuyin-ji-hevkariya-fermane-ye\/"]}]},{"@type":"ImageObject","inLanguage":"en-US","@id":"https:\/\/taje-shengal.com\/index.php\/2025\/07\/22\/11emin-salvegera-fermane-be-helwestbuyin-ji-hevkariya-fermane-ye\/#primaryimage","url":"https:\/\/taje-shengal.com\/wp-content\/uploads\/2025\/07\/IMG_8583-scaled.jpg","contentUrl":"https:\/\/taje-shengal.com\/wp-content\/uploads\/2025\/07\/IMG_8583-scaled.jpg","width":2560,"height":1707},{"@type":"BreadcrumbList","@id":"https:\/\/taje-shengal.com\/index.php\/2025\/07\/22\/11emin-salvegera-fermane-be-helwestbuyin-ji-hevkariya-fermane-ye\/#breadcrumb","itemListElement":[{"@type":"ListItem","position":1,"name":"Home","item":"https:\/\/taje-shengal.com\/"},{"@type":"ListItem","position":2,"name":"11\u2019em\u00een salvegera Ferman\u00ea: B\u00ea helwestb\u00fby\u00een j\u00ee hevkariya ferman\u00ea ye"}]},{"@type":"WebSite","@id":"https:\/\/taje-shengal.com\/#website","url":"https:\/\/taje-shengal.com\/","name":"taje","description":"","potentialAction":[{"@type":"SearchAction","target":{"@type":"EntryPoint","urlTemplate":"https:\/\/taje-shengal.com\/?s={search_term_string}"},"query-input":{"@type":"PropertyValueSpecification","valueRequired":true,"valueName":"search_term_string"}}],"inLanguage":"en-US"},{"@type":"Person","@id":"https:\/\/taje-shengal.com\/#\/schema\/person\/6b255472677a92d4ee1755822fa3c622","name":"admin1","image":{"@type":"ImageObject","inLanguage":"en-US","@id":"https:\/\/secure.gravatar.com\/avatar\/0e540f8fea35199ef5d34092bfe4dc9f46818bfa1eb17ec4b585b5c6a367f165?s=96&d=mm&r=g","url":"https:\/\/secure.gravatar.com\/avatar\/0e540f8fea35199ef5d34092bfe4dc9f46818bfa1eb17ec4b585b5c6a367f165?s=96&d=mm&r=g","contentUrl":"https:\/\/secure.gravatar.com\/avatar\/0e540f8fea35199ef5d34092bfe4dc9f46818bfa1eb17ec4b585b5c6a367f165?s=96&d=mm&r=g","caption":"admin1"},"sameAs":["www.facebook.com\/profile.php?id=61581205080900"],"url":"https:\/\/taje-shengal.com\/index.php\/author\/admin1\/"}]}},"_links":{"self":[{"href":"https:\/\/taje-shengal.com\/index.php\/wp-json\/wp\/v2\/posts\/2643","targetHints":{"allow":["GET"]}}],"collection":[{"href":"https:\/\/taje-shengal.com\/index.php\/wp-json\/wp\/v2\/posts"}],"about":[{"href":"https:\/\/taje-shengal.com\/index.php\/wp-json\/wp\/v2\/types\/post"}],"author":[{"embeddable":true,"href":"https:\/\/taje-shengal.com\/index.php\/wp-json\/wp\/v2\/users\/2"}],"replies":[{"embeddable":true,"href":"https:\/\/taje-shengal.com\/index.php\/wp-json\/wp\/v2\/comments?post=2643"}],"version-history":[{"count":1,"href":"https:\/\/taje-shengal.com\/index.php\/wp-json\/wp\/v2\/posts\/2643\/revisions"}],"predecessor-version":[{"id":2645,"href":"https:\/\/taje-shengal.com\/index.php\/wp-json\/wp\/v2\/posts\/2643\/revisions\/2645"}],"wp:featuredmedia":[{"embeddable":true,"href":"https:\/\/taje-shengal.com\/index.php\/wp-json\/wp\/v2\/media\/2644"}],"wp:attachment":[{"href":"https:\/\/taje-shengal.com\/index.php\/wp-json\/wp\/v2\/media?parent=2643"}],"wp:term":[{"taxonomy":"category","embeddable":true,"href":"https:\/\/taje-shengal.com\/index.php\/wp-json\/wp\/v2\/categories?post=2643"},{"taxonomy":"post_tag","embeddable":true,"href":"https:\/\/taje-shengal.com\/index.php\/wp-json\/wp\/v2\/tags?post=2643"}],"curies":[{"name":"wp","href":"https:\/\/api.w.org\/{rel}","templated":true}]}}