{"id":2683,"date":"2025-07-29T21:18:27","date_gmt":"2025-07-29T21:18:27","guid":{"rendered":"https:\/\/taje-shengal.com\/?p=2683"},"modified":"2025-07-29T21:19:44","modified_gmt":"2025-07-29T21:19:44","slug":"heyeta-taje-bi-sanaz-ibrahim-re-hevditin-pek-ani","status":"publish","type":"post","link":"https:\/\/taje-shengal.com\/index.php\/2025\/07\/29\/heyeta-taje-bi-sanaz-ibrahim-re-hevditin-pek-ani\/","title":{"rendered":"Heyeta TAJ\u00ca bi \u015eanaz \u00cebrah\u00eem re hevd\u00eetin p\u00eak an\u00ee"},"content":{"rendered":"<p>Bi n\u00eazb\u00fbna 11\u2019em\u00een salvegera fermana 3\u2019y\u00ea Tebaxa 2014\u2019an heyetek ji Tevgera Azadiya Jin\u00ean \u00cazid\u00ee (TAJ\u00ca) li Sil\u00eamaniy\u00ea hevd\u00eetin bi Endama Mekteba Siyas\u00ee ya Yekitiya N\u00ee\u015ft\u00eemaniya Kurdistan\u00ea (YNK) \u00a0\u015eanaz \u00cebrah\u00eem Ehmed re p\u00eak an\u00ee.<\/p>\n<p>Di heyet\u00ea de endama Koord\u00eenasyona TAJ\u00ca R\u00eeham Hesen, endama Koord\u00eenasyona TAJ\u00ca \u015eem\u00ea Hel\u00eeq\u00ee \u00fb endama TAJ\u00ca Ev\u00een Em\u00een cih\u00ea xwe girtin.<\/p>\n<p>Di hevd\u00eetin\u00ea de heyet li ser jenos\u00eeda 3\u2019y\u00ea Tebax\u00ea, jin\u00ean \u00eazid\u00ee ku ev 11 sal in di dest\u00ea DAI\u015e\u2019\u00ea de ne, vegera \u00eazidiyan a \u015eengal\u00ea, agah\u00ee dan \u015eanaz \u00cebrah\u00eem.<\/p>\n<p>\u015eanaz \u00cebrah\u00eem heyeta ku ji \u015eengal\u00ea \u00e7\u00fbb\u00fbn, bi k\u00eafxwe\u015fiyek mezin p\u00ea\u015fwaz\u00ee kir \u00fb di hevd\u00eetin\u00ea de an\u00ee ziman ku agahiya w\u00ea gelek ti\u015ft\u00ean ku heyet p\u00ea re parvekirine n\u00een b\u00fbye \u00fb pi\u015ftgiriya xwe an\u00ee ziman.<\/p>\n<p>Her wiha \u015eanaz \u00cebrah\u00eem ji heyet\u00ea re ragihandiye ku ger derfet hebe d\u00ea tev li b\u00eeran\u00eena 3\u2019y\u00ea Tebax\u00ea ya li \u015eengal\u00ea bibe.<\/p>\n","protected":false},"excerpt":{"rendered":"<p>Bi n\u00eazb\u00fbna 11\u2019em\u00een salvegera fermana 3\u2019y\u00ea Tebaxa 2014\u2019an heyetek ji Tevgera Azadiya Jin\u00ean \u00cazid\u00ee (TAJ\u00ca) li Sil\u00eamaniy\u00ea hevd\u00eetin bi Endama Mekteba Siyas\u00ee ya Yekitiya N\u00ee\u015ft\u00eemaniya Kurdistan\u00ea (YNK) \u00a0\u015eanaz \u00cebrah\u00eem Ehmed re p\u00eak an\u00ee. Di heyet\u00ea de endama Koord\u00eenasyona TAJ\u00ca R\u00eeham Hesen, endama Koord\u00eenasyona TAJ\u00ca \u015eem\u00ea Hel\u00eeq\u00ee \u00fb endama TAJ\u00ca Ev\u00een Em\u00een cih\u00ea xwe girtin. Di &hellip;<\/p>\n","protected":false},"author":2,"featured_media":2686,"comment_status":"closed","ping_status":"closed","sticky":false,"template":"","format":"standard","meta":{"footnotes":""},"categories":[41],"tags":[],"class_list":["post-2683","post","type-post","status-publish","format-standard","has-post-thumbnail","hentry","category-nuce"],"yoast_head":"<!-- This site is optimized with the Yoast SEO plugin v27.5 - https:\/\/yoast.com\/product\/yoast-seo-wordpress\/ -->\n<title>Heyeta TAJ\u00ca bi \u015eanaz \u00cebrah\u00eem re hevd\u00eetin p\u00eak an\u00ee - taje<\/title>\n<meta name=\"robots\" content=\"index, follow, max-snippet:-1, max-image-preview:large, max-video-preview:-1\" \/>\n<link rel=\"canonical\" href=\"https:\/\/taje-shengal.com\/index.php\/2025\/07\/29\/heyeta-taje-bi-sanaz-ibrahim-re-hevditin-pek-ani\/\" \/>\n<meta property=\"og:locale\" content=\"en_US\" \/>\n<meta property=\"og:type\" content=\"article\" \/>\n<meta property=\"og:title\" content=\"Heyeta TAJ\u00ca bi \u015eanaz \u00cebrah\u00eem re hevd\u00eetin p\u00eak an\u00ee - taje\" \/>\n<meta property=\"og:description\" content=\"Bi n\u00eazb\u00fbna 11\u2019em\u00een salvegera fermana 3\u2019y\u00ea Tebaxa 2014\u2019an heyetek ji Tevgera Azadiya Jin\u00ean \u00cazid\u00ee (TAJ\u00ca) li Sil\u00eamaniy\u00ea hevd\u00eetin bi Endama Mekteba Siyas\u00ee ya Yekitiya N\u00ee\u015ft\u00eemaniya Kurdistan\u00ea (YNK) \u00a0\u015eanaz \u00cebrah\u00eem Ehmed re p\u00eak an\u00ee. Di heyet\u00ea de endama Koord\u00eenasyona TAJ\u00ca R\u00eeham Hesen, endama Koord\u00eenasyona TAJ\u00ca \u015eem\u00ea Hel\u00eeq\u00ee \u00fb endama TAJ\u00ca Ev\u00een Em\u00een cih\u00ea xwe girtin. Di &hellip;\" \/>\n<meta property=\"og:url\" content=\"https:\/\/taje-shengal.com\/index.php\/2025\/07\/29\/heyeta-taje-bi-sanaz-ibrahim-re-hevditin-pek-ani\/\" \/>\n<meta property=\"og:site_name\" content=\"taje\" \/>\n<meta property=\"article:author\" content=\"www.facebook.com\/profile.php?id=61581205080900\" \/>\n<meta property=\"article:published_time\" content=\"2025-07-29T21:18:27+00:00\" \/>\n<meta property=\"article:modified_time\" content=\"2025-07-29T21:19:44+00:00\" \/>\n<meta property=\"og:image\" content=\"https:\/\/taje-shengal.com\/wp-content\/uploads\/2025\/07\/30-07-2025-HEYET-TAJE-HEVDITIN-1.jpg\" \/>\n\t<meta property=\"og:image:width\" content=\"1280\" \/>\n\t<meta property=\"og:image:height\" content=\"766\" \/>\n\t<meta property=\"og:image:type\" content=\"image\/jpeg\" \/>\n<meta name=\"author\" content=\"admin1\" \/>\n<meta name=\"twitter:card\" content=\"summary_large_image\" \/>\n<meta name=\"twitter:label1\" content=\"Written by\" \/>\n\t<meta name=\"twitter:data1\" content=\"admin1\" \/>\n\t<meta name=\"twitter:label2\" content=\"Est. reading time\" \/>\n\t<meta name=\"twitter:data2\" content=\"1 minute\" \/>\n<script type=\"application\/ld+json\" class=\"yoast-schema-graph\">{\"@context\":\"https:\\\/\\\/schema.org\",\"@graph\":[{\"@type\":\"Article\",\"@id\":\"https:\\\/\\\/taje-shengal.com\\\/index.php\\\/2025\\\/07\\\/29\\\/heyeta-taje-bi-sanaz-ibrahim-re-hevditin-pek-ani\\\/#article\",\"isPartOf\":{\"@id\":\"https:\\\/\\\/taje-shengal.com\\\/index.php\\\/2025\\\/07\\\/29\\\/heyeta-taje-bi-sanaz-ibrahim-re-hevditin-pek-ani\\\/\"},\"author\":{\"name\":\"admin1\",\"@id\":\"https:\\\/\\\/taje-shengal.com\\\/#\\\/schema\\\/person\\\/6b255472677a92d4ee1755822fa3c622\"},\"headline\":\"Heyeta TAJ\u00ca bi \u015eanaz \u00cebrah\u00eem re hevd\u00eetin p\u00eak an\u00ee\",\"datePublished\":\"2025-07-29T21:18:27+00:00\",\"dateModified\":\"2025-07-29T21:19:44+00:00\",\"mainEntityOfPage\":{\"@id\":\"https:\\\/\\\/taje-shengal.com\\\/index.php\\\/2025\\\/07\\\/29\\\/heyeta-taje-bi-sanaz-ibrahim-re-hevditin-pek-ani\\\/\"},\"wordCount\":182,\"image\":{\"@id\":\"https:\\\/\\\/taje-shengal.com\\\/index.php\\\/2025\\\/07\\\/29\\\/heyeta-taje-bi-sanaz-ibrahim-re-hevditin-pek-ani\\\/#primaryimage\"},\"thumbnailUrl\":\"https:\\\/\\\/taje-shengal.com\\\/wp-content\\\/uploads\\\/2025\\\/07\\\/30-07-2025-HEYET-TAJE-HEVDITIN-1.jpg\",\"articleSection\":[\"N\u00fb\u00e7e\"],\"inLanguage\":\"en-US\"},{\"@type\":\"WebPage\",\"@id\":\"https:\\\/\\\/taje-shengal.com\\\/index.php\\\/2025\\\/07\\\/29\\\/heyeta-taje-bi-sanaz-ibrahim-re-hevditin-pek-ani\\\/\",\"url\":\"https:\\\/\\\/taje-shengal.com\\\/index.php\\\/2025\\\/07\\\/29\\\/heyeta-taje-bi-sanaz-ibrahim-re-hevditin-pek-ani\\\/\",\"name\":\"Heyeta TAJ\u00ca bi \u015eanaz \u00cebrah\u00eem re hevd\u00eetin p\u00eak an\u00ee - taje\",\"isPartOf\":{\"@id\":\"https:\\\/\\\/taje-shengal.com\\\/#website\"},\"primaryImageOfPage\":{\"@id\":\"https:\\\/\\\/taje-shengal.com\\\/index.php\\\/2025\\\/07\\\/29\\\/heyeta-taje-bi-sanaz-ibrahim-re-hevditin-pek-ani\\\/#primaryimage\"},\"image\":{\"@id\":\"https:\\\/\\\/taje-shengal.com\\\/index.php\\\/2025\\\/07\\\/29\\\/heyeta-taje-bi-sanaz-ibrahim-re-hevditin-pek-ani\\\/#primaryimage\"},\"thumbnailUrl\":\"https:\\\/\\\/taje-shengal.com\\\/wp-content\\\/uploads\\\/2025\\\/07\\\/30-07-2025-HEYET-TAJE-HEVDITIN-1.jpg\",\"datePublished\":\"2025-07-29T21:18:27+00:00\",\"dateModified\":\"2025-07-29T21:19:44+00:00\",\"author\":{\"@id\":\"https:\\\/\\\/taje-shengal.com\\\/#\\\/schema\\\/person\\\/6b255472677a92d4ee1755822fa3c622\"},\"breadcrumb\":{\"@id\":\"https:\\\/\\\/taje-shengal.com\\\/index.php\\\/2025\\\/07\\\/29\\\/heyeta-taje-bi-sanaz-ibrahim-re-hevditin-pek-ani\\\/#breadcrumb\"},\"inLanguage\":\"en-US\",\"potentialAction\":[{\"@type\":\"ReadAction\",\"target\":[\"https:\\\/\\\/taje-shengal.com\\\/index.php\\\/2025\\\/07\\\/29\\\/heyeta-taje-bi-sanaz-ibrahim-re-hevditin-pek-ani\\\/\"]}]},{\"@type\":\"ImageObject\",\"inLanguage\":\"en-US\",\"@id\":\"https:\\\/\\\/taje-shengal.com\\\/index.php\\\/2025\\\/07\\\/29\\\/heyeta-taje-bi-sanaz-ibrahim-re-hevditin-pek-ani\\\/#primaryimage\",\"url\":\"https:\\\/\\\/taje-shengal.com\\\/wp-content\\\/uploads\\\/2025\\\/07\\\/30-07-2025-HEYET-TAJE-HEVDITIN-1.jpg\",\"contentUrl\":\"https:\\\/\\\/taje-shengal.com\\\/wp-content\\\/uploads\\\/2025\\\/07\\\/30-07-2025-HEYET-TAJE-HEVDITIN-1.jpg\",\"width\":1280,\"height\":766},{\"@type\":\"BreadcrumbList\",\"@id\":\"https:\\\/\\\/taje-shengal.com\\\/index.php\\\/2025\\\/07\\\/29\\\/heyeta-taje-bi-sanaz-ibrahim-re-hevditin-pek-ani\\\/#breadcrumb\",\"itemListElement\":[{\"@type\":\"ListItem\",\"position\":1,\"name\":\"Home\",\"item\":\"https:\\\/\\\/taje-shengal.com\\\/\"},{\"@type\":\"ListItem\",\"position\":2,\"name\":\"Heyeta TAJ\u00ca bi \u015eanaz \u00cebrah\u00eem re hevd\u00eetin p\u00eak an\u00ee\"}]},{\"@type\":\"WebSite\",\"@id\":\"https:\\\/\\\/taje-shengal.com\\\/#website\",\"url\":\"https:\\\/\\\/taje-shengal.com\\\/\",\"name\":\"taje\",\"description\":\"\",\"potentialAction\":[{\"@type\":\"SearchAction\",\"target\":{\"@type\":\"EntryPoint\",\"urlTemplate\":\"https:\\\/\\\/taje-shengal.com\\\/?s={search_term_string}\"},\"query-input\":{\"@type\":\"PropertyValueSpecification\",\"valueRequired\":true,\"valueName\":\"search_term_string\"}}],\"inLanguage\":\"en-US\"},{\"@type\":\"Person\",\"@id\":\"https:\\\/\\\/taje-shengal.com\\\/#\\\/schema\\\/person\\\/6b255472677a92d4ee1755822fa3c622\",\"name\":\"admin1\",\"image\":{\"@type\":\"ImageObject\",\"inLanguage\":\"en-US\",\"@id\":\"https:\\\/\\\/secure.gravatar.com\\\/avatar\\\/0e540f8fea35199ef5d34092bfe4dc9f46818bfa1eb17ec4b585b5c6a367f165?s=96&d=mm&r=g\",\"url\":\"https:\\\/\\\/secure.gravatar.com\\\/avatar\\\/0e540f8fea35199ef5d34092bfe4dc9f46818bfa1eb17ec4b585b5c6a367f165?s=96&d=mm&r=g\",\"contentUrl\":\"https:\\\/\\\/secure.gravatar.com\\\/avatar\\\/0e540f8fea35199ef5d34092bfe4dc9f46818bfa1eb17ec4b585b5c6a367f165?s=96&d=mm&r=g\",\"caption\":\"admin1\"},\"sameAs\":[\"www.facebook.com\\\/profile.php?id=61581205080900\"],\"url\":\"https:\\\/\\\/taje-shengal.com\\\/index.php\\\/author\\\/admin1\\\/\"}]}<\/script>\n<!-- \/ Yoast SEO plugin. -->","yoast_head_json":{"title":"Heyeta TAJ\u00ca bi \u015eanaz \u00cebrah\u00eem re hevd\u00eetin p\u00eak an\u00ee - taje","robots":{"index":"index","follow":"follow","max-snippet":"max-snippet:-1","max-image-preview":"max-image-preview:large","max-video-preview":"max-video-preview:-1"},"canonical":"https:\/\/taje-shengal.com\/index.php\/2025\/07\/29\/heyeta-taje-bi-sanaz-ibrahim-re-hevditin-pek-ani\/","og_locale":"en_US","og_type":"article","og_title":"Heyeta TAJ\u00ca bi \u015eanaz \u00cebrah\u00eem re hevd\u00eetin p\u00eak an\u00ee - taje","og_description":"Bi n\u00eazb\u00fbna 11\u2019em\u00een salvegera fermana 3\u2019y\u00ea Tebaxa 2014\u2019an heyetek ji Tevgera Azadiya Jin\u00ean \u00cazid\u00ee (TAJ\u00ca) li Sil\u00eamaniy\u00ea hevd\u00eetin bi Endama Mekteba Siyas\u00ee ya Yekitiya N\u00ee\u015ft\u00eemaniya Kurdistan\u00ea (YNK) \u00a0\u015eanaz \u00cebrah\u00eem Ehmed re p\u00eak an\u00ee. Di heyet\u00ea de endama Koord\u00eenasyona TAJ\u00ca R\u00eeham Hesen, endama Koord\u00eenasyona TAJ\u00ca \u015eem\u00ea Hel\u00eeq\u00ee \u00fb endama TAJ\u00ca Ev\u00een Em\u00een cih\u00ea xwe girtin. Di &hellip;","og_url":"https:\/\/taje-shengal.com\/index.php\/2025\/07\/29\/heyeta-taje-bi-sanaz-ibrahim-re-hevditin-pek-ani\/","og_site_name":"taje","article_author":"www.facebook.com\/profile.php?id=61581205080900","article_published_time":"2025-07-29T21:18:27+00:00","article_modified_time":"2025-07-29T21:19:44+00:00","og_image":[{"width":1280,"height":766,"url":"https:\/\/taje-shengal.com\/wp-content\/uploads\/2025\/07\/30-07-2025-HEYET-TAJE-HEVDITIN-1.jpg","type":"image\/jpeg"}],"author":"admin1","twitter_card":"summary_large_image","twitter_misc":{"Written by":"admin1","Est. reading time":"1 minute"},"schema":{"@context":"https:\/\/schema.org","@graph":[{"@type":"Article","@id":"https:\/\/taje-shengal.com\/index.php\/2025\/07\/29\/heyeta-taje-bi-sanaz-ibrahim-re-hevditin-pek-ani\/#article","isPartOf":{"@id":"https:\/\/taje-shengal.com\/index.php\/2025\/07\/29\/heyeta-taje-bi-sanaz-ibrahim-re-hevditin-pek-ani\/"},"author":{"name":"admin1","@id":"https:\/\/taje-shengal.com\/#\/schema\/person\/6b255472677a92d4ee1755822fa3c622"},"headline":"Heyeta TAJ\u00ca bi \u015eanaz \u00cebrah\u00eem re hevd\u00eetin p\u00eak an\u00ee","datePublished":"2025-07-29T21:18:27+00:00","dateModified":"2025-07-29T21:19:44+00:00","mainEntityOfPage":{"@id":"https:\/\/taje-shengal.com\/index.php\/2025\/07\/29\/heyeta-taje-bi-sanaz-ibrahim-re-hevditin-pek-ani\/"},"wordCount":182,"image":{"@id":"https:\/\/taje-shengal.com\/index.php\/2025\/07\/29\/heyeta-taje-bi-sanaz-ibrahim-re-hevditin-pek-ani\/#primaryimage"},"thumbnailUrl":"https:\/\/taje-shengal.com\/wp-content\/uploads\/2025\/07\/30-07-2025-HEYET-TAJE-HEVDITIN-1.jpg","articleSection":["N\u00fb\u00e7e"],"inLanguage":"en-US"},{"@type":"WebPage","@id":"https:\/\/taje-shengal.com\/index.php\/2025\/07\/29\/heyeta-taje-bi-sanaz-ibrahim-re-hevditin-pek-ani\/","url":"https:\/\/taje-shengal.com\/index.php\/2025\/07\/29\/heyeta-taje-bi-sanaz-ibrahim-re-hevditin-pek-ani\/","name":"Heyeta TAJ\u00ca bi \u015eanaz \u00cebrah\u00eem re hevd\u00eetin p\u00eak an\u00ee - taje","isPartOf":{"@id":"https:\/\/taje-shengal.com\/#website"},"primaryImageOfPage":{"@id":"https:\/\/taje-shengal.com\/index.php\/2025\/07\/29\/heyeta-taje-bi-sanaz-ibrahim-re-hevditin-pek-ani\/#primaryimage"},"image":{"@id":"https:\/\/taje-shengal.com\/index.php\/2025\/07\/29\/heyeta-taje-bi-sanaz-ibrahim-re-hevditin-pek-ani\/#primaryimage"},"thumbnailUrl":"https:\/\/taje-shengal.com\/wp-content\/uploads\/2025\/07\/30-07-2025-HEYET-TAJE-HEVDITIN-1.jpg","datePublished":"2025-07-29T21:18:27+00:00","dateModified":"2025-07-29T21:19:44+00:00","author":{"@id":"https:\/\/taje-shengal.com\/#\/schema\/person\/6b255472677a92d4ee1755822fa3c622"},"breadcrumb":{"@id":"https:\/\/taje-shengal.com\/index.php\/2025\/07\/29\/heyeta-taje-bi-sanaz-ibrahim-re-hevditin-pek-ani\/#breadcrumb"},"inLanguage":"en-US","potentialAction":[{"@type":"ReadAction","target":["https:\/\/taje-shengal.com\/index.php\/2025\/07\/29\/heyeta-taje-bi-sanaz-ibrahim-re-hevditin-pek-ani\/"]}]},{"@type":"ImageObject","inLanguage":"en-US","@id":"https:\/\/taje-shengal.com\/index.php\/2025\/07\/29\/heyeta-taje-bi-sanaz-ibrahim-re-hevditin-pek-ani\/#primaryimage","url":"https:\/\/taje-shengal.com\/wp-content\/uploads\/2025\/07\/30-07-2025-HEYET-TAJE-HEVDITIN-1.jpg","contentUrl":"https:\/\/taje-shengal.com\/wp-content\/uploads\/2025\/07\/30-07-2025-HEYET-TAJE-HEVDITIN-1.jpg","width":1280,"height":766},{"@type":"BreadcrumbList","@id":"https:\/\/taje-shengal.com\/index.php\/2025\/07\/29\/heyeta-taje-bi-sanaz-ibrahim-re-hevditin-pek-ani\/#breadcrumb","itemListElement":[{"@type":"ListItem","position":1,"name":"Home","item":"https:\/\/taje-shengal.com\/"},{"@type":"ListItem","position":2,"name":"Heyeta TAJ\u00ca bi \u015eanaz \u00cebrah\u00eem re hevd\u00eetin p\u00eak an\u00ee"}]},{"@type":"WebSite","@id":"https:\/\/taje-shengal.com\/#website","url":"https:\/\/taje-shengal.com\/","name":"taje","description":"","potentialAction":[{"@type":"SearchAction","target":{"@type":"EntryPoint","urlTemplate":"https:\/\/taje-shengal.com\/?s={search_term_string}"},"query-input":{"@type":"PropertyValueSpecification","valueRequired":true,"valueName":"search_term_string"}}],"inLanguage":"en-US"},{"@type":"Person","@id":"https:\/\/taje-shengal.com\/#\/schema\/person\/6b255472677a92d4ee1755822fa3c622","name":"admin1","image":{"@type":"ImageObject","inLanguage":"en-US","@id":"https:\/\/secure.gravatar.com\/avatar\/0e540f8fea35199ef5d34092bfe4dc9f46818bfa1eb17ec4b585b5c6a367f165?s=96&d=mm&r=g","url":"https:\/\/secure.gravatar.com\/avatar\/0e540f8fea35199ef5d34092bfe4dc9f46818bfa1eb17ec4b585b5c6a367f165?s=96&d=mm&r=g","contentUrl":"https:\/\/secure.gravatar.com\/avatar\/0e540f8fea35199ef5d34092bfe4dc9f46818bfa1eb17ec4b585b5c6a367f165?s=96&d=mm&r=g","caption":"admin1"},"sameAs":["www.facebook.com\/profile.php?id=61581205080900"],"url":"https:\/\/taje-shengal.com\/index.php\/author\/admin1\/"}]}},"_links":{"self":[{"href":"https:\/\/taje-shengal.com\/index.php\/wp-json\/wp\/v2\/posts\/2683","targetHints":{"allow":["GET"]}}],"collection":[{"href":"https:\/\/taje-shengal.com\/index.php\/wp-json\/wp\/v2\/posts"}],"about":[{"href":"https:\/\/taje-shengal.com\/index.php\/wp-json\/wp\/v2\/types\/post"}],"author":[{"embeddable":true,"href":"https:\/\/taje-shengal.com\/index.php\/wp-json\/wp\/v2\/users\/2"}],"replies":[{"embeddable":true,"href":"https:\/\/taje-shengal.com\/index.php\/wp-json\/wp\/v2\/comments?post=2683"}],"version-history":[{"count":1,"href":"https:\/\/taje-shengal.com\/index.php\/wp-json\/wp\/v2\/posts\/2683\/revisions"}],"predecessor-version":[{"id":2685,"href":"https:\/\/taje-shengal.com\/index.php\/wp-json\/wp\/v2\/posts\/2683\/revisions\/2685"}],"wp:featuredmedia":[{"embeddable":true,"href":"https:\/\/taje-shengal.com\/index.php\/wp-json\/wp\/v2\/media\/2686"}],"wp:attachment":[{"href":"https:\/\/taje-shengal.com\/index.php\/wp-json\/wp\/v2\/media?parent=2683"}],"wp:term":[{"taxonomy":"category","embeddable":true,"href":"https:\/\/taje-shengal.com\/index.php\/wp-json\/wp\/v2\/categories?post=2683"},{"taxonomy":"post_tag","embeddable":true,"href":"https:\/\/taje-shengal.com\/index.php\/wp-json\/wp\/v2\/tags?post=2683"}],"curies":[{"name":"wp","href":"https:\/\/api.w.org\/{rel}","templated":true}]}}