{"id":2857,"date":"2025-08-28T18:34:59","date_gmt":"2025-08-28T18:34:59","guid":{"rendered":"https:\/\/taje-shengal.com\/?p=2857"},"modified":"2025-08-28T18:34:59","modified_gmt":"2025-08-28T18:34:59","slug":"jinen-ezidi-bi-berxwedana-xwe-pesengiye-ji-ronesanse-re-dikin","status":"publish","type":"post","link":"https:\/\/taje-shengal.com\/index.php\/2025\/08\/28\/jinen-ezidi-bi-berxwedana-xwe-pesengiye-ji-ronesanse-re-dikin\/","title":{"rendered":"Jin\u00ean \u00cazid\u00ee bi berxwedana xwe p\u00ea\u015fengiy\u00ea ji ronesans\u00ea re dikin"},"content":{"rendered":"<p>Ji Jin\u00ean \u00cazid\u00ee Y\u00ean Li Rojavay\u00ea Kurdistan\u00ea \u00fb Ewr\u00fbpa Ji Bo Komxebata Ronesansa Jin\u00ean \u00cazid\u00ee Peyam\u00ean Bi D\u00eemen<\/p>\n<p>Endama Koord\u00eenasyona S\u00eewana Meclisa Jin\u00ean \u00cazid\u00ee Xan\u00ea Agal di peyama ku ji komxebat\u00ea de \u015fand\u00ee de ev ti\u015ft an\u00ee ziman: \u201cEz komxebata we gelek gir\u00eeng dib\u00eenim \u00fb d\u00ea rist \u00fb rola xwe bil\u00eeze. \u00c7av\u00ean me li \u015eengal\u00ea ye \u00fb ji we h\u00eaz digirin. \u00c7av\u00ea \u00eazidiyan hem\u00fb li ser \u015eengal\u00ea ye. \u015eengal cih\u00ea heb\u00fbn \u00fb tuneb\u00fbna me \u00eazidiyan e. \u00cazid\u00ee di d\u00eerok\u00ea de gelek li ber xwe dane l\u00ea ten\u00ea di d\u00eerok\u00ea de maye, tab\u00ee ger ew berxwedana li d\u00eerok\u00ee em j\u00ee nedib\u00fbn. Ji bo civaka \u00cazid\u00ee \u015fore\u015f roleke gir\u00eeng dil\u00eeze \u00fb derfeteke mezin e. Heta duh di nav netewa kurd de heb\u00fbna \u00cazid\u00ee nedihat ziman \u00fb nikarib\u00fb bihata ziman j\u00ee. Di nav netewa xwe ya bi xwe de cih\u00ea w\u00ea qedexe b\u00fb. Civaka kurd bi gi\u015ft\u00ee \u015f\u00fbnde mab\u00fb \u00fb par\u00e7e par\u00e7e bib\u00fb \u00fb civaka \u00cazid\u00ee j\u00ee di nav de winda bib\u00fb. Jina \u00cazid\u00ee ji xwe tune b\u00fbb\u00fb. Jina \u00cazid\u00ee du qat\u00ee tuneb\u00fb. Yek ji aliy\u00ea \u00ear\u00ee\u015f\u00ean h\u00eaz\u00ean derve y\u00ea din j\u00ee ji aliy\u00ea zihniyeta baviksalar\u00ee ve. Jina \u00cazid\u00ee tune dihat hesibandin l\u00ea \u00eero jinan \u00cazid\u00ee li dij\u00ee hem\u00fb \u00ear\u00ee\u015fan de ji berxwedan\u00ea re p\u00ea\u015fengt\u00ee dikin. Jina \u00cazid\u00ee li ser koka xwe zind\u00ee \u00fb j\u00eenda b\u00fbne. Di fermana 2014\u2019an de hedefa yekem jin b\u00fb. Di \u015fexs\u00ea qirkirina jin de qirkirina civak\u00ea dihat hedefgirtin. Ev di dil \u00fb bendena jinan de bir\u00een\u00ean k\u00fbr vekir l\u00ea jin bi v\u00ea bir\u00eena k\u00fbr rab\u00fb ser xwe li ber xwe dan \u00fb berxwedana xwe kirin m\u00eenak. Heta R\u00eaber Apo v\u00ea berxwedan\u00ea gir\u00eeng d\u00eet \u00fb silav kir. Ji bo v\u00ea j\u00ee ronesansa R\u00eaber Apo ragihandiye ku hem\u00fb c\u00eehan\u00ea ron\u00ee dike destp\u00eak\u00ea dinyaya me ya tar\u00ee ron\u00ee dike. Di w\u00ea dinyaya teng \u00fb tar\u00ee de em dikarin ser\u00ee rakin \u00fb em dikarin b\u00eajin em ron\u00ee b\u00fbne. Ronesansa ku \u00eero R\u00eaber Apo ragihandiye b\u00eatir ronesansa civaka \u00cazid\u00ee ye. Ez h\u00eav\u00eedar im em bi hev re ji v\u00ea ronesans\u00ea s\u00fbd werbigrin \u00fb xwe t\u00eade ava bikin. Em dubare dib\u00eajin civakeke b\u00eaparastin jineke b\u00eaparastin mir\u00ee ye, ji \u00ear\u00ee\u015fan re vekiriye. Parastina her\u00ee mezin \u00fb bih\u00eaz r\u00eaxistin e. Ger jin \u00fb civaka bir\u00eaxistinkir\u00eebe kes nikare ser\u00ea wan bitew\u00eene \u00fb kes nikare p\u00ea\u015f\u00ee li armanc \u00fb serkeftina wan bigire. Ji bo w\u00ea j\u00ee ez bawer dikim d\u00ea komxebata we gelek derfetan biafir\u00eene. Em li welat \u00fb dervey\u00ee welat bi xeterey\u00ean glek mezin re r\u00fb bi r\u00fb ne l\u00ea derfet\u00ean pir mezin ku em van xeteriyan tune bikin \u00fb bi ser bikevin j\u00ee hene. Bi ronesansa ku R\u00eaber Apo ragihand\u00ee ye em dikarin bi h\u00eaztir bidin avakirin. Bi v\u00ee b\u00eer \u00fb baweriy\u00ea li ser nav\u00ea S\u00eewana Meclisa Jin\u00ean \u00cazid\u00ee em serkeftin\u00ea ji we re dixwazin \u00fb dib\u00eajin serkeftina we serkeftina me ye.\u201d<\/p>\n<p>Hevseroka Yekitiya \u00cazidiy\u00ean Bakur \u00fb Rojhilat\u00ea S\u00fbriyey\u00ea Hedya \u015eemo j\u00ee di peyama xwe de komxebata ronesans\u00ea li jin\u00ean \u00cazid\u00ee p\u00eeroz kir \u00fb ev peyam da: \u201cEm li ser nav\u00ea jin\u00ean \u00cazidiy\u00ean Rojava silav\u00ean xwe ji we re di\u015f\u00eenin. Her kes zane rola jin\u00ean \u00cazid\u00ee di nav civaka xwe de gelek gir\u00eeng e. Bi saya jin\u00ean \u00cazid\u00ee baweriya \u00eazdatiy\u00ea heta roja me ya \u00eero hatiye parastin. L\u00ea\u00a0 mixabin xwestin bi fermanan civaka \u00cazid\u00ee, ola p\u00eeroz ku bingeha kurdewariy\u00ea ye, ji hol\u00ea rakin. L\u00ea nikarib\u00fbn v\u00ea kok\u00ea ji hol\u00ea rabikin. Em wek jin \u00fb dayik\u00ean \u00cazid\u00ee li ber xwe dan. 74 ferman hat ser civaka \u00cazid\u00ee \u00fb me xwe ji van fermanan parast. L\u00ea div\u00ea em ji van fermanan ders derbixin. Fermana 2014\u2019an ku hat bi ser\u00ea \u015eengal\u00ea ku b\u00eahtir jin hatin hedefgirtin, m\u00eenak\u00ean berxwedan\u00ea j\u00ee hene. \u00cero rola jin\u00ean \u00cazid\u00ee rola her\u00ee sereke ye ku karib\u00fb xwe bi r\u00eaxistin bike. \u00cero jin li \u015eengla\u00ea xwe bi r\u00eaxistin kirine \u00fb bi xwe re civaka xwe j\u00ee bir\u00eaxistin kirine. Cara yekem\u00een e ku h\u00eaza parastin jin hatiye avakirin. R\u00eaveberiya Xweser \u00fb saz\u00ee \u00fb dezgeh\u00ean r\u00eaveberiya xweser hatin avakirin. \u015eore\u015fa Rojava \u00fb \u015eengal\u00ea ji hev ne qut in. Jin\u00ean \u00cazid\u00ee bi berxwedan\u00ean xwe m\u00eenak in li c\u00eehan\u00ea ku tu car\u00ee destdir\u00eajiy\u00ea qeb\u00fbl nekirin. H\u00eaviya me ew e ku di komxebat\u00ea de biryar\u00ean gir\u00eeng werin girtin.\u201d<\/p>\n","protected":false},"excerpt":{"rendered":"<p>Ji Jin\u00ean \u00cazid\u00ee Y\u00ean Li Rojavay\u00ea Kurdistan\u00ea \u00fb Ewr\u00fbpa Ji Bo Komxebata Ronesansa Jin\u00ean \u00cazid\u00ee Peyam\u00ean Bi D\u00eemen Endama Koord\u00eenasyona S\u00eewana Meclisa Jin\u00ean \u00cazid\u00ee Xan\u00ea Agal di peyama ku ji komxebat\u00ea de \u015fand\u00ee de ev ti\u015ft an\u00ee ziman: \u201cEz komxebata we gelek gir\u00eeng dib\u00eenim \u00fb d\u00ea rist \u00fb rola xwe bil\u00eeze. \u00c7av\u00ean me li \u015eengal\u00ea &hellip;<\/p>\n","protected":false},"author":2,"featured_media":2858,"comment_status":"closed","ping_status":"closed","sticky":false,"template":"","format":"standard","meta":{"footnotes":""},"categories":[41],"tags":[],"class_list":["post-2857","post","type-post","status-publish","format-standard","has-post-thumbnail","hentry","category-nuce"],"yoast_head":"<!-- This site is optimized with the Yoast SEO plugin v27.5 - https:\/\/yoast.com\/product\/yoast-seo-wordpress\/ -->\n<title>Jin\u00ean \u00cazid\u00ee bi berxwedana xwe p\u00ea\u015fengiy\u00ea ji ronesans\u00ea re dikin - taje<\/title>\n<meta name=\"robots\" content=\"index, follow, max-snippet:-1, max-image-preview:large, max-video-preview:-1\" \/>\n<link rel=\"canonical\" href=\"https:\/\/taje-shengal.com\/index.php\/2025\/08\/28\/jinen-ezidi-bi-berxwedana-xwe-pesengiye-ji-ronesanse-re-dikin\/\" \/>\n<meta property=\"og:locale\" content=\"en_US\" \/>\n<meta property=\"og:type\" content=\"article\" \/>\n<meta property=\"og:title\" content=\"Jin\u00ean \u00cazid\u00ee bi berxwedana xwe p\u00ea\u015fengiy\u00ea ji ronesans\u00ea re dikin - taje\" \/>\n<meta property=\"og:description\" content=\"Ji Jin\u00ean \u00cazid\u00ee Y\u00ean Li Rojavay\u00ea Kurdistan\u00ea \u00fb Ewr\u00fbpa Ji Bo Komxebata Ronesansa Jin\u00ean \u00cazid\u00ee Peyam\u00ean Bi D\u00eemen Endama Koord\u00eenasyona S\u00eewana Meclisa Jin\u00ean \u00cazid\u00ee Xan\u00ea Agal di peyama ku ji komxebat\u00ea de \u015fand\u00ee de ev ti\u015ft an\u00ee ziman: \u201cEz komxebata we gelek gir\u00eeng dib\u00eenim \u00fb d\u00ea rist \u00fb rola xwe bil\u00eeze. \u00c7av\u00ean me li \u015eengal\u00ea &hellip;\" \/>\n<meta property=\"og:url\" content=\"https:\/\/taje-shengal.com\/index.php\/2025\/08\/28\/jinen-ezidi-bi-berxwedana-xwe-pesengiye-ji-ronesanse-re-dikin\/\" \/>\n<meta property=\"og:site_name\" content=\"taje\" \/>\n<meta property=\"article:author\" content=\"www.facebook.com\/profile.php?id=61581205080900\" \/>\n<meta property=\"article:published_time\" content=\"2025-08-28T18:34:59+00:00\" \/>\n<meta property=\"og:image\" content=\"https:\/\/taje-shengal.com\/wp-content\/uploads\/2025\/08\/Sequence-01.00_07_28_28.Still003.jpg\" \/>\n\t<meta property=\"og:image:width\" content=\"1920\" \/>\n\t<meta property=\"og:image:height\" content=\"1080\" \/>\n\t<meta property=\"og:image:type\" content=\"image\/jpeg\" \/>\n<meta name=\"author\" content=\"admin1\" \/>\n<meta name=\"twitter:card\" content=\"summary_large_image\" \/>\n<meta name=\"twitter:label1\" content=\"Written by\" \/>\n\t<meta name=\"twitter:data1\" content=\"admin1\" \/>\n\t<meta name=\"twitter:label2\" content=\"Est. reading time\" \/>\n\t<meta name=\"twitter:data2\" content=\"4 minutes\" \/>\n<script type=\"application\/ld+json\" class=\"yoast-schema-graph\">{\"@context\":\"https:\\\/\\\/schema.org\",\"@graph\":[{\"@type\":\"Article\",\"@id\":\"https:\\\/\\\/taje-shengal.com\\\/index.php\\\/2025\\\/08\\\/28\\\/jinen-ezidi-bi-berxwedana-xwe-pesengiye-ji-ronesanse-re-dikin\\\/#article\",\"isPartOf\":{\"@id\":\"https:\\\/\\\/taje-shengal.com\\\/index.php\\\/2025\\\/08\\\/28\\\/jinen-ezidi-bi-berxwedana-xwe-pesengiye-ji-ronesanse-re-dikin\\\/\"},\"author\":{\"name\":\"admin1\",\"@id\":\"https:\\\/\\\/taje-shengal.com\\\/#\\\/schema\\\/person\\\/6b255472677a92d4ee1755822fa3c622\"},\"headline\":\"Jin\u00ean \u00cazid\u00ee bi berxwedana xwe p\u00ea\u015fengiy\u00ea ji ronesans\u00ea re dikin\",\"datePublished\":\"2025-08-28T18:34:59+00:00\",\"mainEntityOfPage\":{\"@id\":\"https:\\\/\\\/taje-shengal.com\\\/index.php\\\/2025\\\/08\\\/28\\\/jinen-ezidi-bi-berxwedana-xwe-pesengiye-ji-ronesanse-re-dikin\\\/\"},\"wordCount\":765,\"image\":{\"@id\":\"https:\\\/\\\/taje-shengal.com\\\/index.php\\\/2025\\\/08\\\/28\\\/jinen-ezidi-bi-berxwedana-xwe-pesengiye-ji-ronesanse-re-dikin\\\/#primaryimage\"},\"thumbnailUrl\":\"https:\\\/\\\/taje-shengal.com\\\/wp-content\\\/uploads\\\/2025\\\/08\\\/Sequence-01.00_07_28_28.Still003.jpg\",\"articleSection\":[\"N\u00fb\u00e7e\"],\"inLanguage\":\"en-US\"},{\"@type\":\"WebPage\",\"@id\":\"https:\\\/\\\/taje-shengal.com\\\/index.php\\\/2025\\\/08\\\/28\\\/jinen-ezidi-bi-berxwedana-xwe-pesengiye-ji-ronesanse-re-dikin\\\/\",\"url\":\"https:\\\/\\\/taje-shengal.com\\\/index.php\\\/2025\\\/08\\\/28\\\/jinen-ezidi-bi-berxwedana-xwe-pesengiye-ji-ronesanse-re-dikin\\\/\",\"name\":\"Jin\u00ean \u00cazid\u00ee bi berxwedana xwe p\u00ea\u015fengiy\u00ea ji ronesans\u00ea re dikin - taje\",\"isPartOf\":{\"@id\":\"https:\\\/\\\/taje-shengal.com\\\/#website\"},\"primaryImageOfPage\":{\"@id\":\"https:\\\/\\\/taje-shengal.com\\\/index.php\\\/2025\\\/08\\\/28\\\/jinen-ezidi-bi-berxwedana-xwe-pesengiye-ji-ronesanse-re-dikin\\\/#primaryimage\"},\"image\":{\"@id\":\"https:\\\/\\\/taje-shengal.com\\\/index.php\\\/2025\\\/08\\\/28\\\/jinen-ezidi-bi-berxwedana-xwe-pesengiye-ji-ronesanse-re-dikin\\\/#primaryimage\"},\"thumbnailUrl\":\"https:\\\/\\\/taje-shengal.com\\\/wp-content\\\/uploads\\\/2025\\\/08\\\/Sequence-01.00_07_28_28.Still003.jpg\",\"datePublished\":\"2025-08-28T18:34:59+00:00\",\"author\":{\"@id\":\"https:\\\/\\\/taje-shengal.com\\\/#\\\/schema\\\/person\\\/6b255472677a92d4ee1755822fa3c622\"},\"breadcrumb\":{\"@id\":\"https:\\\/\\\/taje-shengal.com\\\/index.php\\\/2025\\\/08\\\/28\\\/jinen-ezidi-bi-berxwedana-xwe-pesengiye-ji-ronesanse-re-dikin\\\/#breadcrumb\"},\"inLanguage\":\"en-US\",\"potentialAction\":[{\"@type\":\"ReadAction\",\"target\":[\"https:\\\/\\\/taje-shengal.com\\\/index.php\\\/2025\\\/08\\\/28\\\/jinen-ezidi-bi-berxwedana-xwe-pesengiye-ji-ronesanse-re-dikin\\\/\"]}]},{\"@type\":\"ImageObject\",\"inLanguage\":\"en-US\",\"@id\":\"https:\\\/\\\/taje-shengal.com\\\/index.php\\\/2025\\\/08\\\/28\\\/jinen-ezidi-bi-berxwedana-xwe-pesengiye-ji-ronesanse-re-dikin\\\/#primaryimage\",\"url\":\"https:\\\/\\\/taje-shengal.com\\\/wp-content\\\/uploads\\\/2025\\\/08\\\/Sequence-01.00_07_28_28.Still003.jpg\",\"contentUrl\":\"https:\\\/\\\/taje-shengal.com\\\/wp-content\\\/uploads\\\/2025\\\/08\\\/Sequence-01.00_07_28_28.Still003.jpg\",\"width\":1920,\"height\":1080},{\"@type\":\"BreadcrumbList\",\"@id\":\"https:\\\/\\\/taje-shengal.com\\\/index.php\\\/2025\\\/08\\\/28\\\/jinen-ezidi-bi-berxwedana-xwe-pesengiye-ji-ronesanse-re-dikin\\\/#breadcrumb\",\"itemListElement\":[{\"@type\":\"ListItem\",\"position\":1,\"name\":\"Home\",\"item\":\"https:\\\/\\\/taje-shengal.com\\\/\"},{\"@type\":\"ListItem\",\"position\":2,\"name\":\"Jin\u00ean \u00cazid\u00ee bi berxwedana xwe p\u00ea\u015fengiy\u00ea ji ronesans\u00ea re dikin\"}]},{\"@type\":\"WebSite\",\"@id\":\"https:\\\/\\\/taje-shengal.com\\\/#website\",\"url\":\"https:\\\/\\\/taje-shengal.com\\\/\",\"name\":\"taje\",\"description\":\"\",\"potentialAction\":[{\"@type\":\"SearchAction\",\"target\":{\"@type\":\"EntryPoint\",\"urlTemplate\":\"https:\\\/\\\/taje-shengal.com\\\/?s={search_term_string}\"},\"query-input\":{\"@type\":\"PropertyValueSpecification\",\"valueRequired\":true,\"valueName\":\"search_term_string\"}}],\"inLanguage\":\"en-US\"},{\"@type\":\"Person\",\"@id\":\"https:\\\/\\\/taje-shengal.com\\\/#\\\/schema\\\/person\\\/6b255472677a92d4ee1755822fa3c622\",\"name\":\"admin1\",\"image\":{\"@type\":\"ImageObject\",\"inLanguage\":\"en-US\",\"@id\":\"https:\\\/\\\/secure.gravatar.com\\\/avatar\\\/0e540f8fea35199ef5d34092bfe4dc9f46818bfa1eb17ec4b585b5c6a367f165?s=96&d=mm&r=g\",\"url\":\"https:\\\/\\\/secure.gravatar.com\\\/avatar\\\/0e540f8fea35199ef5d34092bfe4dc9f46818bfa1eb17ec4b585b5c6a367f165?s=96&d=mm&r=g\",\"contentUrl\":\"https:\\\/\\\/secure.gravatar.com\\\/avatar\\\/0e540f8fea35199ef5d34092bfe4dc9f46818bfa1eb17ec4b585b5c6a367f165?s=96&d=mm&r=g\",\"caption\":\"admin1\"},\"sameAs\":[\"www.facebook.com\\\/profile.php?id=61581205080900\"],\"url\":\"https:\\\/\\\/taje-shengal.com\\\/index.php\\\/author\\\/admin1\\\/\"}]}<\/script>\n<!-- \/ Yoast SEO plugin. -->","yoast_head_json":{"title":"Jin\u00ean \u00cazid\u00ee bi berxwedana xwe p\u00ea\u015fengiy\u00ea ji ronesans\u00ea re dikin - taje","robots":{"index":"index","follow":"follow","max-snippet":"max-snippet:-1","max-image-preview":"max-image-preview:large","max-video-preview":"max-video-preview:-1"},"canonical":"https:\/\/taje-shengal.com\/index.php\/2025\/08\/28\/jinen-ezidi-bi-berxwedana-xwe-pesengiye-ji-ronesanse-re-dikin\/","og_locale":"en_US","og_type":"article","og_title":"Jin\u00ean \u00cazid\u00ee bi berxwedana xwe p\u00ea\u015fengiy\u00ea ji ronesans\u00ea re dikin - taje","og_description":"Ji Jin\u00ean \u00cazid\u00ee Y\u00ean Li Rojavay\u00ea Kurdistan\u00ea \u00fb Ewr\u00fbpa Ji Bo Komxebata Ronesansa Jin\u00ean \u00cazid\u00ee Peyam\u00ean Bi D\u00eemen Endama Koord\u00eenasyona S\u00eewana Meclisa Jin\u00ean \u00cazid\u00ee Xan\u00ea Agal di peyama ku ji komxebat\u00ea de \u015fand\u00ee de ev ti\u015ft an\u00ee ziman: \u201cEz komxebata we gelek gir\u00eeng dib\u00eenim \u00fb d\u00ea rist \u00fb rola xwe bil\u00eeze. \u00c7av\u00ean me li \u015eengal\u00ea &hellip;","og_url":"https:\/\/taje-shengal.com\/index.php\/2025\/08\/28\/jinen-ezidi-bi-berxwedana-xwe-pesengiye-ji-ronesanse-re-dikin\/","og_site_name":"taje","article_author":"www.facebook.com\/profile.php?id=61581205080900","article_published_time":"2025-08-28T18:34:59+00:00","og_image":[{"width":1920,"height":1080,"url":"https:\/\/taje-shengal.com\/wp-content\/uploads\/2025\/08\/Sequence-01.00_07_28_28.Still003.jpg","type":"image\/jpeg"}],"author":"admin1","twitter_card":"summary_large_image","twitter_misc":{"Written by":"admin1","Est. reading time":"4 minutes"},"schema":{"@context":"https:\/\/schema.org","@graph":[{"@type":"Article","@id":"https:\/\/taje-shengal.com\/index.php\/2025\/08\/28\/jinen-ezidi-bi-berxwedana-xwe-pesengiye-ji-ronesanse-re-dikin\/#article","isPartOf":{"@id":"https:\/\/taje-shengal.com\/index.php\/2025\/08\/28\/jinen-ezidi-bi-berxwedana-xwe-pesengiye-ji-ronesanse-re-dikin\/"},"author":{"name":"admin1","@id":"https:\/\/taje-shengal.com\/#\/schema\/person\/6b255472677a92d4ee1755822fa3c622"},"headline":"Jin\u00ean \u00cazid\u00ee bi berxwedana xwe p\u00ea\u015fengiy\u00ea ji ronesans\u00ea re dikin","datePublished":"2025-08-28T18:34:59+00:00","mainEntityOfPage":{"@id":"https:\/\/taje-shengal.com\/index.php\/2025\/08\/28\/jinen-ezidi-bi-berxwedana-xwe-pesengiye-ji-ronesanse-re-dikin\/"},"wordCount":765,"image":{"@id":"https:\/\/taje-shengal.com\/index.php\/2025\/08\/28\/jinen-ezidi-bi-berxwedana-xwe-pesengiye-ji-ronesanse-re-dikin\/#primaryimage"},"thumbnailUrl":"https:\/\/taje-shengal.com\/wp-content\/uploads\/2025\/08\/Sequence-01.00_07_28_28.Still003.jpg","articleSection":["N\u00fb\u00e7e"],"inLanguage":"en-US"},{"@type":"WebPage","@id":"https:\/\/taje-shengal.com\/index.php\/2025\/08\/28\/jinen-ezidi-bi-berxwedana-xwe-pesengiye-ji-ronesanse-re-dikin\/","url":"https:\/\/taje-shengal.com\/index.php\/2025\/08\/28\/jinen-ezidi-bi-berxwedana-xwe-pesengiye-ji-ronesanse-re-dikin\/","name":"Jin\u00ean \u00cazid\u00ee bi berxwedana xwe p\u00ea\u015fengiy\u00ea ji ronesans\u00ea re dikin - taje","isPartOf":{"@id":"https:\/\/taje-shengal.com\/#website"},"primaryImageOfPage":{"@id":"https:\/\/taje-shengal.com\/index.php\/2025\/08\/28\/jinen-ezidi-bi-berxwedana-xwe-pesengiye-ji-ronesanse-re-dikin\/#primaryimage"},"image":{"@id":"https:\/\/taje-shengal.com\/index.php\/2025\/08\/28\/jinen-ezidi-bi-berxwedana-xwe-pesengiye-ji-ronesanse-re-dikin\/#primaryimage"},"thumbnailUrl":"https:\/\/taje-shengal.com\/wp-content\/uploads\/2025\/08\/Sequence-01.00_07_28_28.Still003.jpg","datePublished":"2025-08-28T18:34:59+00:00","author":{"@id":"https:\/\/taje-shengal.com\/#\/schema\/person\/6b255472677a92d4ee1755822fa3c622"},"breadcrumb":{"@id":"https:\/\/taje-shengal.com\/index.php\/2025\/08\/28\/jinen-ezidi-bi-berxwedana-xwe-pesengiye-ji-ronesanse-re-dikin\/#breadcrumb"},"inLanguage":"en-US","potentialAction":[{"@type":"ReadAction","target":["https:\/\/taje-shengal.com\/index.php\/2025\/08\/28\/jinen-ezidi-bi-berxwedana-xwe-pesengiye-ji-ronesanse-re-dikin\/"]}]},{"@type":"ImageObject","inLanguage":"en-US","@id":"https:\/\/taje-shengal.com\/index.php\/2025\/08\/28\/jinen-ezidi-bi-berxwedana-xwe-pesengiye-ji-ronesanse-re-dikin\/#primaryimage","url":"https:\/\/taje-shengal.com\/wp-content\/uploads\/2025\/08\/Sequence-01.00_07_28_28.Still003.jpg","contentUrl":"https:\/\/taje-shengal.com\/wp-content\/uploads\/2025\/08\/Sequence-01.00_07_28_28.Still003.jpg","width":1920,"height":1080},{"@type":"BreadcrumbList","@id":"https:\/\/taje-shengal.com\/index.php\/2025\/08\/28\/jinen-ezidi-bi-berxwedana-xwe-pesengiye-ji-ronesanse-re-dikin\/#breadcrumb","itemListElement":[{"@type":"ListItem","position":1,"name":"Home","item":"https:\/\/taje-shengal.com\/"},{"@type":"ListItem","position":2,"name":"Jin\u00ean \u00cazid\u00ee bi berxwedana xwe p\u00ea\u015fengiy\u00ea ji ronesans\u00ea re dikin"}]},{"@type":"WebSite","@id":"https:\/\/taje-shengal.com\/#website","url":"https:\/\/taje-shengal.com\/","name":"taje","description":"","potentialAction":[{"@type":"SearchAction","target":{"@type":"EntryPoint","urlTemplate":"https:\/\/taje-shengal.com\/?s={search_term_string}"},"query-input":{"@type":"PropertyValueSpecification","valueRequired":true,"valueName":"search_term_string"}}],"inLanguage":"en-US"},{"@type":"Person","@id":"https:\/\/taje-shengal.com\/#\/schema\/person\/6b255472677a92d4ee1755822fa3c622","name":"admin1","image":{"@type":"ImageObject","inLanguage":"en-US","@id":"https:\/\/secure.gravatar.com\/avatar\/0e540f8fea35199ef5d34092bfe4dc9f46818bfa1eb17ec4b585b5c6a367f165?s=96&d=mm&r=g","url":"https:\/\/secure.gravatar.com\/avatar\/0e540f8fea35199ef5d34092bfe4dc9f46818bfa1eb17ec4b585b5c6a367f165?s=96&d=mm&r=g","contentUrl":"https:\/\/secure.gravatar.com\/avatar\/0e540f8fea35199ef5d34092bfe4dc9f46818bfa1eb17ec4b585b5c6a367f165?s=96&d=mm&r=g","caption":"admin1"},"sameAs":["www.facebook.com\/profile.php?id=61581205080900"],"url":"https:\/\/taje-shengal.com\/index.php\/author\/admin1\/"}]}},"_links":{"self":[{"href":"https:\/\/taje-shengal.com\/index.php\/wp-json\/wp\/v2\/posts\/2857","targetHints":{"allow":["GET"]}}],"collection":[{"href":"https:\/\/taje-shengal.com\/index.php\/wp-json\/wp\/v2\/posts"}],"about":[{"href":"https:\/\/taje-shengal.com\/index.php\/wp-json\/wp\/v2\/types\/post"}],"author":[{"embeddable":true,"href":"https:\/\/taje-shengal.com\/index.php\/wp-json\/wp\/v2\/users\/2"}],"replies":[{"embeddable":true,"href":"https:\/\/taje-shengal.com\/index.php\/wp-json\/wp\/v2\/comments?post=2857"}],"version-history":[{"count":1,"href":"https:\/\/taje-shengal.com\/index.php\/wp-json\/wp\/v2\/posts\/2857\/revisions"}],"predecessor-version":[{"id":2859,"href":"https:\/\/taje-shengal.com\/index.php\/wp-json\/wp\/v2\/posts\/2857\/revisions\/2859"}],"wp:featuredmedia":[{"embeddable":true,"href":"https:\/\/taje-shengal.com\/index.php\/wp-json\/wp\/v2\/media\/2858"}],"wp:attachment":[{"href":"https:\/\/taje-shengal.com\/index.php\/wp-json\/wp\/v2\/media?parent=2857"}],"wp:term":[{"taxonomy":"category","embeddable":true,"href":"https:\/\/taje-shengal.com\/index.php\/wp-json\/wp\/v2\/categories?post=2857"},{"taxonomy":"post_tag","embeddable":true,"href":"https:\/\/taje-shengal.com\/index.php\/wp-json\/wp\/v2\/tags?post=2857"}],"curies":[{"name":"wp","href":"https:\/\/api.w.org\/{rel}","templated":true}]}}