{"id":3415,"date":"2025-11-09T19:45:39","date_gmt":"2025-11-09T19:45:39","guid":{"rendered":"https:\/\/taje-shengal.com\/?p=3415"},"modified":"2025-11-09T19:56:28","modified_gmt":"2025-11-09T19:56:28","slug":"em-hez-ji-name-u-diyariya-reber-apo-digirin","status":"publish","type":"post","link":"https:\/\/taje-shengal.com\/index.php\/2025\/11\/09\/em-hez-ji-name-u-diyariya-reber-apo-digirin\/","title":{"rendered":"\u2018Em h\u00eaz ji name \u00fb diyariya R\u00eaber Apo digirin\u2019"},"content":{"rendered":"<p>R\u00eaber Apo ku ev 27 sal in li Girava \u00cemraliy\u00ea di bin tecr\u00eed\u00ea de ye, pi\u015ft\u00ee 11 salan di 31\u2019\u00ea cotmeh\u00ea de bi malbata xwe re hevd\u00eetin p\u00eak an\u00ee. Di hevd\u00eetin\u00ea de R\u00eaber Apo 2 pen\u00fbs diyariy\u00ea civaka \u00eazid\u00ee \u00fb suryan\u00ee kir.<\/p>\n<p>Diyariya R\u00eaber Apo bi taybet\u00ee di nav civaka \u00eazid\u00ee de b\u00fb sedema k\u00eafxwe\u015fiy\u00ea \u00fb \u00eazid\u00ee diyar dikin ku R\u00eaber Apo di her hevd\u00eetina xwe de silav\u00ean xwe ji wan re di\u015f\u00eene.<\/p>\n<p>Derbar\u00ea silav \u00fb diyariya R\u00eaber Apo de endama Meclisa Jin a Sin\u00fbn\u00ea Ed\u00fbl \u015eemo hest \u00fb n\u00ear\u00eena xwe bi malpera me re parve kir.<\/p>\n<p>N\u00ear\u00eena Ed\u00fbl \u015eemo wiha ye:<\/p>\n<p>\u201cDi ser\u00ee de em wek jin\u00ean ezid\u00ee silav \u00fb hezkirin\u00ean xwe ji R\u00eaber Apo re di\u015f\u00eenin. B\u00eaguman her cara ku hevd\u00eetin bi R\u00eaber Apo re \u00e7\u00eab\u00fb silav\u00ean xwe ji jin \u00fb milet\u00ea \u00eazid\u00ee re r\u00ea dike. Di hevd\u00eetina daw\u00ee de j\u00ee hem silav\u00ean xwe \u015fand hem j\u00ee qelemek\u00a0 wek diyar\u00ee r\u00ea kir. Em ji name \u00fb diyariya R\u00eabert\u00ee h\u00eaz digirin. R\u00eaber Apo \u00e7awa \u015eengal\u00ea difikire \u00fb hezkirina xwe ji \u015eengal\u00ea re di\u015f\u00eene, em j\u00ee wek dayik\u00ean \u00eazid\u00ee silav \u00fb hezkirin\u00ean xwe ji R\u00eaber Apo re di\u015f\u00eenin. Ji bo azadiya fiz\u00eek\u00ee ya R\u00eabert\u00ee \u00e7i ti\u015ft t\u00eakeve ser mil\u00ea me dayikan em amade ne bikin.<\/p>\n<p>R\u00eaber Apo \u00e7awa ji jina \u00eazid\u00ee \u00fb jin\u00ean her \u00e7ar par\u00e7ey\u00ean Kurdistan \u00fb hem\u00fb c\u00eehan\u00ea xwed\u00ee derket p\u00eaw\u00eest e em jin j\u00ee bi \u00e7alak\u00ee \u00fb t\u00eako\u015f\u00eena xwe xwed\u00ee li keda R\u00eaber Apo derkevin \u00fb bigih\u00eajin hedefa xwe. \u00db hedef \u00fb armanca me j\u00ee azadiya f\u00eez\u00eek\u00ee ya R\u00eaber Apo ye. Em \u00e7awa li \u015eengal\u00ea difikirin ku bi ser bikeve, di heman dem\u00ea de j\u00ee em wisa azadiya fiz\u00eek\u00ee ya R\u00eaber Apo dixwazin. Ji ber ku di dema ferman\u00ea de y\u00ea li \u015eengal\u00ea xwed\u00ee derket R\u00eaber Apo b\u00fb. R\u00eaber Apo \u015eengal bi ruh kir, hez \u00fb qewet da avakirin. Em jin j\u00ee xwe deyndar\u00ee R\u00eaber Apo dib\u00eenin. Em dayik\u00ean \u00eazid\u00ee \u00eero xwe deyndar\u00ee R\u00eaber Apo dib\u00eenin.<\/p>\n<p><strong>\u015eengal bi fikir \u00fb felsefa R\u00eabert\u00ee hat rizgarkirin<\/strong><\/p>\n<p>\u00cero dinya dizane ger\u00eelay\u00ean azadiy\u00ea y\u00ean HPG \u00fb YJA STAR\u2019\u00ea \u015eengal ji dest\u00ea DAI\u015e\u2019\u00ea rizgar kirin, y\u00ean \u015feh\u00eed li ber \u015eengal dane ger\u00eela ne, em wan \u015feh\u00eedan j\u00ee bi b\u00eer t\u00eenin \u00fb p\u00eaw\u00eest e em xwed\u00ee li keda \u015feh\u00eed\u00ean xwe derkevin. Bi fikir \u00fb feldefeya R\u00eaber Apo \u00eero \u015eengal b\u00fb xwed\u00ee h\u00eaz \u00fb li dinyay\u00ea hat nasandin. \u00cero em dib\u00eenin dema ku h\u00eaz \u00fb qewet hat avakirin, dijmin dixwazin dest biav\u00eajin \u015eengal\u00ea. Armanca wan \u00eazid\u00ee daim\u00ee di bin dest dijmin de bim\u00eene. Daxwza me ew e ku em bi fikir\u00ea R\u00eaber Apo bi ser bikevin. \u015eengal a \u015feh\u00eedan, \u015eengal a \u00eazidyan e em xwediy\u00ea v\u00ea ax\u00ea ne. \u00c7awa \u015eengal \u00eero li ser fikre R\u00eaber Apo b\u00fb xwed\u00ee welatpar\u00eaz\u00ee \u00fb b\u00fb xwed\u00ee r\u00eaxistin \u00fb b\u00fb xwed\u00ee \u015eeh\u00eedan, \u015eengal a Ezidiyane. Ji \u00eero p\u00ea ve w\u00ea tu kes nikaribe dest\u00ean xwe dir\u00eaj\u00ee \u015eengal bike \u00fb b\u00eajin em \u00ea b\u00ean \u015eengal\u00ea. Em dixwazin hesab ji wan kes\u00ean ku ferman bi ser\u00ea \u00eazidiyan an\u00eene were xwestin. R\u00eaber Apo got ew kes\u00ean ferman p\u00eak an\u00eene, em \u00ea ji wan kesan hesab bixwazin. Bi jina \u00eazid\u00ee mabe w\u00ea dijmin ling\u00ea xwe nav\u00eaje \u015eengal\u00ea. Em serkeftin\u00ea ji R\u00eaber Apo re dixwazin, \u00a0ji ger\u00eelarayan re dixwazin, em serkeftin\u00ea ji malbat\u00ean \u015feh\u00eedan re dixwazin. Em serkeftin\u00ea ji \u00eazidiy\u00ean li pey rastiy\u00ea ne,y\u00ean li pey r\u00eaxistin\u00ea ne re dixwazin.\u201d<\/p>\n","protected":false},"excerpt":{"rendered":"<p>R\u00eaber Apo ku ev 27 sal in li Girava \u00cemraliy\u00ea di bin tecr\u00eed\u00ea de ye, pi\u015ft\u00ee 11 salan di 31\u2019\u00ea cotmeh\u00ea de bi malbata xwe re hevd\u00eetin p\u00eak an\u00ee. Di hevd\u00eetin\u00ea de R\u00eaber Apo 2 pen\u00fbs diyariy\u00ea civaka \u00eazid\u00ee \u00fb suryan\u00ee kir. Diyariya R\u00eaber Apo bi taybet\u00ee di nav civaka \u00eazid\u00ee de b\u00fb sedema k\u00eafxwe\u015fiy\u00ea &hellip;<\/p>\n","protected":false},"author":2,"featured_media":3420,"comment_status":"closed","ping_status":"closed","sticky":false,"template":"","format":"standard","meta":{"footnotes":""},"categories":[43],"tags":[],"class_list":["post-3415","post","type-post","status-publish","format-standard","has-post-thumbnail","hentry","category-hevpeyvin"],"yoast_head":"<!-- This site is optimized with the Yoast SEO plugin v27.4 - https:\/\/yoast.com\/product\/yoast-seo-wordpress\/ -->\n<title>\u2018Em h\u00eaz ji name \u00fb diyariya R\u00eaber Apo digirin\u2019 - taje<\/title>\n<meta name=\"robots\" content=\"index, follow, max-snippet:-1, max-image-preview:large, max-video-preview:-1\" \/>\n<link rel=\"canonical\" href=\"https:\/\/taje-shengal.com\/index.php\/2025\/11\/09\/em-hez-ji-name-u-diyariya-reber-apo-digirin\/\" \/>\n<meta property=\"og:locale\" content=\"en_US\" \/>\n<meta property=\"og:type\" content=\"article\" \/>\n<meta property=\"og:title\" content=\"\u2018Em h\u00eaz ji name \u00fb diyariya R\u00eaber Apo digirin\u2019 - taje\" \/>\n<meta property=\"og:description\" content=\"R\u00eaber Apo ku ev 27 sal in li Girava \u00cemraliy\u00ea di bin tecr\u00eed\u00ea de ye, pi\u015ft\u00ee 11 salan di 31\u2019\u00ea cotmeh\u00ea de bi malbata xwe re hevd\u00eetin p\u00eak an\u00ee. Di hevd\u00eetin\u00ea de R\u00eaber Apo 2 pen\u00fbs diyariy\u00ea civaka \u00eazid\u00ee \u00fb suryan\u00ee kir. Diyariya R\u00eaber Apo bi taybet\u00ee di nav civaka \u00eazid\u00ee de b\u00fb sedema k\u00eafxwe\u015fiy\u00ea &hellip;\" \/>\n<meta property=\"og:url\" content=\"https:\/\/taje-shengal.com\/index.php\/2025\/11\/09\/em-hez-ji-name-u-diyariya-reber-apo-digirin\/\" \/>\n<meta property=\"og:site_name\" content=\"taje\" \/>\n<meta property=\"article:author\" content=\"www.facebook.com\/profile.php?id=61581205080900\" \/>\n<meta property=\"article:published_time\" content=\"2025-11-09T19:45:39+00:00\" \/>\n<meta property=\"article:modified_time\" content=\"2025-11-09T19:56:28+00:00\" \/>\n<meta property=\"og:image\" content=\"https:\/\/taje-shengal.com\/wp-content\/uploads\/2025\/11\/Sequence-01.00_01_06_05.Still005.jpg\" \/>\n\t<meta property=\"og:image:width\" content=\"1656\" \/>\n\t<meta property=\"og:image:height\" content=\"1028\" \/>\n\t<meta property=\"og:image:type\" content=\"image\/jpeg\" \/>\n<meta name=\"author\" content=\"admin1\" \/>\n<meta name=\"twitter:card\" content=\"summary_large_image\" \/>\n<meta name=\"twitter:label1\" content=\"Written by\" \/>\n\t<meta name=\"twitter:data1\" content=\"admin1\" \/>\n\t<meta name=\"twitter:label2\" content=\"Est. reading time\" \/>\n\t<meta name=\"twitter:data2\" content=\"3 minutes\" \/>\n<script type=\"application\/ld+json\" class=\"yoast-schema-graph\">{\"@context\":\"https:\\\/\\\/schema.org\",\"@graph\":[{\"@type\":\"Article\",\"@id\":\"https:\\\/\\\/taje-shengal.com\\\/index.php\\\/2025\\\/11\\\/09\\\/em-hez-ji-name-u-diyariya-reber-apo-digirin\\\/#article\",\"isPartOf\":{\"@id\":\"https:\\\/\\\/taje-shengal.com\\\/index.php\\\/2025\\\/11\\\/09\\\/em-hez-ji-name-u-diyariya-reber-apo-digirin\\\/\"},\"author\":{\"name\":\"admin1\",\"@id\":\"https:\\\/\\\/taje-shengal.com\\\/#\\\/schema\\\/person\\\/6b255472677a92d4ee1755822fa3c622\"},\"headline\":\"\u2018Em h\u00eaz ji name \u00fb diyariya R\u00eaber Apo digirin\u2019\",\"datePublished\":\"2025-11-09T19:45:39+00:00\",\"dateModified\":\"2025-11-09T19:56:28+00:00\",\"mainEntityOfPage\":{\"@id\":\"https:\\\/\\\/taje-shengal.com\\\/index.php\\\/2025\\\/11\\\/09\\\/em-hez-ji-name-u-diyariya-reber-apo-digirin\\\/\"},\"wordCount\":638,\"image\":{\"@id\":\"https:\\\/\\\/taje-shengal.com\\\/index.php\\\/2025\\\/11\\\/09\\\/em-hez-ji-name-u-diyariya-reber-apo-digirin\\\/#primaryimage\"},\"thumbnailUrl\":\"https:\\\/\\\/taje-shengal.com\\\/wp-content\\\/uploads\\\/2025\\\/11\\\/Sequence-01.00_01_06_05.Still005.jpg\",\"articleSection\":[\"Hevpeyv\u00een\"],\"inLanguage\":\"en-US\"},{\"@type\":\"WebPage\",\"@id\":\"https:\\\/\\\/taje-shengal.com\\\/index.php\\\/2025\\\/11\\\/09\\\/em-hez-ji-name-u-diyariya-reber-apo-digirin\\\/\",\"url\":\"https:\\\/\\\/taje-shengal.com\\\/index.php\\\/2025\\\/11\\\/09\\\/em-hez-ji-name-u-diyariya-reber-apo-digirin\\\/\",\"name\":\"\u2018Em h\u00eaz ji name \u00fb diyariya R\u00eaber Apo digirin\u2019 - taje\",\"isPartOf\":{\"@id\":\"https:\\\/\\\/taje-shengal.com\\\/#website\"},\"primaryImageOfPage\":{\"@id\":\"https:\\\/\\\/taje-shengal.com\\\/index.php\\\/2025\\\/11\\\/09\\\/em-hez-ji-name-u-diyariya-reber-apo-digirin\\\/#primaryimage\"},\"image\":{\"@id\":\"https:\\\/\\\/taje-shengal.com\\\/index.php\\\/2025\\\/11\\\/09\\\/em-hez-ji-name-u-diyariya-reber-apo-digirin\\\/#primaryimage\"},\"thumbnailUrl\":\"https:\\\/\\\/taje-shengal.com\\\/wp-content\\\/uploads\\\/2025\\\/11\\\/Sequence-01.00_01_06_05.Still005.jpg\",\"datePublished\":\"2025-11-09T19:45:39+00:00\",\"dateModified\":\"2025-11-09T19:56:28+00:00\",\"author\":{\"@id\":\"https:\\\/\\\/taje-shengal.com\\\/#\\\/schema\\\/person\\\/6b255472677a92d4ee1755822fa3c622\"},\"breadcrumb\":{\"@id\":\"https:\\\/\\\/taje-shengal.com\\\/index.php\\\/2025\\\/11\\\/09\\\/em-hez-ji-name-u-diyariya-reber-apo-digirin\\\/#breadcrumb\"},\"inLanguage\":\"en-US\",\"potentialAction\":[{\"@type\":\"ReadAction\",\"target\":[\"https:\\\/\\\/taje-shengal.com\\\/index.php\\\/2025\\\/11\\\/09\\\/em-hez-ji-name-u-diyariya-reber-apo-digirin\\\/\"]}]},{\"@type\":\"ImageObject\",\"inLanguage\":\"en-US\",\"@id\":\"https:\\\/\\\/taje-shengal.com\\\/index.php\\\/2025\\\/11\\\/09\\\/em-hez-ji-name-u-diyariya-reber-apo-digirin\\\/#primaryimage\",\"url\":\"https:\\\/\\\/taje-shengal.com\\\/wp-content\\\/uploads\\\/2025\\\/11\\\/Sequence-01.00_01_06_05.Still005.jpg\",\"contentUrl\":\"https:\\\/\\\/taje-shengal.com\\\/wp-content\\\/uploads\\\/2025\\\/11\\\/Sequence-01.00_01_06_05.Still005.jpg\",\"width\":1656,\"height\":1028},{\"@type\":\"BreadcrumbList\",\"@id\":\"https:\\\/\\\/taje-shengal.com\\\/index.php\\\/2025\\\/11\\\/09\\\/em-hez-ji-name-u-diyariya-reber-apo-digirin\\\/#breadcrumb\",\"itemListElement\":[{\"@type\":\"ListItem\",\"position\":1,\"name\":\"Home\",\"item\":\"https:\\\/\\\/taje-shengal.com\\\/\"},{\"@type\":\"ListItem\",\"position\":2,\"name\":\"\u2018Em h\u00eaz ji name \u00fb diyariya R\u00eaber Apo digirin\u2019\"}]},{\"@type\":\"WebSite\",\"@id\":\"https:\\\/\\\/taje-shengal.com\\\/#website\",\"url\":\"https:\\\/\\\/taje-shengal.com\\\/\",\"name\":\"taje\",\"description\":\"\",\"potentialAction\":[{\"@type\":\"SearchAction\",\"target\":{\"@type\":\"EntryPoint\",\"urlTemplate\":\"https:\\\/\\\/taje-shengal.com\\\/?s={search_term_string}\"},\"query-input\":{\"@type\":\"PropertyValueSpecification\",\"valueRequired\":true,\"valueName\":\"search_term_string\"}}],\"inLanguage\":\"en-US\"},{\"@type\":\"Person\",\"@id\":\"https:\\\/\\\/taje-shengal.com\\\/#\\\/schema\\\/person\\\/6b255472677a92d4ee1755822fa3c622\",\"name\":\"admin1\",\"image\":{\"@type\":\"ImageObject\",\"inLanguage\":\"en-US\",\"@id\":\"https:\\\/\\\/secure.gravatar.com\\\/avatar\\\/0e540f8fea35199ef5d34092bfe4dc9f46818bfa1eb17ec4b585b5c6a367f165?s=96&d=mm&r=g\",\"url\":\"https:\\\/\\\/secure.gravatar.com\\\/avatar\\\/0e540f8fea35199ef5d34092bfe4dc9f46818bfa1eb17ec4b585b5c6a367f165?s=96&d=mm&r=g\",\"contentUrl\":\"https:\\\/\\\/secure.gravatar.com\\\/avatar\\\/0e540f8fea35199ef5d34092bfe4dc9f46818bfa1eb17ec4b585b5c6a367f165?s=96&d=mm&r=g\",\"caption\":\"admin1\"},\"sameAs\":[\"www.facebook.com\\\/profile.php?id=61581205080900\"],\"url\":\"https:\\\/\\\/taje-shengal.com\\\/index.php\\\/author\\\/admin1\\\/\"}]}<\/script>\n<!-- \/ Yoast SEO plugin. -->","yoast_head_json":{"title":"\u2018Em h\u00eaz ji name \u00fb diyariya R\u00eaber Apo digirin\u2019 - taje","robots":{"index":"index","follow":"follow","max-snippet":"max-snippet:-1","max-image-preview":"max-image-preview:large","max-video-preview":"max-video-preview:-1"},"canonical":"https:\/\/taje-shengal.com\/index.php\/2025\/11\/09\/em-hez-ji-name-u-diyariya-reber-apo-digirin\/","og_locale":"en_US","og_type":"article","og_title":"\u2018Em h\u00eaz ji name \u00fb diyariya R\u00eaber Apo digirin\u2019 - taje","og_description":"R\u00eaber Apo ku ev 27 sal in li Girava \u00cemraliy\u00ea di bin tecr\u00eed\u00ea de ye, pi\u015ft\u00ee 11 salan di 31\u2019\u00ea cotmeh\u00ea de bi malbata xwe re hevd\u00eetin p\u00eak an\u00ee. Di hevd\u00eetin\u00ea de R\u00eaber Apo 2 pen\u00fbs diyariy\u00ea civaka \u00eazid\u00ee \u00fb suryan\u00ee kir. Diyariya R\u00eaber Apo bi taybet\u00ee di nav civaka \u00eazid\u00ee de b\u00fb sedema k\u00eafxwe\u015fiy\u00ea &hellip;","og_url":"https:\/\/taje-shengal.com\/index.php\/2025\/11\/09\/em-hez-ji-name-u-diyariya-reber-apo-digirin\/","og_site_name":"taje","article_author":"www.facebook.com\/profile.php?id=61581205080900","article_published_time":"2025-11-09T19:45:39+00:00","article_modified_time":"2025-11-09T19:56:28+00:00","og_image":[{"width":1656,"height":1028,"url":"https:\/\/taje-shengal.com\/wp-content\/uploads\/2025\/11\/Sequence-01.00_01_06_05.Still005.jpg","type":"image\/jpeg"}],"author":"admin1","twitter_card":"summary_large_image","twitter_misc":{"Written by":"admin1","Est. reading time":"3 minutes"},"schema":{"@context":"https:\/\/schema.org","@graph":[{"@type":"Article","@id":"https:\/\/taje-shengal.com\/index.php\/2025\/11\/09\/em-hez-ji-name-u-diyariya-reber-apo-digirin\/#article","isPartOf":{"@id":"https:\/\/taje-shengal.com\/index.php\/2025\/11\/09\/em-hez-ji-name-u-diyariya-reber-apo-digirin\/"},"author":{"name":"admin1","@id":"https:\/\/taje-shengal.com\/#\/schema\/person\/6b255472677a92d4ee1755822fa3c622"},"headline":"\u2018Em h\u00eaz ji name \u00fb diyariya R\u00eaber Apo digirin\u2019","datePublished":"2025-11-09T19:45:39+00:00","dateModified":"2025-11-09T19:56:28+00:00","mainEntityOfPage":{"@id":"https:\/\/taje-shengal.com\/index.php\/2025\/11\/09\/em-hez-ji-name-u-diyariya-reber-apo-digirin\/"},"wordCount":638,"image":{"@id":"https:\/\/taje-shengal.com\/index.php\/2025\/11\/09\/em-hez-ji-name-u-diyariya-reber-apo-digirin\/#primaryimage"},"thumbnailUrl":"https:\/\/taje-shengal.com\/wp-content\/uploads\/2025\/11\/Sequence-01.00_01_06_05.Still005.jpg","articleSection":["Hevpeyv\u00een"],"inLanguage":"en-US"},{"@type":"WebPage","@id":"https:\/\/taje-shengal.com\/index.php\/2025\/11\/09\/em-hez-ji-name-u-diyariya-reber-apo-digirin\/","url":"https:\/\/taje-shengal.com\/index.php\/2025\/11\/09\/em-hez-ji-name-u-diyariya-reber-apo-digirin\/","name":"\u2018Em h\u00eaz ji name \u00fb diyariya R\u00eaber Apo digirin\u2019 - taje","isPartOf":{"@id":"https:\/\/taje-shengal.com\/#website"},"primaryImageOfPage":{"@id":"https:\/\/taje-shengal.com\/index.php\/2025\/11\/09\/em-hez-ji-name-u-diyariya-reber-apo-digirin\/#primaryimage"},"image":{"@id":"https:\/\/taje-shengal.com\/index.php\/2025\/11\/09\/em-hez-ji-name-u-diyariya-reber-apo-digirin\/#primaryimage"},"thumbnailUrl":"https:\/\/taje-shengal.com\/wp-content\/uploads\/2025\/11\/Sequence-01.00_01_06_05.Still005.jpg","datePublished":"2025-11-09T19:45:39+00:00","dateModified":"2025-11-09T19:56:28+00:00","author":{"@id":"https:\/\/taje-shengal.com\/#\/schema\/person\/6b255472677a92d4ee1755822fa3c622"},"breadcrumb":{"@id":"https:\/\/taje-shengal.com\/index.php\/2025\/11\/09\/em-hez-ji-name-u-diyariya-reber-apo-digirin\/#breadcrumb"},"inLanguage":"en-US","potentialAction":[{"@type":"ReadAction","target":["https:\/\/taje-shengal.com\/index.php\/2025\/11\/09\/em-hez-ji-name-u-diyariya-reber-apo-digirin\/"]}]},{"@type":"ImageObject","inLanguage":"en-US","@id":"https:\/\/taje-shengal.com\/index.php\/2025\/11\/09\/em-hez-ji-name-u-diyariya-reber-apo-digirin\/#primaryimage","url":"https:\/\/taje-shengal.com\/wp-content\/uploads\/2025\/11\/Sequence-01.00_01_06_05.Still005.jpg","contentUrl":"https:\/\/taje-shengal.com\/wp-content\/uploads\/2025\/11\/Sequence-01.00_01_06_05.Still005.jpg","width":1656,"height":1028},{"@type":"BreadcrumbList","@id":"https:\/\/taje-shengal.com\/index.php\/2025\/11\/09\/em-hez-ji-name-u-diyariya-reber-apo-digirin\/#breadcrumb","itemListElement":[{"@type":"ListItem","position":1,"name":"Home","item":"https:\/\/taje-shengal.com\/"},{"@type":"ListItem","position":2,"name":"\u2018Em h\u00eaz ji name \u00fb diyariya R\u00eaber Apo digirin\u2019"}]},{"@type":"WebSite","@id":"https:\/\/taje-shengal.com\/#website","url":"https:\/\/taje-shengal.com\/","name":"taje","description":"","potentialAction":[{"@type":"SearchAction","target":{"@type":"EntryPoint","urlTemplate":"https:\/\/taje-shengal.com\/?s={search_term_string}"},"query-input":{"@type":"PropertyValueSpecification","valueRequired":true,"valueName":"search_term_string"}}],"inLanguage":"en-US"},{"@type":"Person","@id":"https:\/\/taje-shengal.com\/#\/schema\/person\/6b255472677a92d4ee1755822fa3c622","name":"admin1","image":{"@type":"ImageObject","inLanguage":"en-US","@id":"https:\/\/secure.gravatar.com\/avatar\/0e540f8fea35199ef5d34092bfe4dc9f46818bfa1eb17ec4b585b5c6a367f165?s=96&d=mm&r=g","url":"https:\/\/secure.gravatar.com\/avatar\/0e540f8fea35199ef5d34092bfe4dc9f46818bfa1eb17ec4b585b5c6a367f165?s=96&d=mm&r=g","contentUrl":"https:\/\/secure.gravatar.com\/avatar\/0e540f8fea35199ef5d34092bfe4dc9f46818bfa1eb17ec4b585b5c6a367f165?s=96&d=mm&r=g","caption":"admin1"},"sameAs":["www.facebook.com\/profile.php?id=61581205080900"],"url":"https:\/\/taje-shengal.com\/index.php\/author\/admin1\/"}]}},"_links":{"self":[{"href":"https:\/\/taje-shengal.com\/index.php\/wp-json\/wp\/v2\/posts\/3415","targetHints":{"allow":["GET"]}}],"collection":[{"href":"https:\/\/taje-shengal.com\/index.php\/wp-json\/wp\/v2\/posts"}],"about":[{"href":"https:\/\/taje-shengal.com\/index.php\/wp-json\/wp\/v2\/types\/post"}],"author":[{"embeddable":true,"href":"https:\/\/taje-shengal.com\/index.php\/wp-json\/wp\/v2\/users\/2"}],"replies":[{"embeddable":true,"href":"https:\/\/taje-shengal.com\/index.php\/wp-json\/wp\/v2\/comments?post=3415"}],"version-history":[{"count":1,"href":"https:\/\/taje-shengal.com\/index.php\/wp-json\/wp\/v2\/posts\/3415\/revisions"}],"predecessor-version":[{"id":3417,"href":"https:\/\/taje-shengal.com\/index.php\/wp-json\/wp\/v2\/posts\/3415\/revisions\/3417"}],"wp:featuredmedia":[{"embeddable":true,"href":"https:\/\/taje-shengal.com\/index.php\/wp-json\/wp\/v2\/media\/3420"}],"wp:attachment":[{"href":"https:\/\/taje-shengal.com\/index.php\/wp-json\/wp\/v2\/media?parent=3415"}],"wp:term":[{"taxonomy":"category","embeddable":true,"href":"https:\/\/taje-shengal.com\/index.php\/wp-json\/wp\/v2\/categories?post=3415"},{"taxonomy":"post_tag","embeddable":true,"href":"https:\/\/taje-shengal.com\/index.php\/wp-json\/wp\/v2\/tags?post=3415"}],"curies":[{"name":"wp","href":"https:\/\/api.w.org\/{rel}","templated":true}]}}