{"id":3431,"date":"2025-12-02T06:34:24","date_gmt":"2025-12-02T06:34:24","guid":{"rendered":"https:\/\/taje-shengal.com\/?p=3431"},"modified":"2025-12-02T07:54:31","modified_gmt":"2025-12-02T07:54:31","slug":"jinen-ezidi-kustina-her-jinek-kustina-civakeke-ye","status":"publish","type":"post","link":"https:\/\/taje-shengal.com\/index.php\/2025\/12\/02\/jinen-ezidi-kustina-her-jinek-kustina-civakeke-ye\/","title":{"rendered":"Jin\u00ean \u00eazid\u00ee: Ku\u015ftina her jinek ku\u015ftina civakek\u00ea ye"},"content":{"rendered":"<p>Jin\u00ean \u00eazid\u00ee derbar\u00ea p\u00eangava \u2018Xwe nekuje, her xwe ku\u015ftinek fermanek e\u2019 ku p\u00ea\u015fengtiya Tevgera Azadiya Jin\u00ean \u00cazid\u00ee (TAJ\u00ca) hatib\u00fb destp\u00eakirin de ji malpera me re axiv\u00een.<\/p>\n<p>Jina bi nav\u00ea Wefa Feydel a ji Digur\u00ea ye destn\u00ee\u015fan kir ku bingeha pirsgir\u00ean esas\u00ee ya xweku\u015ftinan malbat e \u00fb ev nirxandin kir: \u201cGer ku pirsgir\u00eakek jin \u00fb zilam hebe gerek destp\u00eak\u00ea di mal\u00ea de ser b\u00ea seknandin \u00fb \u00e7areserkirin. Gerek her malbatek dema b\u00fbyer\u00ean wisa derdikevin bidin xuyakirin ji ber \u00e7i sebeb\u00ea hate asta ku jin xwe bikuje. Ger ku malbat neynin ziman ji bo kes nebh\u00eese ve\u015fart\u00ee bih\u00ealin, w\u00ea dem\u00ea malbat dikevin ser zimanan. Di nava xwe de dih\u00ealin nah\u00ealin derkeve derve, dema van b\u00fbyeran dib\u00eenin. \u00cad\u00ee w\u00ea her k\u00ee \u00eensan be dema te d\u00eet aciziyeke w\u00ee\/w\u00ea hebe p\u00eaw\u00eest e p\u00eare bib\u00ee al\u00eekar ku heya ew \u00eensan ji w\u00ea tengasiy\u00ea xilas bibe. Belk\u00ee tu bi fikre xwe nikar\u00ee w\u00ee\/w\u00ea \u00eensan\u00ee xilas b\u00eek\u00ee, l\u00ea dikar\u00ee ji \u00eensaneke din re b\u00eaj\u00ee p\u00eare bib\u00ee al\u00eekar w\u00ee \u00eensan\u00ee ji fikara xelet xilas bike. Ez destp\u00eak\u00ea ji dayik \u00fb bavan re v\u00ee ti\u015ft\u00ee dib\u00eajim, di v\u00ea merhel\u00ea de h\u00een z\u00eadetir guh\u00ea xwe li zarok\u00ean xwe bikin. Her \u015f\u00eereta ku mirov li mezin\u00ean xwe hilgire daku mirov nekeve nava xeletiyan. Div\u00ea em ji b\u00eer nekin her xwe ku\u015ftin m\u00eena fermanek\u00ea ye t\u00ea ser\u00ea me. Her \u00eenasanek xwe ku\u015ft li ber cav\u00ean me d\u00eesa wek\u00ee fermaneke em dib\u00eenin. P\u00eaw\u00eest e em p\u00ea\u015f\u00ee li xwe ku\u015ftinan bigirin. Em \u00ea \u00e7awa p\u00ea\u015f l\u00ea bigrin, di her b\u00fbyer\u00ean xweku\u015ftin\u00ea de dema diqewimin p\u00eaw\u00eeste her malbatek rastiya van b\u00fbyera e\u015fkere bike, ka \u00e7i sebeb b\u00fb ku heta xwe ku\u015ftin\u00ea \u00e7\u00fb. W\u00ea \u00e7awa were destgirtin w\u00ea b\u00eajin ku qeder b\u00fb l\u00ea eleqa van mijaran bi qeder\u00ea n\u00eene.<\/p>\n<p><img loading=\"lazy\" decoding=\"async\" class=\"wp-image-3436 alignright\" src=\"https:\/\/taje-shengal.com\/wp-content\/uploads\/2025\/12\/wefa-300x185.jpg\" alt=\"\" width=\"347\" height=\"214\" srcset=\"https:\/\/taje-shengal.com\/wp-content\/uploads\/2025\/12\/wefa-300x185.jpg 300w, https:\/\/taje-shengal.com\/wp-content\/uploads\/2025\/12\/wefa-1024x632.jpg 1024w, https:\/\/taje-shengal.com\/wp-content\/uploads\/2025\/12\/wefa-768x474.jpg 768w, https:\/\/taje-shengal.com\/wp-content\/uploads\/2025\/12\/wefa-1536x947.jpg 1536w, https:\/\/taje-shengal.com\/wp-content\/uploads\/2025\/12\/wefa.jpg 1712w\" sizes=\"auto, (max-width: 347px) 100vw, 347px\" \/><\/p>\n<p><strong>Div\u00ea xweku\u015ftin wek qeder ney\u00ea d\u00eetin<\/strong><\/p>\n<p>Bi rast\u00ee ber\u00ea di nava milet de ewqas xwe ku\u015ftin neb\u00fb, pir k\u00eam xwe ku\u015ftin heb\u00fb w\u00ea gotiban hal\u00ea (der\u00fbn\u00ee) nefs\u00ee b\u00fb, xwe ku\u015ft. Me di nava milet\u00ea de nedid\u00eet xwe ku\u015ftin, me nizan\u00ee xwe ku\u015ftin \u00e7i ye. L\u00ea niha dema tu ji zarokek bi\u00e7\u00fbk re ti\u015ftek\u00ee dib\u00eaj\u00ee b\u00ea dil\u00ee w\u00ee\/\u00ea be, zarok dib\u00eaje ez \u00ea xwe bikujim. Di v\u00ea p\u00eavajoy\u00ea de tedeya her\u00ee mezin jin \u00fb ciwanan hate kirin di tu dem\u00ea de ewqas tede li wan nehatib\u00fb kirin. Her yek \u00e7av li ya din dike \u00fb ti\u015fta her\u00ee dibe sebeb j\u00ee ev e. P\u00eaw\u00eest e destp\u00eak\u00ea dayik \u00fb bav v\u00ee ti\u015ft\u00ee vene\u015f\u00earin sebeba xwe ku\u015ftin\u00ea j\u00ee bib\u00eajin. Dema ku rast\u00ee ji her kes\u00ee re hate gotin, belk\u00ee hindek kes xwe ji v\u00ea rew\u015f\u00ea hey\u00ee xilas bikin \u00fb nekevin v\u00ea xeletiy\u00ea. Dema her kes\u00ee ser\u00ea b\u00fbyer\u00ea girt, ji xwe w\u00ea sere b\u00fbyer\u00ea were windakirin. Ya her\u00ee rast\u00ee encama van pirsgir\u00eak\u00ean hem\u00fb j\u00ee malbat\u00ee r\u00fbdidin, ger malbat bikaribin ji zarok\u00ean xwe re bibin al\u00eekar d\u00ea b\u00fbyer negih\u00eaje merheleya xweku\u015ftin\u00ea. Wiha t\u00ea gotin em dikarin da\u00eem\u00ee li ber zarok\u00ean xwe bisekinin, l\u00ea malbat dikarin bi fikr\u00ean xwe bi \u015f\u00eeretan zarok\u00ean xwe b\u00eenin li ser r\u00eaka rast \u00fb nekevin r\u00eaka \u015fa\u015f. Dema van ti\u015ftan hatin kirin ma w\u00ea \u00e7ima ev pirsgir\u00eak derkevin. Ger ku zarok\u00ean xwe \u015fandiban perwerdeyan w\u00ea zarok\u00ean wan j\u00ee w\u00ea xwe neku\u015ftiban. Tu ti\u015ftek ji \u015fewat\u00ea zehmetir n\u00eene dema tiliya mirov di\u015fewite mirov debar nake. L\u00ea dema \u00eensan xwe bi\u015fewit\u00eenin gelek zehmet e.<\/p>\n<p><strong>\u00c7areseriya her pirsgir\u00eakan fikr\u00ean R\u00eaber Apo ye<\/strong><\/p>\n<p>P\u00eaw\u00eeste malbat p\u00ea\u015fiya zarok\u00ean xwe negirin bila li ser fikr\u00ea R\u00eaber Apo xwe p\u00ea\u015f bixin \u00fb xwe ji van pirsgir\u00eakan xilas bikin. Ciwan\u00ean me dema pirt\u00fbk\u00ean R\u00eaber Apo xwendin w\u00ea h\u00een z\u00eadetir parastina xwe bikin \u00fb ji v\u00ea xeletiy\u00ea vegerin. Dema perwerde hebin her \u00eensan bixwaze dikare bi\u00e7e perwerde bib\u00eene. Perwerde d\u00eetin ten\u00ea kar\u00ea siyasete yan j\u00ee hizbek\u00ee n\u00een e, her \u00eensan dikare xwe ji her mil\u00ea ve perwerde bike.\u201d<\/p>\n<p><strong>Ku\u015ftin ne \u00e7areser\u00ee ye<\/strong><\/p>\n<p>Jina bi nav\u00ea Bes\u00ea Heska ya ji Digur\u00ea ye j\u00ee di nirxandina xwe de bal ki\u015fand ser fikirin R\u00eaber Apo \u00fb h\u00eaza jinan \u00a0\u00fb ev ti\u015ft vegot: \u201cDiv\u00ea em wek jin rabin ser xwe, li ber xwe bidin \u00fb jin ji xwe bawer bibin. H\u00eaza jin a xurt heye kul i ber xwe bidin. Em gelek spas\u00ee R\u00eaber Apo dikin ku ewqas h\u00eaz daye jinan.<\/p>\n<p>Lazime em jin hem\u00fb bibin destek \u00fb ji hev re bibin al\u00eekar, p\u00eaw\u00eeste em xwe r\u00eaxistin bikin em fikr\u00ea hevdo bigirin heyan\u00ee ya her\u00ee ba\u015f k\u00eejane em w\u00ea p\u00eak b\u00eenin. Div\u00ea em jin\u00ean ku rast\u00ee tedey\u00ea t\u00ean ji wan re bibin al\u00eekar \u00fb neh\u00ealin werin merheleya xweku\u015ftin\u00ea. Her ku\u015ftina jinan di heman dem\u00ea de ku\u015ftina malbati\u00ea ye j\u00ee, tu caran ku\u015ftina jin\u00ea ne \u00e7areser\u00ee ye.<\/p>\n<p><img loading=\"lazy\" decoding=\"async\" class=\" wp-image-3435 alignright\" src=\"https:\/\/taje-shengal.com\/wp-content\/uploads\/2025\/12\/238A0209-300x222.jpg\" alt=\"\" width=\"359\" height=\"266\" srcset=\"https:\/\/taje-shengal.com\/wp-content\/uploads\/2025\/12\/238A0209-300x222.jpg 300w, https:\/\/taje-shengal.com\/wp-content\/uploads\/2025\/12\/238A0209-1024x758.jpg 1024w, https:\/\/taje-shengal.com\/wp-content\/uploads\/2025\/12\/238A0209-768x569.jpg 768w, https:\/\/taje-shengal.com\/wp-content\/uploads\/2025\/12\/238A0209-1536x1137.jpg 1536w, https:\/\/taje-shengal.com\/wp-content\/uploads\/2025\/12\/238A0209-2048x1516.jpg 2048w\" sizes=\"auto, (max-width: 359px) 100vw, 359px\" \/><\/p>\n<p><strong>Tundiya li ser her jinek tundiya li her hem\u00fb jinan e<\/strong><\/p>\n<p>Div\u00ea ney\u00ea jib\u00eerkirin ku\u015ftina her jinek ku\u015ftina hem\u00fb jinan e, tundiya li ser jinek tundiya li ser hem\u00fb jinan e, heta li ser hem\u00fb civak\u00ea ye. Her jina ku t\u00ea ku\u015ftin gerek em sebeb\u00ea w\u00ea derx\u00een\u00ee hol\u00ea ku ev ti\u015ft ji ber \u00e7i \u00e7\u00eadibin. P\u00eaw\u00eeste em rabin ser xwe em ku\u015ftin\u00ea ji hol\u00ea rakin. Dema ku em bi fikre xwe rabin ser xwe kes nikare me. Ji ber ku t\u00ea gotin jin n\u00eev\u00ea civak\u00ea ye l\u00ea jin civak hem\u00fb ye. Niha jin hem di war\u00ea fikir de, hem di xwe bawer\u00ee de h\u00een z\u00eadetir p\u00ea\u015fketiye.<\/p>\n<p><strong>Jin bi fikr\u00ean R\u00eaber Apo rab\u00fbne ser xwe <\/strong><\/p>\n<p>Her wiha silav\u00ean min ji R\u00eaber Apo re hene, di R\u00eabertiya w\u00ee de jin gelek ji xwe bawer b\u00fbne, rab\u00fbne ser xwe. Jin gelek\u00ee \u015fareza b\u00fbne, di nav 11 salan de her her gotin \u00fb \u015f\u00eeret\u00ean w\u00ee gelek guhartin di nava milet de daye avakirin. Banga min ji her kes\u00ee re, li dij\u00ee ku\u015ftinan rabin ser xwe b\u00eajin bila ku\u015ftin ji hol\u00ea b\u00ean rakirin. Ji ber ku jin nif\u015fek\u00ee li pey xwe radike, dinya li ser jin\u00ea ava b\u00fbye, dema jin ranebe ser xwe \u00eetibar bi ti\u015ftek\u00ee n\u00eene.\u201d<\/p>\n<p>&nbsp;<\/p>\n<p>&nbsp;<\/p>\n<p>&nbsp;<\/p>\n<p>&nbsp;<\/p>\n","protected":false},"excerpt":{"rendered":"<p>Jin\u00ean \u00eazid\u00ee derbar\u00ea p\u00eangava \u2018Xwe nekuje, her xwe ku\u015ftinek fermanek e\u2019 ku p\u00ea\u015fengtiya Tevgera Azadiya Jin\u00ean \u00cazid\u00ee (TAJ\u00ca) hatib\u00fb destp\u00eakirin de ji malpera me re axiv\u00een. Jina bi nav\u00ea Wefa Feydel a ji Digur\u00ea ye destn\u00ee\u015fan kir ku bingeha pirsgir\u00ean esas\u00ee ya xweku\u015ftinan malbat e \u00fb ev nirxandin kir: \u201cGer ku pirsgir\u00eakek jin \u00fb zilam &hellip;<\/p>\n","protected":false},"author":2,"featured_media":3439,"comment_status":"closed","ping_status":"closed","sticky":false,"template":"","format":"standard","meta":{"footnotes":""},"categories":[43],"tags":[],"class_list":["post-3431","post","type-post","status-publish","format-standard","has-post-thumbnail","hentry","category-hevpeyvin"],"yoast_head":"<!-- This site is optimized with the Yoast SEO plugin v27.4 - https:\/\/yoast.com\/product\/yoast-seo-wordpress\/ -->\n<title>Jin\u00ean \u00eazid\u00ee: Ku\u015ftina her jinek ku\u015ftina civakek\u00ea ye - taje<\/title>\n<meta name=\"robots\" content=\"index, follow, max-snippet:-1, max-image-preview:large, max-video-preview:-1\" \/>\n<link rel=\"canonical\" href=\"https:\/\/taje-shengal.com\/index.php\/2025\/12\/02\/jinen-ezidi-kustina-her-jinek-kustina-civakeke-ye\/\" \/>\n<meta property=\"og:locale\" content=\"en_US\" \/>\n<meta property=\"og:type\" content=\"article\" \/>\n<meta property=\"og:title\" content=\"Jin\u00ean \u00eazid\u00ee: Ku\u015ftina her jinek ku\u015ftina civakek\u00ea ye - taje\" \/>\n<meta property=\"og:description\" content=\"Jin\u00ean \u00eazid\u00ee derbar\u00ea p\u00eangava \u2018Xwe nekuje, her xwe ku\u015ftinek fermanek e\u2019 ku p\u00ea\u015fengtiya Tevgera Azadiya Jin\u00ean \u00cazid\u00ee (TAJ\u00ca) hatib\u00fb destp\u00eakirin de ji malpera me re axiv\u00een. Jina bi nav\u00ea Wefa Feydel a ji Digur\u00ea ye destn\u00ee\u015fan kir ku bingeha pirsgir\u00ean esas\u00ee ya xweku\u015ftinan malbat e \u00fb ev nirxandin kir: \u201cGer ku pirsgir\u00eakek jin \u00fb zilam &hellip;\" \/>\n<meta property=\"og:url\" content=\"https:\/\/taje-shengal.com\/index.php\/2025\/12\/02\/jinen-ezidi-kustina-her-jinek-kustina-civakeke-ye\/\" \/>\n<meta property=\"og:site_name\" content=\"taje\" \/>\n<meta property=\"article:author\" content=\"www.facebook.com\/profile.php?id=61581205080900\" \/>\n<meta property=\"article:published_time\" content=\"2025-12-02T06:34:24+00:00\" \/>\n<meta property=\"article:modified_time\" content=\"2025-12-02T07:54:31+00:00\" \/>\n<meta property=\"og:image\" content=\"https:\/\/taje-shengal.com\/wp-content\/uploads\/2025\/12\/Sequence-01.00_11_55_00.Still007.png\" \/>\n\t<meta property=\"og:image:width\" content=\"1920\" \/>\n\t<meta property=\"og:image:height\" content=\"1080\" \/>\n\t<meta property=\"og:image:type\" content=\"image\/png\" \/>\n<meta name=\"author\" content=\"admin1\" \/>\n<meta name=\"twitter:card\" content=\"summary_large_image\" \/>\n<meta name=\"twitter:label1\" content=\"Written by\" \/>\n\t<meta name=\"twitter:data1\" content=\"admin1\" \/>\n\t<meta name=\"twitter:label2\" content=\"Est. reading time\" \/>\n\t<meta name=\"twitter:data2\" content=\"5 minutes\" \/>\n<script type=\"application\/ld+json\" class=\"yoast-schema-graph\">{\"@context\":\"https:\\\/\\\/schema.org\",\"@graph\":[{\"@type\":\"Article\",\"@id\":\"https:\\\/\\\/taje-shengal.com\\\/index.php\\\/2025\\\/12\\\/02\\\/jinen-ezidi-kustina-her-jinek-kustina-civakeke-ye\\\/#article\",\"isPartOf\":{\"@id\":\"https:\\\/\\\/taje-shengal.com\\\/index.php\\\/2025\\\/12\\\/02\\\/jinen-ezidi-kustina-her-jinek-kustina-civakeke-ye\\\/\"},\"author\":{\"name\":\"admin1\",\"@id\":\"https:\\\/\\\/taje-shengal.com\\\/#\\\/schema\\\/person\\\/6b255472677a92d4ee1755822fa3c622\"},\"headline\":\"Jin\u00ean \u00eazid\u00ee: Ku\u015ftina her jinek ku\u015ftina civakek\u00ea ye\",\"datePublished\":\"2025-12-02T06:34:24+00:00\",\"dateModified\":\"2025-12-02T07:54:31+00:00\",\"mainEntityOfPage\":{\"@id\":\"https:\\\/\\\/taje-shengal.com\\\/index.php\\\/2025\\\/12\\\/02\\\/jinen-ezidi-kustina-her-jinek-kustina-civakeke-ye\\\/\"},\"wordCount\":1122,\"image\":{\"@id\":\"https:\\\/\\\/taje-shengal.com\\\/index.php\\\/2025\\\/12\\\/02\\\/jinen-ezidi-kustina-her-jinek-kustina-civakeke-ye\\\/#primaryimage\"},\"thumbnailUrl\":\"https:\\\/\\\/taje-shengal.com\\\/wp-content\\\/uploads\\\/2025\\\/12\\\/Sequence-01.00_11_55_00.Still007.png\",\"articleSection\":[\"Hevpeyv\u00een\"],\"inLanguage\":\"en-US\"},{\"@type\":\"WebPage\",\"@id\":\"https:\\\/\\\/taje-shengal.com\\\/index.php\\\/2025\\\/12\\\/02\\\/jinen-ezidi-kustina-her-jinek-kustina-civakeke-ye\\\/\",\"url\":\"https:\\\/\\\/taje-shengal.com\\\/index.php\\\/2025\\\/12\\\/02\\\/jinen-ezidi-kustina-her-jinek-kustina-civakeke-ye\\\/\",\"name\":\"Jin\u00ean \u00eazid\u00ee: Ku\u015ftina her jinek ku\u015ftina civakek\u00ea ye - taje\",\"isPartOf\":{\"@id\":\"https:\\\/\\\/taje-shengal.com\\\/#website\"},\"primaryImageOfPage\":{\"@id\":\"https:\\\/\\\/taje-shengal.com\\\/index.php\\\/2025\\\/12\\\/02\\\/jinen-ezidi-kustina-her-jinek-kustina-civakeke-ye\\\/#primaryimage\"},\"image\":{\"@id\":\"https:\\\/\\\/taje-shengal.com\\\/index.php\\\/2025\\\/12\\\/02\\\/jinen-ezidi-kustina-her-jinek-kustina-civakeke-ye\\\/#primaryimage\"},\"thumbnailUrl\":\"https:\\\/\\\/taje-shengal.com\\\/wp-content\\\/uploads\\\/2025\\\/12\\\/Sequence-01.00_11_55_00.Still007.png\",\"datePublished\":\"2025-12-02T06:34:24+00:00\",\"dateModified\":\"2025-12-02T07:54:31+00:00\",\"author\":{\"@id\":\"https:\\\/\\\/taje-shengal.com\\\/#\\\/schema\\\/person\\\/6b255472677a92d4ee1755822fa3c622\"},\"breadcrumb\":{\"@id\":\"https:\\\/\\\/taje-shengal.com\\\/index.php\\\/2025\\\/12\\\/02\\\/jinen-ezidi-kustina-her-jinek-kustina-civakeke-ye\\\/#breadcrumb\"},\"inLanguage\":\"en-US\",\"potentialAction\":[{\"@type\":\"ReadAction\",\"target\":[\"https:\\\/\\\/taje-shengal.com\\\/index.php\\\/2025\\\/12\\\/02\\\/jinen-ezidi-kustina-her-jinek-kustina-civakeke-ye\\\/\"]}]},{\"@type\":\"ImageObject\",\"inLanguage\":\"en-US\",\"@id\":\"https:\\\/\\\/taje-shengal.com\\\/index.php\\\/2025\\\/12\\\/02\\\/jinen-ezidi-kustina-her-jinek-kustina-civakeke-ye\\\/#primaryimage\",\"url\":\"https:\\\/\\\/taje-shengal.com\\\/wp-content\\\/uploads\\\/2025\\\/12\\\/Sequence-01.00_11_55_00.Still007.png\",\"contentUrl\":\"https:\\\/\\\/taje-shengal.com\\\/wp-content\\\/uploads\\\/2025\\\/12\\\/Sequence-01.00_11_55_00.Still007.png\",\"width\":1920,\"height\":1080},{\"@type\":\"BreadcrumbList\",\"@id\":\"https:\\\/\\\/taje-shengal.com\\\/index.php\\\/2025\\\/12\\\/02\\\/jinen-ezidi-kustina-her-jinek-kustina-civakeke-ye\\\/#breadcrumb\",\"itemListElement\":[{\"@type\":\"ListItem\",\"position\":1,\"name\":\"Home\",\"item\":\"https:\\\/\\\/taje-shengal.com\\\/\"},{\"@type\":\"ListItem\",\"position\":2,\"name\":\"Jin\u00ean \u00eazid\u00ee: Ku\u015ftina her jinek ku\u015ftina civakek\u00ea ye\"}]},{\"@type\":\"WebSite\",\"@id\":\"https:\\\/\\\/taje-shengal.com\\\/#website\",\"url\":\"https:\\\/\\\/taje-shengal.com\\\/\",\"name\":\"taje\",\"description\":\"\",\"potentialAction\":[{\"@type\":\"SearchAction\",\"target\":{\"@type\":\"EntryPoint\",\"urlTemplate\":\"https:\\\/\\\/taje-shengal.com\\\/?s={search_term_string}\"},\"query-input\":{\"@type\":\"PropertyValueSpecification\",\"valueRequired\":true,\"valueName\":\"search_term_string\"}}],\"inLanguage\":\"en-US\"},{\"@type\":\"Person\",\"@id\":\"https:\\\/\\\/taje-shengal.com\\\/#\\\/schema\\\/person\\\/6b255472677a92d4ee1755822fa3c622\",\"name\":\"admin1\",\"image\":{\"@type\":\"ImageObject\",\"inLanguage\":\"en-US\",\"@id\":\"https:\\\/\\\/secure.gravatar.com\\\/avatar\\\/0e540f8fea35199ef5d34092bfe4dc9f46818bfa1eb17ec4b585b5c6a367f165?s=96&d=mm&r=g\",\"url\":\"https:\\\/\\\/secure.gravatar.com\\\/avatar\\\/0e540f8fea35199ef5d34092bfe4dc9f46818bfa1eb17ec4b585b5c6a367f165?s=96&d=mm&r=g\",\"contentUrl\":\"https:\\\/\\\/secure.gravatar.com\\\/avatar\\\/0e540f8fea35199ef5d34092bfe4dc9f46818bfa1eb17ec4b585b5c6a367f165?s=96&d=mm&r=g\",\"caption\":\"admin1\"},\"sameAs\":[\"www.facebook.com\\\/profile.php?id=61581205080900\"],\"url\":\"https:\\\/\\\/taje-shengal.com\\\/index.php\\\/author\\\/admin1\\\/\"}]}<\/script>\n<!-- \/ Yoast SEO plugin. -->","yoast_head_json":{"title":"Jin\u00ean \u00eazid\u00ee: Ku\u015ftina her jinek ku\u015ftina civakek\u00ea ye - taje","robots":{"index":"index","follow":"follow","max-snippet":"max-snippet:-1","max-image-preview":"max-image-preview:large","max-video-preview":"max-video-preview:-1"},"canonical":"https:\/\/taje-shengal.com\/index.php\/2025\/12\/02\/jinen-ezidi-kustina-her-jinek-kustina-civakeke-ye\/","og_locale":"en_US","og_type":"article","og_title":"Jin\u00ean \u00eazid\u00ee: Ku\u015ftina her jinek ku\u015ftina civakek\u00ea ye - taje","og_description":"Jin\u00ean \u00eazid\u00ee derbar\u00ea p\u00eangava \u2018Xwe nekuje, her xwe ku\u015ftinek fermanek e\u2019 ku p\u00ea\u015fengtiya Tevgera Azadiya Jin\u00ean \u00cazid\u00ee (TAJ\u00ca) hatib\u00fb destp\u00eakirin de ji malpera me re axiv\u00een. Jina bi nav\u00ea Wefa Feydel a ji Digur\u00ea ye destn\u00ee\u015fan kir ku bingeha pirsgir\u00ean esas\u00ee ya xweku\u015ftinan malbat e \u00fb ev nirxandin kir: \u201cGer ku pirsgir\u00eakek jin \u00fb zilam &hellip;","og_url":"https:\/\/taje-shengal.com\/index.php\/2025\/12\/02\/jinen-ezidi-kustina-her-jinek-kustina-civakeke-ye\/","og_site_name":"taje","article_author":"www.facebook.com\/profile.php?id=61581205080900","article_published_time":"2025-12-02T06:34:24+00:00","article_modified_time":"2025-12-02T07:54:31+00:00","og_image":[{"width":1920,"height":1080,"url":"https:\/\/taje-shengal.com\/wp-content\/uploads\/2025\/12\/Sequence-01.00_11_55_00.Still007.png","type":"image\/png"}],"author":"admin1","twitter_card":"summary_large_image","twitter_misc":{"Written by":"admin1","Est. reading time":"5 minutes"},"schema":{"@context":"https:\/\/schema.org","@graph":[{"@type":"Article","@id":"https:\/\/taje-shengal.com\/index.php\/2025\/12\/02\/jinen-ezidi-kustina-her-jinek-kustina-civakeke-ye\/#article","isPartOf":{"@id":"https:\/\/taje-shengal.com\/index.php\/2025\/12\/02\/jinen-ezidi-kustina-her-jinek-kustina-civakeke-ye\/"},"author":{"name":"admin1","@id":"https:\/\/taje-shengal.com\/#\/schema\/person\/6b255472677a92d4ee1755822fa3c622"},"headline":"Jin\u00ean \u00eazid\u00ee: Ku\u015ftina her jinek ku\u015ftina civakek\u00ea ye","datePublished":"2025-12-02T06:34:24+00:00","dateModified":"2025-12-02T07:54:31+00:00","mainEntityOfPage":{"@id":"https:\/\/taje-shengal.com\/index.php\/2025\/12\/02\/jinen-ezidi-kustina-her-jinek-kustina-civakeke-ye\/"},"wordCount":1122,"image":{"@id":"https:\/\/taje-shengal.com\/index.php\/2025\/12\/02\/jinen-ezidi-kustina-her-jinek-kustina-civakeke-ye\/#primaryimage"},"thumbnailUrl":"https:\/\/taje-shengal.com\/wp-content\/uploads\/2025\/12\/Sequence-01.00_11_55_00.Still007.png","articleSection":["Hevpeyv\u00een"],"inLanguage":"en-US"},{"@type":"WebPage","@id":"https:\/\/taje-shengal.com\/index.php\/2025\/12\/02\/jinen-ezidi-kustina-her-jinek-kustina-civakeke-ye\/","url":"https:\/\/taje-shengal.com\/index.php\/2025\/12\/02\/jinen-ezidi-kustina-her-jinek-kustina-civakeke-ye\/","name":"Jin\u00ean \u00eazid\u00ee: Ku\u015ftina her jinek ku\u015ftina civakek\u00ea ye - taje","isPartOf":{"@id":"https:\/\/taje-shengal.com\/#website"},"primaryImageOfPage":{"@id":"https:\/\/taje-shengal.com\/index.php\/2025\/12\/02\/jinen-ezidi-kustina-her-jinek-kustina-civakeke-ye\/#primaryimage"},"image":{"@id":"https:\/\/taje-shengal.com\/index.php\/2025\/12\/02\/jinen-ezidi-kustina-her-jinek-kustina-civakeke-ye\/#primaryimage"},"thumbnailUrl":"https:\/\/taje-shengal.com\/wp-content\/uploads\/2025\/12\/Sequence-01.00_11_55_00.Still007.png","datePublished":"2025-12-02T06:34:24+00:00","dateModified":"2025-12-02T07:54:31+00:00","author":{"@id":"https:\/\/taje-shengal.com\/#\/schema\/person\/6b255472677a92d4ee1755822fa3c622"},"breadcrumb":{"@id":"https:\/\/taje-shengal.com\/index.php\/2025\/12\/02\/jinen-ezidi-kustina-her-jinek-kustina-civakeke-ye\/#breadcrumb"},"inLanguage":"en-US","potentialAction":[{"@type":"ReadAction","target":["https:\/\/taje-shengal.com\/index.php\/2025\/12\/02\/jinen-ezidi-kustina-her-jinek-kustina-civakeke-ye\/"]}]},{"@type":"ImageObject","inLanguage":"en-US","@id":"https:\/\/taje-shengal.com\/index.php\/2025\/12\/02\/jinen-ezidi-kustina-her-jinek-kustina-civakeke-ye\/#primaryimage","url":"https:\/\/taje-shengal.com\/wp-content\/uploads\/2025\/12\/Sequence-01.00_11_55_00.Still007.png","contentUrl":"https:\/\/taje-shengal.com\/wp-content\/uploads\/2025\/12\/Sequence-01.00_11_55_00.Still007.png","width":1920,"height":1080},{"@type":"BreadcrumbList","@id":"https:\/\/taje-shengal.com\/index.php\/2025\/12\/02\/jinen-ezidi-kustina-her-jinek-kustina-civakeke-ye\/#breadcrumb","itemListElement":[{"@type":"ListItem","position":1,"name":"Home","item":"https:\/\/taje-shengal.com\/"},{"@type":"ListItem","position":2,"name":"Jin\u00ean \u00eazid\u00ee: Ku\u015ftina her jinek ku\u015ftina civakek\u00ea ye"}]},{"@type":"WebSite","@id":"https:\/\/taje-shengal.com\/#website","url":"https:\/\/taje-shengal.com\/","name":"taje","description":"","potentialAction":[{"@type":"SearchAction","target":{"@type":"EntryPoint","urlTemplate":"https:\/\/taje-shengal.com\/?s={search_term_string}"},"query-input":{"@type":"PropertyValueSpecification","valueRequired":true,"valueName":"search_term_string"}}],"inLanguage":"en-US"},{"@type":"Person","@id":"https:\/\/taje-shengal.com\/#\/schema\/person\/6b255472677a92d4ee1755822fa3c622","name":"admin1","image":{"@type":"ImageObject","inLanguage":"en-US","@id":"https:\/\/secure.gravatar.com\/avatar\/0e540f8fea35199ef5d34092bfe4dc9f46818bfa1eb17ec4b585b5c6a367f165?s=96&d=mm&r=g","url":"https:\/\/secure.gravatar.com\/avatar\/0e540f8fea35199ef5d34092bfe4dc9f46818bfa1eb17ec4b585b5c6a367f165?s=96&d=mm&r=g","contentUrl":"https:\/\/secure.gravatar.com\/avatar\/0e540f8fea35199ef5d34092bfe4dc9f46818bfa1eb17ec4b585b5c6a367f165?s=96&d=mm&r=g","caption":"admin1"},"sameAs":["www.facebook.com\/profile.php?id=61581205080900"],"url":"https:\/\/taje-shengal.com\/index.php\/author\/admin1\/"}]}},"_links":{"self":[{"href":"https:\/\/taje-shengal.com\/index.php\/wp-json\/wp\/v2\/posts\/3431","targetHints":{"allow":["GET"]}}],"collection":[{"href":"https:\/\/taje-shengal.com\/index.php\/wp-json\/wp\/v2\/posts"}],"about":[{"href":"https:\/\/taje-shengal.com\/index.php\/wp-json\/wp\/v2\/types\/post"}],"author":[{"embeddable":true,"href":"https:\/\/taje-shengal.com\/index.php\/wp-json\/wp\/v2\/users\/2"}],"replies":[{"embeddable":true,"href":"https:\/\/taje-shengal.com\/index.php\/wp-json\/wp\/v2\/comments?post=3431"}],"version-history":[{"count":3,"href":"https:\/\/taje-shengal.com\/index.php\/wp-json\/wp\/v2\/posts\/3431\/revisions"}],"predecessor-version":[{"id":3441,"href":"https:\/\/taje-shengal.com\/index.php\/wp-json\/wp\/v2\/posts\/3431\/revisions\/3441"}],"wp:featuredmedia":[{"embeddable":true,"href":"https:\/\/taje-shengal.com\/index.php\/wp-json\/wp\/v2\/media\/3439"}],"wp:attachment":[{"href":"https:\/\/taje-shengal.com\/index.php\/wp-json\/wp\/v2\/media?parent=3431"}],"wp:term":[{"taxonomy":"category","embeddable":true,"href":"https:\/\/taje-shengal.com\/index.php\/wp-json\/wp\/v2\/categories?post=3431"},{"taxonomy":"post_tag","embeddable":true,"href":"https:\/\/taje-shengal.com\/index.php\/wp-json\/wp\/v2\/tags?post=3431"}],"curies":[{"name":"wp","href":"https:\/\/api.w.org\/{rel}","templated":true}]}}